{"id":7725,"date":"2024-05-14T17:01:04","date_gmt":"2024-05-14T15:01:04","guid":{"rendered":"https:\/\/voyagesimpressionnistes.com\/?p=7725"},"modified":"2024-08-27T15:30:30","modified_gmt":"2024-08-27T13:30:30","slug":"voyage-sensoriel-au-fil-de-leau","status":"publish","type":"post","link":"https:\/\/voyagesimpressionnistes.com\/en\/rouen-the-seine-meanders\/voyage-sensoriel-au-fil-de-leau\/","title":{"rendered":"Voyage sensoriel au fil de l&#8217;eau"},"content":{"rendered":"<p>Cette escapade invite \u00e0 partir en voyage sensoriel au fil des boucles de la Seine et \u00e0 participer \u00e0 l&#8217;\u00e9laboration d&#8217;un carnet de voyage collectif. Une mani\u00e8re d&#8217;\u00eatre acteur de sa visite pour poser un nouveau regard sur les paysages qu&#8217;ont connus les Impressionnistes.<\/p>\n<p>Accompagn\u00e9s d&#8217;un guide, les participants d\u00e9couvrent les patrimoines de la vall\u00e9e de la Seine, entre Rouen et Le Havre, en passant par <a href=\"https:\/\/voyagesimpressionnistes.com\/en\/rouen-the-seine-meanders\/la-bouille\/\">La Bouille<\/a>, Arelaune-en-Seine, Villequier et Quillebeuf-sur-Seine.<\/p>\n<p>Un voyage r\u00e9el et imaginaire gr\u00e2ce aux diff\u00e9rentes pratiques artistiques. Un voyage int\u00e9rieur permettant de transmettre des \u00e9motions. Deux rendez-vous sont pr\u00e9vus \u00e0 chacune des six \u00e9tapes : une visite sensorielle sur les patrimoines et une randonn&#8217;\u00e9criture avec activit\u00e9s artistiques (land-art, collage, photo) pour agr\u00e9menter le futur carnet de voyage. Explorer, s&#8217;immerger et apprendre avec toutes ses intelligences, voil\u00e0 ce qu&#8217;apporte ce projet au public, tout en valorisant nos patrimoines.<\/p>\n<p>La participation \u00e0 un voyage sensoriel au fil de l&#8217;eau est sur r\u00e9servation obligatoire, aux dates et lieux suivants :<\/p>\n<ul>\n<li>Arelaune-en-Seine : le 11 mai de 17h30 \u00e0 19h30, et le 17 juillet de 14h30 \u00e0 16h30,<\/li>\n<li>La Bouille : les 12 juin et 7 ao\u00fbt, de 14h30 \u00e0 16h30,<\/li>\n<li>Le Havre : les 25 mai et 10 ao\u00fbt, de 14h30 \u00e0 16h30,<\/li>\n<li>Quillebeuf-sur-Seine : les 24 avril et 21 juillet, de 14h30 \u00e0 16h30,<\/li>\n<li>Rives-en-Seine : les 31 mars et 26 avril, de 14h30 \u00e0 16h30,<\/li>\n<li>Rouen : les 17 avril et 15 juillet, de 14h30 \u00e0 16h30.<\/li>\n<\/ul>\n<p>Ces visites ont lieu dans le cadre du <a href=\"https:\/\/voyagesimpressionnistes.com\/en\/giverny-its-surroundings\/festival-normandie-impressionniste-2024\/\">Festival Normandie Impressionniste 2024<\/a>.<\/p>\n","protected":false},"excerpt":{"rendered":"<p>Cette escapade invite \u00e0 partir en voyage sensoriel au fil  [&#8230;]<\/p>\n","protected":false},"author":2,"featured_media":9895,"comment_status":"closed","ping_status":"closed","sticky":false,"template":"","format":"standard","meta":{"_acf_changed":false,"inline_featured_image":false,"_jetpack_memberships_contains_paid_content":false,"footnotes":""},"categories":[88,84],"slider_une":[],"regions":[133],"coups_coeur":[],"inspiration-type":[],"label":[141,143],"categories-agenda":[176],"class_list":["post-7725","post","type-post","status-publish","format-standard","has-post-thumbnail","hentry","category-rouen-the-seine-meanders","category-seine-estuary","tag-diary","regions-normandy","label-150-years","label-normandie-impressionniste-en","categories-agenda-guided-tour-workshop"],"acf":[],"yoast_head":"<!-- This site is optimized with the Yoast SEO plugin v26.3 - https:\/\/yoast.com\/wordpress\/plugins\/seo\/ -->\n<title>Voyage sensoriel au fil de l&#039;eau - Impressionist adventures<\/title>\n<meta name=\"description\" content=\"\u00c9vadez-vous avec un Voyage sensoriel au fil de l&#039;eau, entre Rouen et Le Havre, avec une visite atelier propos\u00e9e dans le cadre du FNI 2024.\" \/>\n<meta name=\"robots\" content=\"index, follow, max-snippet:-1, max-image-preview:large, max-video-preview:-1\" \/>\n<link rel=\"canonical\" href=\"https:\/\/voyagesimpressionnistes.com\/en\/rouen-the-seine-meanders\/voyage-sensoriel-au-fil-de-leau\/\" \/>\n<meta property=\"og:locale\" content=\"en_US\" \/>\n<meta property=\"og:type\" content=\"article\" \/>\n<meta property=\"og:title\" content=\"Voyage sensoriel au fil de l&#039;eau - Impressionist adventures\" \/>\n<meta property=\"og:description\" content=\"\u00c9vadez-vous avec un Voyage sensoriel au fil de l&#039;eau, entre Rouen et Le Havre, avec une visite atelier propos\u00e9e dans le cadre du FNI 2024.\" \/>\n<meta property=\"og:url\" content=\"https:\/\/voyagesimpressionnistes.com\/en\/rouen-the-seine-meanders\/voyage-sensoriel-au-fil-de-leau\/\" \/>\n<meta property=\"og:site_name\" content=\"Impressionist adventures\" \/>\n<meta property=\"article:publisher\" content=\"https:\/\/www.facebook.com\/LesVoyagesImpressionnistes\/\" \/>\n<meta property=\"article:published_time\" content=\"2024-05-14T15:01:04+00:00\" \/>\n<meta property=\"article:modified_time\" content=\"2024-08-27T13:30:30+00:00\" \/>\n<meta property=\"og:image\" content=\"https:\/\/voyagesimpressionnistes.com\/wp-content\/uploads\/2024\/02\/voyage-sensoriel-au-fil-de-l-eau.jpg\" \/>\n\t<meta property=\"og:image:width\" content=\"800\" \/>\n\t<meta property=\"og:image:height\" content=\"533\" \/>\n\t<meta property=\"og:image:type\" content=\"image\/jpeg\" \/>\n<meta name=\"author\" content=\"Phane\" \/>\n<meta name=\"twitter:card\" content=\"summary_large_image\" \/>\n<meta name=\"twitter:label1\" content=\"Written by\" \/>\n\t<meta name=\"twitter:data1\" content=\"Phane\" \/>\n\t<meta name=\"twitter:label2\" content=\"Est. reading time\" \/>\n\t<meta name=\"twitter:data2\" content=\"1 minute\" \/>\n<script type=\"application\/ld+json\" class=\"yoast-schema-graph\">{\"@context\":\"https:\/\/schema.org\",\"@graph\":[{\"@type\":[\"Article\",\"BlogPosting\"],\"@id\":\"https:\/\/voyagesimpressionnistes.com\/en\/rouen-the-seine-meanders\/voyage-sensoriel-au-fil-de-leau\/#article\",\"isPartOf\":{\"@id\":\"https:\/\/voyagesimpressionnistes.com\/en\/rouen-the-seine-meanders\/voyage-sensoriel-au-fil-de-leau\/\"},\"author\":{\"name\":\"Phane\",\"@id\":\"https:\/\/voyagesimpressionnistes.com\/en\/#\/schema\/person\/78c37c19aa7ae1bd6f4902f296c80e5f\"},\"headline\":\"Voyage sensoriel au fil de l&#8217;eau\",\"datePublished\":\"2024-05-14T15:01:04+00:00\",\"dateModified\":\"2024-08-27T13:30:30+00:00\",\"mainEntityOfPage\":{\"@id\":\"https:\/\/voyagesimpressionnistes.com\/en\/rouen-the-seine-meanders\/voyage-sensoriel-au-fil-de-leau\/\"},\"wordCount\":250,\"publisher\":{\"@id\":\"https:\/\/voyagesimpressionnistes.com\/en\/#organization\"},\"image\":{\"@id\":\"https:\/\/voyagesimpressionnistes.com\/en\/rouen-the-seine-meanders\/voyage-sensoriel-au-fil-de-leau\/#primaryimage\"},\"thumbnailUrl\":\"https:\/\/voyagesimpressionnistes.com\/wp-content\/uploads\/2024\/02\/voyage-sensoriel-au-fil-de-l-eau.jpg\",\"keywords\":[\"Diary\"],\"articleSection\":[\"Rouen &amp; the Seine\u2019s meanders\",\"The Seine Estuary\"],\"inLanguage\":\"en-US\"},{\"@type\":\"WebPage\",\"@id\":\"https:\/\/voyagesimpressionnistes.com\/en\/rouen-the-seine-meanders\/voyage-sensoriel-au-fil-de-leau\/\",\"url\":\"https:\/\/voyagesimpressionnistes.com\/en\/rouen-the-seine-meanders\/voyage-sensoriel-au-fil-de-leau\/\",\"name\":\"Voyage sensoriel au fil de l'eau - Impressionist adventures\",\"isPartOf\":{\"@id\":\"https:\/\/voyagesimpressionnistes.com\/en\/#website\"},\"primaryImageOfPage\":{\"@id\":\"https:\/\/voyagesimpressionnistes.com\/en\/rouen-the-seine-meanders\/voyage-sensoriel-au-fil-de-leau\/#primaryimage\"},\"image\":{\"@id\":\"https:\/\/voyagesimpressionnistes.com\/en\/rouen-the-seine-meanders\/voyage-sensoriel-au-fil-de-leau\/#primaryimage\"},\"thumbnailUrl\":\"https:\/\/voyagesimpressionnistes.com\/wp-content\/uploads\/2024\/02\/voyage-sensoriel-au-fil-de-l-eau.jpg\",\"datePublished\":\"2024-05-14T15:01:04+00:00\",\"dateModified\":\"2024-08-27T13:30:30+00:00\",\"description\":\"\u00c9vadez-vous avec un Voyage sensoriel au fil de l'eau, entre Rouen et Le Havre, avec une visite atelier propos\u00e9e dans le cadre du FNI 2024.\",\"breadcrumb\":{\"@id\":\"https:\/\/voyagesimpressionnistes.com\/en\/rouen-the-seine-meanders\/voyage-sensoriel-au-fil-de-leau\/#breadcrumb\"},\"inLanguage\":\"en-US\",\"potentialAction\":[{\"@type\":\"ReadAction\",\"target\":[\"https:\/\/voyagesimpressionnistes.com\/en\/rouen-the-seine-meanders\/voyage-sensoriel-au-fil-de-leau\/\"]}]},{\"@type\":\"ImageObject\",\"inLanguage\":\"en-US\",\"@id\":\"https:\/\/voyagesimpressionnistes.com\/en\/rouen-the-seine-meanders\/voyage-sensoriel-au-fil-de-leau\/#primaryimage\",\"url\":\"https:\/\/voyagesimpressionnistes.com\/wp-content\/uploads\/2024\/02\/voyage-sensoriel-au-fil-de-l-eau.jpg\",\"contentUrl\":\"https:\/\/voyagesimpressionnistes.com\/wp-content\/uploads\/2024\/02\/voyage-sensoriel-au-fil-de-l-eau.jpg\",\"width\":800,\"height\":533,\"caption\":\"Voyage sensoriel au fil de l'eau\"},{\"@type\":\"BreadcrumbList\",\"@id\":\"https:\/\/voyagesimpressionnistes.com\/en\/rouen-the-seine-meanders\/voyage-sensoriel-au-fil-de-leau\/#breadcrumb\",\"itemListElement\":[{\"@type\":\"ListItem\",\"position\":1,\"name\":\"Rouen &amp; the Seine\u2019s meanders\",\"item\":\"https:\/\/voyagesimpressionnistes.com\/en\/rouen-the-seine-meanders\/\"},{\"@type\":\"ListItem\",\"position\":2,\"name\":\"Voyage sensoriel au fil de l&rsquo;eau\"}]},{\"@type\":\"WebSite\",\"@id\":\"https:\/\/voyagesimpressionnistes.com\/en\/#website\",\"url\":\"https:\/\/voyagesimpressionnistes.com\/en\/\",\"name\":\"Impressionist adventures\",\"description\":\"Inspiring moments\",\"publisher\":{\"@id\":\"https:\/\/voyagesimpressionnistes.com\/en\/#organization\"},\"potentialAction\":[{\"@type\":\"SearchAction\",\"target\":{\"@type\":\"EntryPoint\",\"urlTemplate\":\"https:\/\/voyagesimpressionnistes.com\/en\/?s={search_term_string}\"},\"query-input\":{\"@type\":\"PropertyValueSpecification\",\"valueRequired\":true,\"valueName\":\"search_term_string\"}}],\"inLanguage\":\"en-US\"},{\"@type\":\"Organization\",\"@id\":\"https:\/\/voyagesimpressionnistes.com\/en\/#organization\",\"name\":\"Voyages Impressionnistes\",\"url\":\"https:\/\/voyagesimpressionnistes.com\/en\/\",\"logo\":{\"@type\":\"ImageObject\",\"inLanguage\":\"en-US\",\"@id\":\"https:\/\/voyagesimpressionnistes.com\/en\/#\/schema\/logo\/image\/\",\"url\":\"https:\/\/voyagesimpressionnistes.com\/wp-content\/uploads\/2021\/06\/vi-logo-507x216-1.svg\",\"contentUrl\":\"https:\/\/voyagesimpressionnistes.com\/wp-content\/uploads\/2021\/06\/vi-logo-507x216-1.svg\",\"width\":507,\"height\":216,\"caption\":\"Voyages Impressionnistes\"},\"image\":{\"@id\":\"https:\/\/voyagesimpressionnistes.com\/en\/#\/schema\/logo\/image\/\"},\"sameAs\":[\"https:\/\/www.facebook.com\/LesVoyagesImpressionnistes\/\"]},{\"@type\":\"Person\",\"@id\":\"https:\/\/voyagesimpressionnistes.com\/en\/#\/schema\/person\/78c37c19aa7ae1bd6f4902f296c80e5f\",\"name\":\"Phane\",\"image\":{\"@type\":\"ImageObject\",\"inLanguage\":\"en-US\",\"@id\":\"https:\/\/voyagesimpressionnistes.com\/en\/#\/schema\/person\/image\/\",\"url\":\"https:\/\/secure.gravatar.com\/avatar\/ea705fa375f21b62a2facac16bc19ee8d664629e3399a374a188d355bc5d00b9?s=96&d=mm&r=g\",\"contentUrl\":\"https:\/\/secure.gravatar.com\/avatar\/ea705fa375f21b62a2facac16bc19ee8d664629e3399a374a188d355bc5d00b9?s=96&d=mm&r=g\",\"caption\":\"Phane\"}}]}<\/script>\n<!-- \/ Yoast SEO plugin. -->","yoast_head_json":{"title":"Voyage sensoriel au fil de l'eau - Impressionist adventures","description":"\u00c9vadez-vous avec un Voyage sensoriel au fil de l'eau, entre Rouen et Le Havre, avec une visite atelier propos\u00e9e dans le cadre du FNI 2024.","robots":{"index":"index","follow":"follow","max-snippet":"max-snippet:-1","max-image-preview":"max-image-preview:large","max-video-preview":"max-video-preview:-1"},"canonical":"https:\/\/voyagesimpressionnistes.com\/en\/rouen-the-seine-meanders\/voyage-sensoriel-au-fil-de-leau\/","og_locale":"en_US","og_type":"article","og_title":"Voyage sensoriel au fil de l'eau - Impressionist adventures","og_description":"\u00c9vadez-vous avec un Voyage sensoriel au fil de l'eau, entre Rouen et Le Havre, avec une visite atelier propos\u00e9e dans le cadre du FNI 2024.","og_url":"https:\/\/voyagesimpressionnistes.com\/en\/rouen-the-seine-meanders\/voyage-sensoriel-au-fil-de-leau\/","og_site_name":"Impressionist adventures","article_publisher":"https:\/\/www.facebook.com\/LesVoyagesImpressionnistes\/","article_published_time":"2024-05-14T15:01:04+00:00","article_modified_time":"2024-08-27T13:30:30+00:00","og_image":[{"width":800,"height":533,"url":"https:\/\/voyagesimpressionnistes.com\/wp-content\/uploads\/2024\/02\/voyage-sensoriel-au-fil-de-l-eau.jpg","type":"image\/jpeg"}],"author":"Phane","twitter_card":"summary_large_image","twitter_misc":{"Written by":"Phane","Est. reading time":"1 minute"},"schema":{"@context":"https:\/\/schema.org","@graph":[{"@type":["Article","BlogPosting"],"@id":"https:\/\/voyagesimpressionnistes.com\/en\/rouen-the-seine-meanders\/voyage-sensoriel-au-fil-de-leau\/#article","isPartOf":{"@id":"https:\/\/voyagesimpressionnistes.com\/en\/rouen-the-seine-meanders\/voyage-sensoriel-au-fil-de-leau\/"},"author":{"name":"Phane","@id":"https:\/\/voyagesimpressionnistes.com\/en\/#\/schema\/person\/78c37c19aa7ae1bd6f4902f296c80e5f"},"headline":"Voyage sensoriel au fil de l&#8217;eau","datePublished":"2024-05-14T15:01:04+00:00","dateModified":"2024-08-27T13:30:30+00:00","mainEntityOfPage":{"@id":"https:\/\/voyagesimpressionnistes.com\/en\/rouen-the-seine-meanders\/voyage-sensoriel-au-fil-de-leau\/"},"wordCount":250,"publisher":{"@id":"https:\/\/voyagesimpressionnistes.com\/en\/#organization"},"image":{"@id":"https:\/\/voyagesimpressionnistes.com\/en\/rouen-the-seine-meanders\/voyage-sensoriel-au-fil-de-leau\/#primaryimage"},"thumbnailUrl":"https:\/\/voyagesimpressionnistes.com\/wp-content\/uploads\/2024\/02\/voyage-sensoriel-au-fil-de-l-eau.jpg","keywords":["Diary"],"articleSection":["Rouen &amp; the Seine\u2019s meanders","The Seine Estuary"],"inLanguage":"en-US"},{"@type":"WebPage","@id":"https:\/\/voyagesimpressionnistes.com\/en\/rouen-the-seine-meanders\/voyage-sensoriel-au-fil-de-leau\/","url":"https:\/\/voyagesimpressionnistes.com\/en\/rouen-the-seine-meanders\/voyage-sensoriel-au-fil-de-leau\/","name":"Voyage sensoriel au fil de l'eau - Impressionist adventures","isPartOf":{"@id":"https:\/\/voyagesimpressionnistes.com\/en\/#website"},"primaryImageOfPage":{"@id":"https:\/\/voyagesimpressionnistes.com\/en\/rouen-the-seine-meanders\/voyage-sensoriel-au-fil-de-leau\/#primaryimage"},"image":{"@id":"https:\/\/voyagesimpressionnistes.com\/en\/rouen-the-seine-meanders\/voyage-sensoriel-au-fil-de-leau\/#primaryimage"},"thumbnailUrl":"https:\/\/voyagesimpressionnistes.com\/wp-content\/uploads\/2024\/02\/voyage-sensoriel-au-fil-de-l-eau.jpg","datePublished":"2024-05-14T15:01:04+00:00","dateModified":"2024-08-27T13:30:30+00:00","description":"\u00c9vadez-vous avec un Voyage sensoriel au fil de l'eau, entre Rouen et Le Havre, avec une visite atelier propos\u00e9e dans le cadre du FNI 2024.","breadcrumb":{"@id":"https:\/\/voyagesimpressionnistes.com\/en\/rouen-the-seine-meanders\/voyage-sensoriel-au-fil-de-leau\/#breadcrumb"},"inLanguage":"en-US","potentialAction":[{"@type":"ReadAction","target":["https:\/\/voyagesimpressionnistes.com\/en\/rouen-the-seine-meanders\/voyage-sensoriel-au-fil-de-leau\/"]}]},{"@type":"ImageObject","inLanguage":"en-US","@id":"https:\/\/voyagesimpressionnistes.com\/en\/rouen-the-seine-meanders\/voyage-sensoriel-au-fil-de-leau\/#primaryimage","url":"https:\/\/voyagesimpressionnistes.com\/wp-content\/uploads\/2024\/02\/voyage-sensoriel-au-fil-de-l-eau.jpg","contentUrl":"https:\/\/voyagesimpressionnistes.com\/wp-content\/uploads\/2024\/02\/voyage-sensoriel-au-fil-de-l-eau.jpg","width":800,"height":533,"caption":"Voyage sensoriel au fil de l'eau"},{"@type":"BreadcrumbList","@id":"https:\/\/voyagesimpressionnistes.com\/en\/rouen-the-seine-meanders\/voyage-sensoriel-au-fil-de-leau\/#breadcrumb","itemListElement":[{"@type":"ListItem","position":1,"name":"Rouen &amp; the Seine\u2019s meanders","item":"https:\/\/voyagesimpressionnistes.com\/en\/rouen-the-seine-meanders\/"},{"@type":"ListItem","position":2,"name":"Voyage sensoriel au fil de l&rsquo;eau"}]},{"@type":"WebSite","@id":"https:\/\/voyagesimpressionnistes.com\/en\/#website","url":"https:\/\/voyagesimpressionnistes.com\/en\/","name":"Impressionist adventures","description":"Inspiring moments","publisher":{"@id":"https:\/\/voyagesimpressionnistes.com\/en\/#organization"},"potentialAction":[{"@type":"SearchAction","target":{"@type":"EntryPoint","urlTemplate":"https:\/\/voyagesimpressionnistes.com\/en\/?s={search_term_string}"},"query-input":{"@type":"PropertyValueSpecification","valueRequired":true,"valueName":"search_term_string"}}],"inLanguage":"en-US"},{"@type":"Organization","@id":"https:\/\/voyagesimpressionnistes.com\/en\/#organization","name":"Voyages Impressionnistes","url":"https:\/\/voyagesimpressionnistes.com\/en\/","logo":{"@type":"ImageObject","inLanguage":"en-US","@id":"https:\/\/voyagesimpressionnistes.com\/en\/#\/schema\/logo\/image\/","url":"https:\/\/voyagesimpressionnistes.com\/wp-content\/uploads\/2021\/06\/vi-logo-507x216-1.svg","contentUrl":"https:\/\/voyagesimpressionnistes.com\/wp-content\/uploads\/2021\/06\/vi-logo-507x216-1.svg","width":507,"height":216,"caption":"Voyages Impressionnistes"},"image":{"@id":"https:\/\/voyagesimpressionnistes.com\/en\/#\/schema\/logo\/image\/"},"sameAs":["https:\/\/www.facebook.com\/LesVoyagesImpressionnistes\/"]},{"@type":"Person","@id":"https:\/\/voyagesimpressionnistes.com\/en\/#\/schema\/person\/78c37c19aa7ae1bd6f4902f296c80e5f","name":"Phane","image":{"@type":"ImageObject","inLanguage":"en-US","@id":"https:\/\/voyagesimpressionnistes.com\/en\/#\/schema\/person\/image\/","url":"https:\/\/secure.gravatar.com\/avatar\/ea705fa375f21b62a2facac16bc19ee8d664629e3399a374a188d355bc5d00b9?s=96&d=mm&r=g","contentUrl":"https:\/\/secure.gravatar.com\/avatar\/ea705fa375f21b62a2facac16bc19ee8d664629e3399a374a188d355bc5d00b9?s=96&d=mm&r=g","caption":"Phane"}}]}},"jetpack_featured_media_url":"https:\/\/voyagesimpressionnistes.com\/wp-content\/uploads\/2024\/02\/voyage-sensoriel-au-fil-de-l-eau.jpg","jetpack_sharing_enabled":true,"_links":{"self":[{"href":"https:\/\/voyagesimpressionnistes.com\/en\/wp-json\/wp\/v2\/posts\/7725","targetHints":{"allow":["GET"]}}],"collection":[{"href":"https:\/\/voyagesimpressionnistes.com\/en\/wp-json\/wp\/v2\/posts"}],"about":[{"href":"https:\/\/voyagesimpressionnistes.com\/en\/wp-json\/wp\/v2\/types\/post"}],"author":[{"embeddable":true,"href":"https:\/\/voyagesimpressionnistes.com\/en\/wp-json\/wp\/v2\/users\/2"}],"replies":[{"embeddable":true,"href":"https:\/\/voyagesimpressionnistes.com\/en\/wp-json\/wp\/v2\/comments?post=7725"}],"version-history":[{"count":5,"href":"https:\/\/voyagesimpressionnistes.com\/en\/wp-json\/wp\/v2\/posts\/7725\/revisions"}],"predecessor-version":[{"id":12852,"href":"https:\/\/voyagesimpressionnistes.com\/en\/wp-json\/wp\/v2\/posts\/7725\/revisions\/12852"}],"wp:featuredmedia":[{"embeddable":true,"href":"https:\/\/voyagesimpressionnistes.com\/en\/wp-json\/wp\/v2\/media\/9895"}],"wp:attachment":[{"href":"https:\/\/voyagesimpressionnistes.com\/en\/wp-json\/wp\/v2\/media?parent=7725"}],"wp:term":[{"taxonomy":"category","embeddable":true,"href":"https:\/\/voyagesimpressionnistes.com\/en\/wp-json\/wp\/v2\/categories?post=7725"},{"taxonomy":"slider_une","embeddable":true,"href":"https:\/\/voyagesimpressionnistes.com\/en\/wp-json\/wp\/v2\/slider_une?post=7725"},{"taxonomy":"regions","embeddable":true,"href":"https:\/\/voyagesimpressionnistes.com\/en\/wp-json\/wp\/v2\/regions?post=7725"},{"taxonomy":"coups_coeur","embeddable":true,"href":"https:\/\/voyagesimpressionnistes.com\/en\/wp-json\/wp\/v2\/coups_coeur?post=7725"},{"taxonomy":"inspiration-type","embeddable":true,"href":"https:\/\/voyagesimpressionnistes.com\/en\/wp-json\/wp\/v2\/inspiration-type?post=7725"},{"taxonomy":"label","embeddable":true,"href":"https:\/\/voyagesimpressionnistes.com\/en\/wp-json\/wp\/v2\/label?post=7725"},{"taxonomy":"categories-agenda","embeddable":true,"href":"https:\/\/voyagesimpressionnistes.com\/en\/wp-json\/wp\/v2\/categories-agenda?post=7725"}],"curies":[{"name":"wp","href":"https:\/\/api.w.org\/{rel}","templated":true}]}}