{"id":7734,"date":"2024-05-15T10:16:42","date_gmt":"2024-05-15T08:16:42","guid":{"rendered":"https:\/\/voyagesimpressionnistes.com\/?p=7734"},"modified":"2024-08-27T15:55:24","modified_gmt":"2024-08-27T13:55:24","slug":"tapisserie-au-fil-de-la-seine-atelier-collaboratif","status":"publish","type":"post","link":"https:\/\/voyagesimpressionnistes.com\/en\/rouen-the-seine-meanders\/tapisserie-au-fil-de-la-seine-atelier-collaboratif\/","title":{"rendered":"Tapisserie &#8220;Au fil de la Seine&#8221; &#8211; Atelier collaboratif"},"content":{"rendered":"<p>\u00c0 partir du 1<sup>er<\/sup> juin 2024, Cit\u00e9m\u00f4mes lance le d\u00e9fi de r\u00e9aliser une tapisserie collaborative d&#8217;un nouveau genre, qui raconte la Seine, motif privil\u00e9gi\u00e9 des peintres du plein air, dans un projet d&#8217;atelier collaboratif intitul\u00e9 <em>Au fil de la Seine<\/em>. Param\u00e8tre suppl\u00e9mentaire du challenge : l&#8217;\u0153uvre doit d\u00e9passer les 70 m\u00e8tres de long de la mythique tapisserie de Bayeux !<\/p>\n<p><em>Au fil de la Seine<\/em> consiste \u00e0 confectionner une grande tapisserie \u00e0 plusieurs mains, \u00e0 partir de b\u00e2ches de r\u00e9cup\u00e9ration r\u00e9colt\u00e9es aupr\u00e8s des organismes du territoire. Le tout, avec la participation de diff\u00e9rents publics : scolaires, p\u00e9ri-scolaires, EHPAD, collectivit\u00e9s et entreprises.<\/p>\n<p>Narrative, cette tapisserie racontera l&#8217;histoire de la Seine, son histoire, son lien au textile qui s&#8217;est d\u00e9velopp\u00e9 sur ses rives apr\u00e8s la r\u00e9volution industrielle, son rapport \u00e0 la nature et la vie de ses riverains. Broderie et autres techniques seront utilis\u00e9es pour illustrer ce patrimoine qui prendra forme sous les doigts de centaines de contributeurs de 2024 \u00e0 2028.<\/p>\n<p>D\u00e9part de l\u2019aventure <em>Au fil de la Seine<\/em> avec le <a href=\"https:\/\/voyagesimpressionnistes.com\/en\/giverny-its-surroundings\/festival-normandie-impressionniste-2024\/\">Festival Normandie Impressionniste 2024<\/a> et premi\u00e8re escale \u00e0 Rouen !<\/p>\n","protected":false},"excerpt":{"rendered":"<p>\u00c0 partir du 1er juin 2024, Cit\u00e9m\u00f4mes lance le d\u00e9fi  [&#8230;]<\/p>\n","protected":false},"author":2,"featured_media":9918,"comment_status":"closed","ping_status":"closed","sticky":false,"template":"","format":"standard","meta":{"_acf_changed":false,"inline_featured_image":false,"_jetpack_memberships_contains_paid_content":false,"footnotes":""},"categories":[88],"slider_une":[],"regions":[133],"coups_coeur":[],"inspiration-type":[],"label":[141,143],"categories-agenda":[176],"class_list":["post-7734","post","type-post","status-publish","format-standard","has-post-thumbnail","hentry","category-rouen-the-seine-meanders","tag-diary","regions-normandy","label-150-years","label-normandie-impressionniste-en","categories-agenda-guided-tour-workshop"],"acf":[],"yoast_head":"<!-- This site is optimized with the Yoast SEO plugin v26.3 - https:\/\/yoast.com\/wordpress\/plugins\/seo\/ -->\n<title>Au fil de la Seine, atelier collaboratif - Impressionist adventures<\/title>\n<meta name=\"description\" content=\"D\u00e9couvrez le travail de l&#039;atelier collaboratif de tapisserie &quot;Au fil de la Seine&quot;, organis\u00e9 par Cit\u00e9m\u00f4mes, \u00e0 Rouen pour le FNI 2024.\" \/>\n<meta name=\"robots\" content=\"index, follow, max-snippet:-1, max-image-preview:large, max-video-preview:-1\" \/>\n<link rel=\"canonical\" href=\"https:\/\/voyagesimpressionnistes.com\/en\/rouen-the-seine-meanders\/tapisserie-au-fil-de-la-seine-atelier-collaboratif\/\" \/>\n<meta property=\"og:locale\" content=\"en_US\" \/>\n<meta property=\"og:type\" content=\"article\" \/>\n<meta property=\"og:title\" content=\"Au fil de la Seine, atelier collaboratif - Impressionist adventures\" \/>\n<meta property=\"og:description\" content=\"D\u00e9couvrez le travail de l&#039;atelier collaboratif de tapisserie &quot;Au fil de la Seine&quot;, organis\u00e9 par Cit\u00e9m\u00f4mes, \u00e0 Rouen pour le FNI 2024.\" \/>\n<meta property=\"og:url\" content=\"https:\/\/voyagesimpressionnistes.com\/en\/rouen-the-seine-meanders\/tapisserie-au-fil-de-la-seine-atelier-collaboratif\/\" \/>\n<meta property=\"og:site_name\" content=\"Impressionist adventures\" \/>\n<meta property=\"article:publisher\" content=\"https:\/\/www.facebook.com\/LesVoyagesImpressionnistes\/\" \/>\n<meta property=\"article:published_time\" content=\"2024-05-15T08:16:42+00:00\" \/>\n<meta property=\"article:modified_time\" content=\"2024-08-27T13:55:24+00:00\" \/>\n<meta property=\"og:image\" content=\"https:\/\/voyagesimpressionnistes.com\/wp-content\/uploads\/2024\/02\/au-fil-de-la-seine-atelier-collaboratif-tapisserie.jpeg\" \/>\n\t<meta property=\"og:image:width\" content=\"800\" \/>\n\t<meta property=\"og:image:height\" content=\"799\" \/>\n\t<meta property=\"og:image:type\" content=\"image\/jpeg\" \/>\n<meta name=\"author\" content=\"Phane\" \/>\n<meta name=\"twitter:card\" content=\"summary_large_image\" \/>\n<meta name=\"twitter:label1\" content=\"Written by\" \/>\n\t<meta name=\"twitter:data1\" content=\"Phane\" \/>\n\t<meta name=\"twitter:label2\" content=\"Est. reading time\" \/>\n\t<meta name=\"twitter:data2\" content=\"1 minute\" \/>\n<script type=\"application\/ld+json\" class=\"yoast-schema-graph\">{\"@context\":\"https:\/\/schema.org\",\"@graph\":[{\"@type\":[\"Article\",\"BlogPosting\"],\"@id\":\"https:\/\/voyagesimpressionnistes.com\/en\/rouen-the-seine-meanders\/tapisserie-au-fil-de-la-seine-atelier-collaboratif\/#article\",\"isPartOf\":{\"@id\":\"https:\/\/voyagesimpressionnistes.com\/en\/rouen-the-seine-meanders\/tapisserie-au-fil-de-la-seine-atelier-collaboratif\/\"},\"author\":{\"name\":\"Phane\",\"@id\":\"https:\/\/voyagesimpressionnistes.com\/en\/#\/schema\/person\/78c37c19aa7ae1bd6f4902f296c80e5f\"},\"headline\":\"Tapisserie &#8220;Au fil de la Seine&#8221; &#8211; Atelier collaboratif\",\"datePublished\":\"2024-05-15T08:16:42+00:00\",\"dateModified\":\"2024-08-27T13:55:24+00:00\",\"mainEntityOfPage\":{\"@id\":\"https:\/\/voyagesimpressionnistes.com\/en\/rouen-the-seine-meanders\/tapisserie-au-fil-de-la-seine-atelier-collaboratif\/\"},\"wordCount\":203,\"publisher\":{\"@id\":\"https:\/\/voyagesimpressionnistes.com\/en\/#organization\"},\"image\":{\"@id\":\"https:\/\/voyagesimpressionnistes.com\/en\/rouen-the-seine-meanders\/tapisserie-au-fil-de-la-seine-atelier-collaboratif\/#primaryimage\"},\"thumbnailUrl\":\"https:\/\/voyagesimpressionnistes.com\/wp-content\/uploads\/2024\/02\/au-fil-de-la-seine-atelier-collaboratif-tapisserie.jpeg\",\"keywords\":[\"Diary\"],\"articleSection\":[\"Rouen &amp; the Seine\u2019s meanders\"],\"inLanguage\":\"en-US\"},{\"@type\":\"WebPage\",\"@id\":\"https:\/\/voyagesimpressionnistes.com\/en\/rouen-the-seine-meanders\/tapisserie-au-fil-de-la-seine-atelier-collaboratif\/\",\"url\":\"https:\/\/voyagesimpressionnistes.com\/en\/rouen-the-seine-meanders\/tapisserie-au-fil-de-la-seine-atelier-collaboratif\/\",\"name\":\"Au fil de la Seine, atelier collaboratif - Impressionist adventures\",\"isPartOf\":{\"@id\":\"https:\/\/voyagesimpressionnistes.com\/en\/#website\"},\"primaryImageOfPage\":{\"@id\":\"https:\/\/voyagesimpressionnistes.com\/en\/rouen-the-seine-meanders\/tapisserie-au-fil-de-la-seine-atelier-collaboratif\/#primaryimage\"},\"image\":{\"@id\":\"https:\/\/voyagesimpressionnistes.com\/en\/rouen-the-seine-meanders\/tapisserie-au-fil-de-la-seine-atelier-collaboratif\/#primaryimage\"},\"thumbnailUrl\":\"https:\/\/voyagesimpressionnistes.com\/wp-content\/uploads\/2024\/02\/au-fil-de-la-seine-atelier-collaboratif-tapisserie.jpeg\",\"datePublished\":\"2024-05-15T08:16:42+00:00\",\"dateModified\":\"2024-08-27T13:55:24+00:00\",\"description\":\"D\u00e9couvrez le travail de l'atelier collaboratif de tapisserie \\\"Au fil de la Seine\\\", organis\u00e9 par Cit\u00e9m\u00f4mes, \u00e0 Rouen pour le FNI 2024.\",\"breadcrumb\":{\"@id\":\"https:\/\/voyagesimpressionnistes.com\/en\/rouen-the-seine-meanders\/tapisserie-au-fil-de-la-seine-atelier-collaboratif\/#breadcrumb\"},\"inLanguage\":\"en-US\",\"potentialAction\":[{\"@type\":\"ReadAction\",\"target\":[\"https:\/\/voyagesimpressionnistes.com\/en\/rouen-the-seine-meanders\/tapisserie-au-fil-de-la-seine-atelier-collaboratif\/\"]}]},{\"@type\":\"ImageObject\",\"inLanguage\":\"en-US\",\"@id\":\"https:\/\/voyagesimpressionnistes.com\/en\/rouen-the-seine-meanders\/tapisserie-au-fil-de-la-seine-atelier-collaboratif\/#primaryimage\",\"url\":\"https:\/\/voyagesimpressionnistes.com\/wp-content\/uploads\/2024\/02\/au-fil-de-la-seine-atelier-collaboratif-tapisserie.jpeg\",\"contentUrl\":\"https:\/\/voyagesimpressionnistes.com\/wp-content\/uploads\/2024\/02\/au-fil-de-la-seine-atelier-collaboratif-tapisserie.jpeg\",\"width\":800,\"height\":799,\"caption\":\"Tapisserie Au fil de la Seine, atelier collaboratif par Cit\u00e9m\u00f4mes\"},{\"@type\":\"BreadcrumbList\",\"@id\":\"https:\/\/voyagesimpressionnistes.com\/en\/rouen-the-seine-meanders\/tapisserie-au-fil-de-la-seine-atelier-collaboratif\/#breadcrumb\",\"itemListElement\":[{\"@type\":\"ListItem\",\"position\":1,\"name\":\"Rouen &amp; the Seine\u2019s meanders\",\"item\":\"https:\/\/voyagesimpressionnistes.com\/en\/rouen-the-seine-meanders\/\"},{\"@type\":\"ListItem\",\"position\":2,\"name\":\"Tapisserie \u00ab\u00a0Au fil de la Seine\u00a0\u00bb &#8211; Atelier collaboratif\"}]},{\"@type\":\"WebSite\",\"@id\":\"https:\/\/voyagesimpressionnistes.com\/en\/#website\",\"url\":\"https:\/\/voyagesimpressionnistes.com\/en\/\",\"name\":\"Impressionist adventures\",\"description\":\"Inspiring moments\",\"publisher\":{\"@id\":\"https:\/\/voyagesimpressionnistes.com\/en\/#organization\"},\"potentialAction\":[{\"@type\":\"SearchAction\",\"target\":{\"@type\":\"EntryPoint\",\"urlTemplate\":\"https:\/\/voyagesimpressionnistes.com\/en\/?s={search_term_string}\"},\"query-input\":{\"@type\":\"PropertyValueSpecification\",\"valueRequired\":true,\"valueName\":\"search_term_string\"}}],\"inLanguage\":\"en-US\"},{\"@type\":\"Organization\",\"@id\":\"https:\/\/voyagesimpressionnistes.com\/en\/#organization\",\"name\":\"Voyages Impressionnistes\",\"url\":\"https:\/\/voyagesimpressionnistes.com\/en\/\",\"logo\":{\"@type\":\"ImageObject\",\"inLanguage\":\"en-US\",\"@id\":\"https:\/\/voyagesimpressionnistes.com\/en\/#\/schema\/logo\/image\/\",\"url\":\"https:\/\/voyagesimpressionnistes.com\/wp-content\/uploads\/2021\/06\/vi-logo-507x216-1.svg\",\"contentUrl\":\"https:\/\/voyagesimpressionnistes.com\/wp-content\/uploads\/2021\/06\/vi-logo-507x216-1.svg\",\"width\":507,\"height\":216,\"caption\":\"Voyages Impressionnistes\"},\"image\":{\"@id\":\"https:\/\/voyagesimpressionnistes.com\/en\/#\/schema\/logo\/image\/\"},\"sameAs\":[\"https:\/\/www.facebook.com\/LesVoyagesImpressionnistes\/\"]},{\"@type\":\"Person\",\"@id\":\"https:\/\/voyagesimpressionnistes.com\/en\/#\/schema\/person\/78c37c19aa7ae1bd6f4902f296c80e5f\",\"name\":\"Phane\",\"image\":{\"@type\":\"ImageObject\",\"inLanguage\":\"en-US\",\"@id\":\"https:\/\/voyagesimpressionnistes.com\/en\/#\/schema\/person\/image\/\",\"url\":\"https:\/\/secure.gravatar.com\/avatar\/ea705fa375f21b62a2facac16bc19ee8d664629e3399a374a188d355bc5d00b9?s=96&d=mm&r=g\",\"contentUrl\":\"https:\/\/secure.gravatar.com\/avatar\/ea705fa375f21b62a2facac16bc19ee8d664629e3399a374a188d355bc5d00b9?s=96&d=mm&r=g\",\"caption\":\"Phane\"}}]}<\/script>\n<!-- \/ Yoast SEO plugin. -->","yoast_head_json":{"title":"Au fil de la Seine, atelier collaboratif - Impressionist adventures","description":"D\u00e9couvrez le travail de l'atelier collaboratif de tapisserie \"Au fil de la Seine\", organis\u00e9 par Cit\u00e9m\u00f4mes, \u00e0 Rouen pour le FNI 2024.","robots":{"index":"index","follow":"follow","max-snippet":"max-snippet:-1","max-image-preview":"max-image-preview:large","max-video-preview":"max-video-preview:-1"},"canonical":"https:\/\/voyagesimpressionnistes.com\/en\/rouen-the-seine-meanders\/tapisserie-au-fil-de-la-seine-atelier-collaboratif\/","og_locale":"en_US","og_type":"article","og_title":"Au fil de la Seine, atelier collaboratif - Impressionist adventures","og_description":"D\u00e9couvrez le travail de l'atelier collaboratif de tapisserie \"Au fil de la Seine\", organis\u00e9 par Cit\u00e9m\u00f4mes, \u00e0 Rouen pour le FNI 2024.","og_url":"https:\/\/voyagesimpressionnistes.com\/en\/rouen-the-seine-meanders\/tapisserie-au-fil-de-la-seine-atelier-collaboratif\/","og_site_name":"Impressionist adventures","article_publisher":"https:\/\/www.facebook.com\/LesVoyagesImpressionnistes\/","article_published_time":"2024-05-15T08:16:42+00:00","article_modified_time":"2024-08-27T13:55:24+00:00","og_image":[{"width":800,"height":799,"url":"https:\/\/voyagesimpressionnistes.com\/wp-content\/uploads\/2024\/02\/au-fil-de-la-seine-atelier-collaboratif-tapisserie.jpeg","type":"image\/jpeg"}],"author":"Phane","twitter_card":"summary_large_image","twitter_misc":{"Written by":"Phane","Est. reading time":"1 minute"},"schema":{"@context":"https:\/\/schema.org","@graph":[{"@type":["Article","BlogPosting"],"@id":"https:\/\/voyagesimpressionnistes.com\/en\/rouen-the-seine-meanders\/tapisserie-au-fil-de-la-seine-atelier-collaboratif\/#article","isPartOf":{"@id":"https:\/\/voyagesimpressionnistes.com\/en\/rouen-the-seine-meanders\/tapisserie-au-fil-de-la-seine-atelier-collaboratif\/"},"author":{"name":"Phane","@id":"https:\/\/voyagesimpressionnistes.com\/en\/#\/schema\/person\/78c37c19aa7ae1bd6f4902f296c80e5f"},"headline":"Tapisserie &#8220;Au fil de la Seine&#8221; &#8211; Atelier collaboratif","datePublished":"2024-05-15T08:16:42+00:00","dateModified":"2024-08-27T13:55:24+00:00","mainEntityOfPage":{"@id":"https:\/\/voyagesimpressionnistes.com\/en\/rouen-the-seine-meanders\/tapisserie-au-fil-de-la-seine-atelier-collaboratif\/"},"wordCount":203,"publisher":{"@id":"https:\/\/voyagesimpressionnistes.com\/en\/#organization"},"image":{"@id":"https:\/\/voyagesimpressionnistes.com\/en\/rouen-the-seine-meanders\/tapisserie-au-fil-de-la-seine-atelier-collaboratif\/#primaryimage"},"thumbnailUrl":"https:\/\/voyagesimpressionnistes.com\/wp-content\/uploads\/2024\/02\/au-fil-de-la-seine-atelier-collaboratif-tapisserie.jpeg","keywords":["Diary"],"articleSection":["Rouen &amp; the Seine\u2019s meanders"],"inLanguage":"en-US"},{"@type":"WebPage","@id":"https:\/\/voyagesimpressionnistes.com\/en\/rouen-the-seine-meanders\/tapisserie-au-fil-de-la-seine-atelier-collaboratif\/","url":"https:\/\/voyagesimpressionnistes.com\/en\/rouen-the-seine-meanders\/tapisserie-au-fil-de-la-seine-atelier-collaboratif\/","name":"Au fil de la Seine, atelier collaboratif - Impressionist adventures","isPartOf":{"@id":"https:\/\/voyagesimpressionnistes.com\/en\/#website"},"primaryImageOfPage":{"@id":"https:\/\/voyagesimpressionnistes.com\/en\/rouen-the-seine-meanders\/tapisserie-au-fil-de-la-seine-atelier-collaboratif\/#primaryimage"},"image":{"@id":"https:\/\/voyagesimpressionnistes.com\/en\/rouen-the-seine-meanders\/tapisserie-au-fil-de-la-seine-atelier-collaboratif\/#primaryimage"},"thumbnailUrl":"https:\/\/voyagesimpressionnistes.com\/wp-content\/uploads\/2024\/02\/au-fil-de-la-seine-atelier-collaboratif-tapisserie.jpeg","datePublished":"2024-05-15T08:16:42+00:00","dateModified":"2024-08-27T13:55:24+00:00","description":"D\u00e9couvrez le travail de l'atelier collaboratif de tapisserie \"Au fil de la Seine\", organis\u00e9 par Cit\u00e9m\u00f4mes, \u00e0 Rouen pour le FNI 2024.","breadcrumb":{"@id":"https:\/\/voyagesimpressionnistes.com\/en\/rouen-the-seine-meanders\/tapisserie-au-fil-de-la-seine-atelier-collaboratif\/#breadcrumb"},"inLanguage":"en-US","potentialAction":[{"@type":"ReadAction","target":["https:\/\/voyagesimpressionnistes.com\/en\/rouen-the-seine-meanders\/tapisserie-au-fil-de-la-seine-atelier-collaboratif\/"]}]},{"@type":"ImageObject","inLanguage":"en-US","@id":"https:\/\/voyagesimpressionnistes.com\/en\/rouen-the-seine-meanders\/tapisserie-au-fil-de-la-seine-atelier-collaboratif\/#primaryimage","url":"https:\/\/voyagesimpressionnistes.com\/wp-content\/uploads\/2024\/02\/au-fil-de-la-seine-atelier-collaboratif-tapisserie.jpeg","contentUrl":"https:\/\/voyagesimpressionnistes.com\/wp-content\/uploads\/2024\/02\/au-fil-de-la-seine-atelier-collaboratif-tapisserie.jpeg","width":800,"height":799,"caption":"Tapisserie Au fil de la Seine, atelier collaboratif par Cit\u00e9m\u00f4mes"},{"@type":"BreadcrumbList","@id":"https:\/\/voyagesimpressionnistes.com\/en\/rouen-the-seine-meanders\/tapisserie-au-fil-de-la-seine-atelier-collaboratif\/#breadcrumb","itemListElement":[{"@type":"ListItem","position":1,"name":"Rouen &amp; the Seine\u2019s meanders","item":"https:\/\/voyagesimpressionnistes.com\/en\/rouen-the-seine-meanders\/"},{"@type":"ListItem","position":2,"name":"Tapisserie \u00ab\u00a0Au fil de la Seine\u00a0\u00bb &#8211; Atelier collaboratif"}]},{"@type":"WebSite","@id":"https:\/\/voyagesimpressionnistes.com\/en\/#website","url":"https:\/\/voyagesimpressionnistes.com\/en\/","name":"Impressionist adventures","description":"Inspiring moments","publisher":{"@id":"https:\/\/voyagesimpressionnistes.com\/en\/#organization"},"potentialAction":[{"@type":"SearchAction","target":{"@type":"EntryPoint","urlTemplate":"https:\/\/voyagesimpressionnistes.com\/en\/?s={search_term_string}"},"query-input":{"@type":"PropertyValueSpecification","valueRequired":true,"valueName":"search_term_string"}}],"inLanguage":"en-US"},{"@type":"Organization","@id":"https:\/\/voyagesimpressionnistes.com\/en\/#organization","name":"Voyages Impressionnistes","url":"https:\/\/voyagesimpressionnistes.com\/en\/","logo":{"@type":"ImageObject","inLanguage":"en-US","@id":"https:\/\/voyagesimpressionnistes.com\/en\/#\/schema\/logo\/image\/","url":"https:\/\/voyagesimpressionnistes.com\/wp-content\/uploads\/2021\/06\/vi-logo-507x216-1.svg","contentUrl":"https:\/\/voyagesimpressionnistes.com\/wp-content\/uploads\/2021\/06\/vi-logo-507x216-1.svg","width":507,"height":216,"caption":"Voyages Impressionnistes"},"image":{"@id":"https:\/\/voyagesimpressionnistes.com\/en\/#\/schema\/logo\/image\/"},"sameAs":["https:\/\/www.facebook.com\/LesVoyagesImpressionnistes\/"]},{"@type":"Person","@id":"https:\/\/voyagesimpressionnistes.com\/en\/#\/schema\/person\/78c37c19aa7ae1bd6f4902f296c80e5f","name":"Phane","image":{"@type":"ImageObject","inLanguage":"en-US","@id":"https:\/\/voyagesimpressionnistes.com\/en\/#\/schema\/person\/image\/","url":"https:\/\/secure.gravatar.com\/avatar\/ea705fa375f21b62a2facac16bc19ee8d664629e3399a374a188d355bc5d00b9?s=96&d=mm&r=g","contentUrl":"https:\/\/secure.gravatar.com\/avatar\/ea705fa375f21b62a2facac16bc19ee8d664629e3399a374a188d355bc5d00b9?s=96&d=mm&r=g","caption":"Phane"}}]}},"jetpack_featured_media_url":"https:\/\/voyagesimpressionnistes.com\/wp-content\/uploads\/2024\/02\/au-fil-de-la-seine-atelier-collaboratif-tapisserie.jpeg","jetpack_sharing_enabled":true,"_links":{"self":[{"href":"https:\/\/voyagesimpressionnistes.com\/en\/wp-json\/wp\/v2\/posts\/7734","targetHints":{"allow":["GET"]}}],"collection":[{"href":"https:\/\/voyagesimpressionnistes.com\/en\/wp-json\/wp\/v2\/posts"}],"about":[{"href":"https:\/\/voyagesimpressionnistes.com\/en\/wp-json\/wp\/v2\/types\/post"}],"author":[{"embeddable":true,"href":"https:\/\/voyagesimpressionnistes.com\/en\/wp-json\/wp\/v2\/users\/2"}],"replies":[{"embeddable":true,"href":"https:\/\/voyagesimpressionnistes.com\/en\/wp-json\/wp\/v2\/comments?post=7734"}],"version-history":[{"count":4,"href":"https:\/\/voyagesimpressionnistes.com\/en\/wp-json\/wp\/v2\/posts\/7734\/revisions"}],"predecessor-version":[{"id":12864,"href":"https:\/\/voyagesimpressionnistes.com\/en\/wp-json\/wp\/v2\/posts\/7734\/revisions\/12864"}],"wp:featuredmedia":[{"embeddable":true,"href":"https:\/\/voyagesimpressionnistes.com\/en\/wp-json\/wp\/v2\/media\/9918"}],"wp:attachment":[{"href":"https:\/\/voyagesimpressionnistes.com\/en\/wp-json\/wp\/v2\/media?parent=7734"}],"wp:term":[{"taxonomy":"category","embeddable":true,"href":"https:\/\/voyagesimpressionnistes.com\/en\/wp-json\/wp\/v2\/categories?post=7734"},{"taxonomy":"slider_une","embeddable":true,"href":"https:\/\/voyagesimpressionnistes.com\/en\/wp-json\/wp\/v2\/slider_une?post=7734"},{"taxonomy":"regions","embeddable":true,"href":"https:\/\/voyagesimpressionnistes.com\/en\/wp-json\/wp\/v2\/regions?post=7734"},{"taxonomy":"coups_coeur","embeddable":true,"href":"https:\/\/voyagesimpressionnistes.com\/en\/wp-json\/wp\/v2\/coups_coeur?post=7734"},{"taxonomy":"inspiration-type","embeddable":true,"href":"https:\/\/voyagesimpressionnistes.com\/en\/wp-json\/wp\/v2\/inspiration-type?post=7734"},{"taxonomy":"label","embeddable":true,"href":"https:\/\/voyagesimpressionnistes.com\/en\/wp-json\/wp\/v2\/label?post=7734"},{"taxonomy":"categories-agenda","embeddable":true,"href":"https:\/\/voyagesimpressionnistes.com\/en\/wp-json\/wp\/v2\/categories-agenda?post=7734"}],"curies":[{"name":"wp","href":"https:\/\/api.w.org\/{rel}","templated":true}]}}