{"id":7749,"date":"2024-05-02T11:14:23","date_gmt":"2024-05-02T09:14:23","guid":{"rendered":"https:\/\/voyagesimpressionnistes.com\/?p=7749"},"modified":"2025-02-11T15:47:44","modified_gmt":"2025-02-11T14:47:44","slug":"visions-impressionnistes","status":"publish","type":"post","link":"https:\/\/voyagesimpressionnistes.com\/en\/rouen-the-seine-meanders\/visions-impressionnistes\/","title":{"rendered":"Visions impressionnistes"},"content":{"rendered":"<p>Pour le <a href=\"https:\/\/voyagesimpressionnistes.com\/en\/giverny-its-surroundings\/festival-normandie-impressionniste-2024\/\">Festival Normandie Impressionniste 2024<\/a>, le Photo-Club Rouennais organise une exposition au Jardin des Plantes de Rouen, du 6 au 14 mai 2024, intitul\u00e9e <em>Visions impressionnistes<\/em>.<\/p>\n<p>Le Photo-Club Rouennais, fond\u00e9 en 1891, est n\u00e9 \u00e0 la fin de la p\u00e9riode impressionniste. \u00c0 cette \u00e9poque, la photographie d\u00e9fend sa l\u00e9gitimit\u00e9 artistique et tente de trouver sa place parmi les Beaux-Arts. \u00c0 l&#8217;instar du Photo-Club de Paris, promoteur du mouvement pictorialiste, le Photo-Club Rouennais va exp\u00e9rimenter de nouveaux proc\u00e9d\u00e9s avec une approche artistique. Aujourd&#8217;hui, il regroupe toujours des amateurs d&#8217;arts qui ont suivi l&#8217;\u00e9volution de la technologie et des logiciels de traitements ouvrant la porte \u00e0 des pratiques innovantes.<\/p>\n<p>En opposition \u00e0 l&#8217;art acad\u00e9mique de leur temps, les Impressionnistes choisissent de rendre compte du caract\u00e8re \u00e9ph\u00e9m\u00e8re de la lumi\u00e8re par la juxtaposition des touches de couleur. Les appareils photos et outils num\u00e9riques actuels permettent de rendre cette touche particuli\u00e8re. Les techniques qui g\u00e9n\u00e8rent des &#8220;flous artistiques&#8221;, les expositions multiples, le soft focus et l&#8217;usage de logiciels de retouche sont particuli\u00e8rement appropri\u00e9s \u00e0 cette d\u00e9marche.<\/p>\n","protected":false},"excerpt":{"rendered":"<p>Pour le Festival Normandie Impressionniste 2024, le Photo-Club Rouennais organise  [&#8230;]<\/p>\n","protected":false},"author":2,"featured_media":9941,"comment_status":"closed","ping_status":"closed","sticky":false,"template":"","format":"standard","meta":{"_acf_changed":false,"inline_featured_image":false,"_jetpack_memberships_contains_paid_content":false,"footnotes":""},"categories":[88],"slider_une":[],"regions":[133],"coups_coeur":[],"inspiration-type":[],"label":[141,143],"categories-agenda":[175],"class_list":["post-7749","post","type-post","status-publish","format-standard","has-post-thumbnail","hentry","category-rouen-the-seine-meanders","tag-diary","regions-normandy","label-150-years","label-normandie-impressionniste-en","categories-agenda-contemporary-art-contemporain"],"acf":[],"yoast_head":"<!-- This site is optimized with the Yoast SEO plugin v26.3 - https:\/\/yoast.com\/wordpress\/plugins\/seo\/ -->\n<title>Visions impressionnistes - Impressionist adventures<\/title>\n<meta name=\"description\" content=\"D\u00e9couvrez l&#039;exposition &quot;Visions impressionnistes&quot; du Photo-Club Rouennais au Jardin des Plantes de Rouen dans le cadre du FNI 2024.\" \/>\n<meta name=\"robots\" content=\"index, follow, max-snippet:-1, max-image-preview:large, max-video-preview:-1\" \/>\n<link rel=\"canonical\" href=\"https:\/\/voyagesimpressionnistes.com\/en\/rouen-the-seine-meanders\/visions-impressionnistes\/\" \/>\n<meta property=\"og:locale\" content=\"en_US\" \/>\n<meta property=\"og:type\" content=\"article\" \/>\n<meta property=\"og:title\" content=\"Visions impressionnistes - Impressionist adventures\" \/>\n<meta property=\"og:description\" content=\"D\u00e9couvrez l&#039;exposition &quot;Visions impressionnistes&quot; du Photo-Club Rouennais au Jardin des Plantes de Rouen dans le cadre du FNI 2024.\" \/>\n<meta property=\"og:url\" content=\"https:\/\/voyagesimpressionnistes.com\/en\/rouen-the-seine-meanders\/visions-impressionnistes\/\" \/>\n<meta property=\"og:site_name\" content=\"Impressionist adventures\" \/>\n<meta property=\"article:publisher\" content=\"https:\/\/www.facebook.com\/LesVoyagesImpressionnistes\/\" \/>\n<meta property=\"article:published_time\" content=\"2024-05-02T09:14:23+00:00\" \/>\n<meta property=\"article:modified_time\" content=\"2025-02-11T14:47:44+00:00\" \/>\n<meta property=\"og:image\" content=\"https:\/\/voyagesimpressionnistes.com\/wp-content\/uploads\/2024\/02\/visions-impressionnistes.jpg\" \/>\n\t<meta property=\"og:image:width\" content=\"1715\" \/>\n\t<meta property=\"og:image:height\" content=\"2560\" \/>\n\t<meta property=\"og:image:type\" content=\"image\/jpeg\" \/>\n<meta name=\"author\" content=\"Phane\" \/>\n<meta name=\"twitter:card\" content=\"summary_large_image\" \/>\n<meta name=\"twitter:label1\" content=\"Written by\" \/>\n\t<meta name=\"twitter:data1\" content=\"Phane\" \/>\n\t<meta name=\"twitter:label2\" content=\"Est. reading time\" \/>\n\t<meta name=\"twitter:data2\" content=\"1 minute\" \/>\n<script type=\"application\/ld+json\" class=\"yoast-schema-graph\">{\"@context\":\"https:\/\/schema.org\",\"@graph\":[{\"@type\":[\"Article\",\"BlogPosting\"],\"@id\":\"https:\/\/voyagesimpressionnistes.com\/en\/rouen-the-seine-meanders\/visions-impressionnistes\/#article\",\"isPartOf\":{\"@id\":\"https:\/\/voyagesimpressionnistes.com\/en\/rouen-the-seine-meanders\/visions-impressionnistes\/\"},\"author\":{\"name\":\"Phane\",\"@id\":\"https:\/\/voyagesimpressionnistes.com\/en\/#\/schema\/person\/78c37c19aa7ae1bd6f4902f296c80e5f\"},\"headline\":\"Visions impressionnistes\",\"datePublished\":\"2024-05-02T09:14:23+00:00\",\"dateModified\":\"2025-02-11T14:47:44+00:00\",\"mainEntityOfPage\":{\"@id\":\"https:\/\/voyagesimpressionnistes.com\/en\/rouen-the-seine-meanders\/visions-impressionnistes\/\"},\"wordCount\":189,\"publisher\":{\"@id\":\"https:\/\/voyagesimpressionnistes.com\/en\/#organization\"},\"image\":{\"@id\":\"https:\/\/voyagesimpressionnistes.com\/en\/rouen-the-seine-meanders\/visions-impressionnistes\/#primaryimage\"},\"thumbnailUrl\":\"https:\/\/voyagesimpressionnistes.com\/wp-content\/uploads\/2024\/02\/visions-impressionnistes.jpg\",\"keywords\":[\"Diary\"],\"articleSection\":[\"Rouen &amp; the Seine\u2019s meanders\"],\"inLanguage\":\"en-US\"},{\"@type\":\"WebPage\",\"@id\":\"https:\/\/voyagesimpressionnistes.com\/en\/rouen-the-seine-meanders\/visions-impressionnistes\/\",\"url\":\"https:\/\/voyagesimpressionnistes.com\/en\/rouen-the-seine-meanders\/visions-impressionnistes\/\",\"name\":\"Visions impressionnistes - Impressionist adventures\",\"isPartOf\":{\"@id\":\"https:\/\/voyagesimpressionnistes.com\/en\/#website\"},\"primaryImageOfPage\":{\"@id\":\"https:\/\/voyagesimpressionnistes.com\/en\/rouen-the-seine-meanders\/visions-impressionnistes\/#primaryimage\"},\"image\":{\"@id\":\"https:\/\/voyagesimpressionnistes.com\/en\/rouen-the-seine-meanders\/visions-impressionnistes\/#primaryimage\"},\"thumbnailUrl\":\"https:\/\/voyagesimpressionnistes.com\/wp-content\/uploads\/2024\/02\/visions-impressionnistes.jpg\",\"datePublished\":\"2024-05-02T09:14:23+00:00\",\"dateModified\":\"2025-02-11T14:47:44+00:00\",\"description\":\"D\u00e9couvrez l'exposition \\\"Visions impressionnistes\\\" du Photo-Club Rouennais au Jardin des Plantes de Rouen dans le cadre du FNI 2024.\",\"breadcrumb\":{\"@id\":\"https:\/\/voyagesimpressionnistes.com\/en\/rouen-the-seine-meanders\/visions-impressionnistes\/#breadcrumb\"},\"inLanguage\":\"en-US\",\"potentialAction\":[{\"@type\":\"ReadAction\",\"target\":[\"https:\/\/voyagesimpressionnistes.com\/en\/rouen-the-seine-meanders\/visions-impressionnistes\/\"]}]},{\"@type\":\"ImageObject\",\"inLanguage\":\"en-US\",\"@id\":\"https:\/\/voyagesimpressionnistes.com\/en\/rouen-the-seine-meanders\/visions-impressionnistes\/#primaryimage\",\"url\":\"https:\/\/voyagesimpressionnistes.com\/wp-content\/uploads\/2024\/02\/visions-impressionnistes.jpg\",\"contentUrl\":\"https:\/\/voyagesimpressionnistes.com\/wp-content\/uploads\/2024\/02\/visions-impressionnistes.jpg\",\"width\":1715,\"height\":2560,\"caption\":\"Visions impressionnistes : affiche de l'exposition du Photo\"},{\"@type\":\"BreadcrumbList\",\"@id\":\"https:\/\/voyagesimpressionnistes.com\/en\/rouen-the-seine-meanders\/visions-impressionnistes\/#breadcrumb\",\"itemListElement\":[{\"@type\":\"ListItem\",\"position\":1,\"name\":\"Rouen &amp; the Seine\u2019s meanders\",\"item\":\"https:\/\/voyagesimpressionnistes.com\/en\/rouen-the-seine-meanders\/\"},{\"@type\":\"ListItem\",\"position\":2,\"name\":\"Visions impressionnistes\"}]},{\"@type\":\"WebSite\",\"@id\":\"https:\/\/voyagesimpressionnistes.com\/en\/#website\",\"url\":\"https:\/\/voyagesimpressionnistes.com\/en\/\",\"name\":\"Impressionist adventures\",\"description\":\"Inspiring moments\",\"publisher\":{\"@id\":\"https:\/\/voyagesimpressionnistes.com\/en\/#organization\"},\"potentialAction\":[{\"@type\":\"SearchAction\",\"target\":{\"@type\":\"EntryPoint\",\"urlTemplate\":\"https:\/\/voyagesimpressionnistes.com\/en\/?s={search_term_string}\"},\"query-input\":{\"@type\":\"PropertyValueSpecification\",\"valueRequired\":true,\"valueName\":\"search_term_string\"}}],\"inLanguage\":\"en-US\"},{\"@type\":\"Organization\",\"@id\":\"https:\/\/voyagesimpressionnistes.com\/en\/#organization\",\"name\":\"Voyages Impressionnistes\",\"url\":\"https:\/\/voyagesimpressionnistes.com\/en\/\",\"logo\":{\"@type\":\"ImageObject\",\"inLanguage\":\"en-US\",\"@id\":\"https:\/\/voyagesimpressionnistes.com\/en\/#\/schema\/logo\/image\/\",\"url\":\"https:\/\/voyagesimpressionnistes.com\/wp-content\/uploads\/2021\/06\/vi-logo-507x216-1.svg\",\"contentUrl\":\"https:\/\/voyagesimpressionnistes.com\/wp-content\/uploads\/2021\/06\/vi-logo-507x216-1.svg\",\"width\":507,\"height\":216,\"caption\":\"Voyages Impressionnistes\"},\"image\":{\"@id\":\"https:\/\/voyagesimpressionnistes.com\/en\/#\/schema\/logo\/image\/\"},\"sameAs\":[\"https:\/\/www.facebook.com\/LesVoyagesImpressionnistes\/\"]},{\"@type\":\"Person\",\"@id\":\"https:\/\/voyagesimpressionnistes.com\/en\/#\/schema\/person\/78c37c19aa7ae1bd6f4902f296c80e5f\",\"name\":\"Phane\",\"image\":{\"@type\":\"ImageObject\",\"inLanguage\":\"en-US\",\"@id\":\"https:\/\/voyagesimpressionnistes.com\/en\/#\/schema\/person\/image\/\",\"url\":\"https:\/\/secure.gravatar.com\/avatar\/ea705fa375f21b62a2facac16bc19ee8d664629e3399a374a188d355bc5d00b9?s=96&d=mm&r=g\",\"contentUrl\":\"https:\/\/secure.gravatar.com\/avatar\/ea705fa375f21b62a2facac16bc19ee8d664629e3399a374a188d355bc5d00b9?s=96&d=mm&r=g\",\"caption\":\"Phane\"}}]}<\/script>\n<!-- \/ Yoast SEO plugin. -->","yoast_head_json":{"title":"Visions impressionnistes - Impressionist adventures","description":"D\u00e9couvrez l'exposition \"Visions impressionnistes\" du Photo-Club Rouennais au Jardin des Plantes de Rouen dans le cadre du FNI 2024.","robots":{"index":"index","follow":"follow","max-snippet":"max-snippet:-1","max-image-preview":"max-image-preview:large","max-video-preview":"max-video-preview:-1"},"canonical":"https:\/\/voyagesimpressionnistes.com\/en\/rouen-the-seine-meanders\/visions-impressionnistes\/","og_locale":"en_US","og_type":"article","og_title":"Visions impressionnistes - Impressionist adventures","og_description":"D\u00e9couvrez l'exposition \"Visions impressionnistes\" du Photo-Club Rouennais au Jardin des Plantes de Rouen dans le cadre du FNI 2024.","og_url":"https:\/\/voyagesimpressionnistes.com\/en\/rouen-the-seine-meanders\/visions-impressionnistes\/","og_site_name":"Impressionist adventures","article_publisher":"https:\/\/www.facebook.com\/LesVoyagesImpressionnistes\/","article_published_time":"2024-05-02T09:14:23+00:00","article_modified_time":"2025-02-11T14:47:44+00:00","og_image":[{"width":1715,"height":2560,"url":"https:\/\/voyagesimpressionnistes.com\/wp-content\/uploads\/2024\/02\/visions-impressionnistes.jpg","type":"image\/jpeg"}],"author":"Phane","twitter_card":"summary_large_image","twitter_misc":{"Written by":"Phane","Est. reading time":"1 minute"},"schema":{"@context":"https:\/\/schema.org","@graph":[{"@type":["Article","BlogPosting"],"@id":"https:\/\/voyagesimpressionnistes.com\/en\/rouen-the-seine-meanders\/visions-impressionnistes\/#article","isPartOf":{"@id":"https:\/\/voyagesimpressionnistes.com\/en\/rouen-the-seine-meanders\/visions-impressionnistes\/"},"author":{"name":"Phane","@id":"https:\/\/voyagesimpressionnistes.com\/en\/#\/schema\/person\/78c37c19aa7ae1bd6f4902f296c80e5f"},"headline":"Visions impressionnistes","datePublished":"2024-05-02T09:14:23+00:00","dateModified":"2025-02-11T14:47:44+00:00","mainEntityOfPage":{"@id":"https:\/\/voyagesimpressionnistes.com\/en\/rouen-the-seine-meanders\/visions-impressionnistes\/"},"wordCount":189,"publisher":{"@id":"https:\/\/voyagesimpressionnistes.com\/en\/#organization"},"image":{"@id":"https:\/\/voyagesimpressionnistes.com\/en\/rouen-the-seine-meanders\/visions-impressionnistes\/#primaryimage"},"thumbnailUrl":"https:\/\/voyagesimpressionnistes.com\/wp-content\/uploads\/2024\/02\/visions-impressionnistes.jpg","keywords":["Diary"],"articleSection":["Rouen &amp; the Seine\u2019s meanders"],"inLanguage":"en-US"},{"@type":"WebPage","@id":"https:\/\/voyagesimpressionnistes.com\/en\/rouen-the-seine-meanders\/visions-impressionnistes\/","url":"https:\/\/voyagesimpressionnistes.com\/en\/rouen-the-seine-meanders\/visions-impressionnistes\/","name":"Visions impressionnistes - Impressionist adventures","isPartOf":{"@id":"https:\/\/voyagesimpressionnistes.com\/en\/#website"},"primaryImageOfPage":{"@id":"https:\/\/voyagesimpressionnistes.com\/en\/rouen-the-seine-meanders\/visions-impressionnistes\/#primaryimage"},"image":{"@id":"https:\/\/voyagesimpressionnistes.com\/en\/rouen-the-seine-meanders\/visions-impressionnistes\/#primaryimage"},"thumbnailUrl":"https:\/\/voyagesimpressionnistes.com\/wp-content\/uploads\/2024\/02\/visions-impressionnistes.jpg","datePublished":"2024-05-02T09:14:23+00:00","dateModified":"2025-02-11T14:47:44+00:00","description":"D\u00e9couvrez l'exposition \"Visions impressionnistes\" du Photo-Club Rouennais au Jardin des Plantes de Rouen dans le cadre du FNI 2024.","breadcrumb":{"@id":"https:\/\/voyagesimpressionnistes.com\/en\/rouen-the-seine-meanders\/visions-impressionnistes\/#breadcrumb"},"inLanguage":"en-US","potentialAction":[{"@type":"ReadAction","target":["https:\/\/voyagesimpressionnistes.com\/en\/rouen-the-seine-meanders\/visions-impressionnistes\/"]}]},{"@type":"ImageObject","inLanguage":"en-US","@id":"https:\/\/voyagesimpressionnistes.com\/en\/rouen-the-seine-meanders\/visions-impressionnistes\/#primaryimage","url":"https:\/\/voyagesimpressionnistes.com\/wp-content\/uploads\/2024\/02\/visions-impressionnistes.jpg","contentUrl":"https:\/\/voyagesimpressionnistes.com\/wp-content\/uploads\/2024\/02\/visions-impressionnistes.jpg","width":1715,"height":2560,"caption":"Visions impressionnistes : affiche de l'exposition du Photo"},{"@type":"BreadcrumbList","@id":"https:\/\/voyagesimpressionnistes.com\/en\/rouen-the-seine-meanders\/visions-impressionnistes\/#breadcrumb","itemListElement":[{"@type":"ListItem","position":1,"name":"Rouen &amp; the Seine\u2019s meanders","item":"https:\/\/voyagesimpressionnistes.com\/en\/rouen-the-seine-meanders\/"},{"@type":"ListItem","position":2,"name":"Visions impressionnistes"}]},{"@type":"WebSite","@id":"https:\/\/voyagesimpressionnistes.com\/en\/#website","url":"https:\/\/voyagesimpressionnistes.com\/en\/","name":"Impressionist adventures","description":"Inspiring moments","publisher":{"@id":"https:\/\/voyagesimpressionnistes.com\/en\/#organization"},"potentialAction":[{"@type":"SearchAction","target":{"@type":"EntryPoint","urlTemplate":"https:\/\/voyagesimpressionnistes.com\/en\/?s={search_term_string}"},"query-input":{"@type":"PropertyValueSpecification","valueRequired":true,"valueName":"search_term_string"}}],"inLanguage":"en-US"},{"@type":"Organization","@id":"https:\/\/voyagesimpressionnistes.com\/en\/#organization","name":"Voyages Impressionnistes","url":"https:\/\/voyagesimpressionnistes.com\/en\/","logo":{"@type":"ImageObject","inLanguage":"en-US","@id":"https:\/\/voyagesimpressionnistes.com\/en\/#\/schema\/logo\/image\/","url":"https:\/\/voyagesimpressionnistes.com\/wp-content\/uploads\/2021\/06\/vi-logo-507x216-1.svg","contentUrl":"https:\/\/voyagesimpressionnistes.com\/wp-content\/uploads\/2021\/06\/vi-logo-507x216-1.svg","width":507,"height":216,"caption":"Voyages Impressionnistes"},"image":{"@id":"https:\/\/voyagesimpressionnistes.com\/en\/#\/schema\/logo\/image\/"},"sameAs":["https:\/\/www.facebook.com\/LesVoyagesImpressionnistes\/"]},{"@type":"Person","@id":"https:\/\/voyagesimpressionnistes.com\/en\/#\/schema\/person\/78c37c19aa7ae1bd6f4902f296c80e5f","name":"Phane","image":{"@type":"ImageObject","inLanguage":"en-US","@id":"https:\/\/voyagesimpressionnistes.com\/en\/#\/schema\/person\/image\/","url":"https:\/\/secure.gravatar.com\/avatar\/ea705fa375f21b62a2facac16bc19ee8d664629e3399a374a188d355bc5d00b9?s=96&d=mm&r=g","contentUrl":"https:\/\/secure.gravatar.com\/avatar\/ea705fa375f21b62a2facac16bc19ee8d664629e3399a374a188d355bc5d00b9?s=96&d=mm&r=g","caption":"Phane"}}]}},"jetpack_featured_media_url":"https:\/\/voyagesimpressionnistes.com\/wp-content\/uploads\/2024\/02\/visions-impressionnistes.jpg","jetpack_sharing_enabled":true,"_links":{"self":[{"href":"https:\/\/voyagesimpressionnistes.com\/en\/wp-json\/wp\/v2\/posts\/7749","targetHints":{"allow":["GET"]}}],"collection":[{"href":"https:\/\/voyagesimpressionnistes.com\/en\/wp-json\/wp\/v2\/posts"}],"about":[{"href":"https:\/\/voyagesimpressionnistes.com\/en\/wp-json\/wp\/v2\/types\/post"}],"author":[{"embeddable":true,"href":"https:\/\/voyagesimpressionnistes.com\/en\/wp-json\/wp\/v2\/users\/2"}],"replies":[{"embeddable":true,"href":"https:\/\/voyagesimpressionnistes.com\/en\/wp-json\/wp\/v2\/comments?post=7749"}],"version-history":[{"count":3,"href":"https:\/\/voyagesimpressionnistes.com\/en\/wp-json\/wp\/v2\/posts\/7749\/revisions"}],"predecessor-version":[{"id":9946,"href":"https:\/\/voyagesimpressionnistes.com\/en\/wp-json\/wp\/v2\/posts\/7749\/revisions\/9946"}],"wp:featuredmedia":[{"embeddable":true,"href":"https:\/\/voyagesimpressionnistes.com\/en\/wp-json\/wp\/v2\/media\/9941"}],"wp:attachment":[{"href":"https:\/\/voyagesimpressionnistes.com\/en\/wp-json\/wp\/v2\/media?parent=7749"}],"wp:term":[{"taxonomy":"category","embeddable":true,"href":"https:\/\/voyagesimpressionnistes.com\/en\/wp-json\/wp\/v2\/categories?post=7749"},{"taxonomy":"slider_une","embeddable":true,"href":"https:\/\/voyagesimpressionnistes.com\/en\/wp-json\/wp\/v2\/slider_une?post=7749"},{"taxonomy":"regions","embeddable":true,"href":"https:\/\/voyagesimpressionnistes.com\/en\/wp-json\/wp\/v2\/regions?post=7749"},{"taxonomy":"coups_coeur","embeddable":true,"href":"https:\/\/voyagesimpressionnistes.com\/en\/wp-json\/wp\/v2\/coups_coeur?post=7749"},{"taxonomy":"inspiration-type","embeddable":true,"href":"https:\/\/voyagesimpressionnistes.com\/en\/wp-json\/wp\/v2\/inspiration-type?post=7749"},{"taxonomy":"label","embeddable":true,"href":"https:\/\/voyagesimpressionnistes.com\/en\/wp-json\/wp\/v2\/label?post=7749"},{"taxonomy":"categories-agenda","embeddable":true,"href":"https:\/\/voyagesimpressionnistes.com\/en\/wp-json\/wp\/v2\/categories-agenda?post=7749"}],"curies":[{"name":"wp","href":"https:\/\/api.w.org\/{rel}","templated":true}]}}