{"id":7785,"date":"2024-05-15T15:04:35","date_gmt":"2024-05-15T13:04:35","guid":{"rendered":"https:\/\/voyagesimpressionnistes.com\/?p=7785"},"modified":"2024-09-10T11:14:38","modified_gmt":"2024-09-10T09:14:38","slug":"impressions-mobiles","status":"publish","type":"post","link":"https:\/\/voyagesimpressionnistes.com\/en\/rouen-the-seine-meanders\/impressions-mobiles\/","title":{"rendered":"Impressions mobiles"},"content":{"rendered":"<p>Soutenue par les \u00e9tudiants, l&#8217;Universit\u00e9 de Rouen-Normandie a command\u00e9 \u00e0 la designer sculptrice Christel Sadde et \u00e0 son bin\u00f4me Marco Miniussi une installation artistique d&#8217;envergure \u00e0 installer dans le hall de 300 m<sup>2<\/sup> de la Maison de l\u2019Universit\u00e9 : <em>Impressions mobiles<\/em>.<\/p>\n<p>Refl\u00e9tant l&#8217;esth\u00e9tique du mouvement impressionniste et avec des mat\u00e9riaux recycl\u00e9s, les deux artistes investissent l&#8217;espace par des mobiles. Ils utilisent la gamme chromatique employ\u00e9e par les Impressionnistes, et notamment par Claude Monet dans sa s\u00e9rie des cath\u00e9drales, afin d&#8217;\u00e9voquer le changement permanent de la lumi\u00e8re ext\u00e9rieure et l&#8217;impression qu&#8217;elle induit.<\/p>\n<p>Les sculptures, discr\u00e8tement motoris\u00e9es et \u00e9clair\u00e9es constitu\u00e9es de grandes virgules qui symbolisent la touche impressionniste et de formes ovo\u00efdes qui caract\u00e9risent les palettes de peinture rappellent le plein air, les mouvements dus au vent et la couleur constamment changeante des paysages.<\/p>\n<p>L&#8217;installation <em>Impressions mobiles<\/em> est visible du 22 mars au 31 ao\u00fbt 2024, \u00e0 la Maison de l&#8217;Universit\u00e9 du Mont-Saint-Aignan. Elle est programm\u00e9e dans le cadre du <a href=\"https:\/\/voyagesimpressionnistes.com\/en\/giverny-its-surroundings\/festival-normandie-impressionniste-2024\/\">Festival Normandie Impressionniste 2024<\/a>.<\/p>\n","protected":false},"excerpt":{"rendered":"<p>Soutenue par les \u00e9tudiants, l&#8217;Universit\u00e9 de Rouen-Normandie a command\u00e9 \u00e0  [&#8230;]<\/p>\n","protected":false},"author":2,"featured_media":9990,"comment_status":"closed","ping_status":"closed","sticky":false,"template":"","format":"standard","meta":{"_acf_changed":false,"inline_featured_image":false,"_jetpack_memberships_contains_paid_content":false,"footnotes":""},"categories":[88],"slider_une":[],"regions":[133],"coups_coeur":[],"inspiration-type":[],"label":[141,143],"categories-agenda":[175],"class_list":["post-7785","post","type-post","status-publish","format-standard","has-post-thumbnail","hentry","category-rouen-the-seine-meanders","tag-diary","regions-normandy","label-150-years","label-normandie-impressionniste-en","categories-agenda-contemporary-art-contemporain"],"acf":[],"yoast_head":"<!-- This site is optimized with the Yoast SEO plugin v26.3 - https:\/\/yoast.com\/wordpress\/plugins\/seo\/ -->\n<title>Impressions mobiles - Impressionist adventures<\/title>\n<meta name=\"description\" content=\"D\u00e9couvrez l&#039;installation &quot;Impressions mobiles&quot; de Christel Sadde et Marco Miniussi \u00e0 la Maison de l&#039;Universit\u00e9 pour le FNI 2024.\" \/>\n<meta name=\"robots\" content=\"index, follow, max-snippet:-1, max-image-preview:large, max-video-preview:-1\" \/>\n<link rel=\"canonical\" href=\"https:\/\/voyagesimpressionnistes.com\/en\/rouen-the-seine-meanders\/impressions-mobiles\/\" \/>\n<meta property=\"og:locale\" content=\"en_US\" \/>\n<meta property=\"og:type\" content=\"article\" \/>\n<meta property=\"og:title\" content=\"Impressions mobiles - Impressionist adventures\" \/>\n<meta property=\"og:description\" content=\"D\u00e9couvrez l&#039;installation &quot;Impressions mobiles&quot; de Christel Sadde et Marco Miniussi \u00e0 la Maison de l&#039;Universit\u00e9 pour le FNI 2024.\" \/>\n<meta property=\"og:url\" content=\"https:\/\/voyagesimpressionnistes.com\/en\/rouen-the-seine-meanders\/impressions-mobiles\/\" \/>\n<meta property=\"og:site_name\" content=\"Impressionist adventures\" \/>\n<meta property=\"article:publisher\" content=\"https:\/\/www.facebook.com\/LesVoyagesImpressionnistes\/\" \/>\n<meta property=\"article:published_time\" content=\"2024-05-15T13:04:35+00:00\" \/>\n<meta property=\"article:modified_time\" content=\"2024-09-10T09:14:38+00:00\" \/>\n<meta property=\"og:image\" content=\"https:\/\/voyagesimpressionnistes.com\/wp-content\/uploads\/2024\/02\/mobiles-touches-a4.jpg\" \/>\n\t<meta property=\"og:image:width\" content=\"500\" \/>\n\t<meta property=\"og:image:height\" content=\"707\" \/>\n\t<meta property=\"og:image:type\" content=\"image\/jpeg\" \/>\n<meta name=\"author\" content=\"Phane\" \/>\n<meta name=\"twitter:card\" content=\"summary_large_image\" \/>\n<meta name=\"twitter:label1\" content=\"Written by\" \/>\n\t<meta name=\"twitter:data1\" content=\"Phane\" \/>\n\t<meta name=\"twitter:label2\" content=\"Est. reading time\" \/>\n\t<meta name=\"twitter:data2\" content=\"1 minute\" \/>\n<script type=\"application\/ld+json\" class=\"yoast-schema-graph\">{\"@context\":\"https:\/\/schema.org\",\"@graph\":[{\"@type\":[\"Article\",\"BlogPosting\"],\"@id\":\"https:\/\/voyagesimpressionnistes.com\/en\/rouen-the-seine-meanders\/impressions-mobiles\/#article\",\"isPartOf\":{\"@id\":\"https:\/\/voyagesimpressionnistes.com\/en\/rouen-the-seine-meanders\/impressions-mobiles\/\"},\"author\":{\"name\":\"Phane\",\"@id\":\"https:\/\/voyagesimpressionnistes.com\/en\/#\/schema\/person\/78c37c19aa7ae1bd6f4902f296c80e5f\"},\"headline\":\"Impressions mobiles\",\"datePublished\":\"2024-05-15T13:04:35+00:00\",\"dateModified\":\"2024-09-10T09:14:38+00:00\",\"mainEntityOfPage\":{\"@id\":\"https:\/\/voyagesimpressionnistes.com\/en\/rouen-the-seine-meanders\/impressions-mobiles\/\"},\"wordCount\":182,\"publisher\":{\"@id\":\"https:\/\/voyagesimpressionnistes.com\/en\/#organization\"},\"image\":{\"@id\":\"https:\/\/voyagesimpressionnistes.com\/en\/rouen-the-seine-meanders\/impressions-mobiles\/#primaryimage\"},\"thumbnailUrl\":\"https:\/\/voyagesimpressionnistes.com\/wp-content\/uploads\/2024\/02\/mobiles-touches-a4.jpg\",\"keywords\":[\"Diary\"],\"articleSection\":[\"Rouen &amp; the Seine\u2019s meanders\"],\"inLanguage\":\"en-US\"},{\"@type\":\"WebPage\",\"@id\":\"https:\/\/voyagesimpressionnistes.com\/en\/rouen-the-seine-meanders\/impressions-mobiles\/\",\"url\":\"https:\/\/voyagesimpressionnistes.com\/en\/rouen-the-seine-meanders\/impressions-mobiles\/\",\"name\":\"Impressions mobiles - Impressionist adventures\",\"isPartOf\":{\"@id\":\"https:\/\/voyagesimpressionnistes.com\/en\/#website\"},\"primaryImageOfPage\":{\"@id\":\"https:\/\/voyagesimpressionnistes.com\/en\/rouen-the-seine-meanders\/impressions-mobiles\/#primaryimage\"},\"image\":{\"@id\":\"https:\/\/voyagesimpressionnistes.com\/en\/rouen-the-seine-meanders\/impressions-mobiles\/#primaryimage\"},\"thumbnailUrl\":\"https:\/\/voyagesimpressionnistes.com\/wp-content\/uploads\/2024\/02\/mobiles-touches-a4.jpg\",\"datePublished\":\"2024-05-15T13:04:35+00:00\",\"dateModified\":\"2024-09-10T09:14:38+00:00\",\"description\":\"D\u00e9couvrez l'installation \\\"Impressions mobiles\\\" de Christel Sadde et Marco Miniussi \u00e0 la Maison de l'Universit\u00e9 pour le FNI 2024.\",\"breadcrumb\":{\"@id\":\"https:\/\/voyagesimpressionnistes.com\/en\/rouen-the-seine-meanders\/impressions-mobiles\/#breadcrumb\"},\"inLanguage\":\"en-US\",\"potentialAction\":[{\"@type\":\"ReadAction\",\"target\":[\"https:\/\/voyagesimpressionnistes.com\/en\/rouen-the-seine-meanders\/impressions-mobiles\/\"]}]},{\"@type\":\"ImageObject\",\"inLanguage\":\"en-US\",\"@id\":\"https:\/\/voyagesimpressionnistes.com\/en\/rouen-the-seine-meanders\/impressions-mobiles\/#primaryimage\",\"url\":\"https:\/\/voyagesimpressionnistes.com\/wp-content\/uploads\/2024\/02\/mobiles-touches-a4.jpg\",\"contentUrl\":\"https:\/\/voyagesimpressionnistes.com\/wp-content\/uploads\/2024\/02\/mobiles-touches-a4.jpg\",\"width\":500,\"height\":707,\"caption\":\"Impressions mobiles\"},{\"@type\":\"BreadcrumbList\",\"@id\":\"https:\/\/voyagesimpressionnistes.com\/en\/rouen-the-seine-meanders\/impressions-mobiles\/#breadcrumb\",\"itemListElement\":[{\"@type\":\"ListItem\",\"position\":1,\"name\":\"Rouen &amp; the Seine\u2019s meanders\",\"item\":\"https:\/\/voyagesimpressionnistes.com\/en\/rouen-the-seine-meanders\/\"},{\"@type\":\"ListItem\",\"position\":2,\"name\":\"Impressions mobiles\"}]},{\"@type\":\"WebSite\",\"@id\":\"https:\/\/voyagesimpressionnistes.com\/en\/#website\",\"url\":\"https:\/\/voyagesimpressionnistes.com\/en\/\",\"name\":\"Impressionist adventures\",\"description\":\"Inspiring moments\",\"publisher\":{\"@id\":\"https:\/\/voyagesimpressionnistes.com\/en\/#organization\"},\"potentialAction\":[{\"@type\":\"SearchAction\",\"target\":{\"@type\":\"EntryPoint\",\"urlTemplate\":\"https:\/\/voyagesimpressionnistes.com\/en\/?s={search_term_string}\"},\"query-input\":{\"@type\":\"PropertyValueSpecification\",\"valueRequired\":true,\"valueName\":\"search_term_string\"}}],\"inLanguage\":\"en-US\"},{\"@type\":\"Organization\",\"@id\":\"https:\/\/voyagesimpressionnistes.com\/en\/#organization\",\"name\":\"Voyages Impressionnistes\",\"url\":\"https:\/\/voyagesimpressionnistes.com\/en\/\",\"logo\":{\"@type\":\"ImageObject\",\"inLanguage\":\"en-US\",\"@id\":\"https:\/\/voyagesimpressionnistes.com\/en\/#\/schema\/logo\/image\/\",\"url\":\"https:\/\/voyagesimpressionnistes.com\/wp-content\/uploads\/2021\/06\/vi-logo-507x216-1.svg\",\"contentUrl\":\"https:\/\/voyagesimpressionnistes.com\/wp-content\/uploads\/2021\/06\/vi-logo-507x216-1.svg\",\"width\":507,\"height\":216,\"caption\":\"Voyages Impressionnistes\"},\"image\":{\"@id\":\"https:\/\/voyagesimpressionnistes.com\/en\/#\/schema\/logo\/image\/\"},\"sameAs\":[\"https:\/\/www.facebook.com\/LesVoyagesImpressionnistes\/\"]},{\"@type\":\"Person\",\"@id\":\"https:\/\/voyagesimpressionnistes.com\/en\/#\/schema\/person\/78c37c19aa7ae1bd6f4902f296c80e5f\",\"name\":\"Phane\",\"image\":{\"@type\":\"ImageObject\",\"inLanguage\":\"en-US\",\"@id\":\"https:\/\/voyagesimpressionnistes.com\/en\/#\/schema\/person\/image\/\",\"url\":\"https:\/\/secure.gravatar.com\/avatar\/ea705fa375f21b62a2facac16bc19ee8d664629e3399a374a188d355bc5d00b9?s=96&d=mm&r=g\",\"contentUrl\":\"https:\/\/secure.gravatar.com\/avatar\/ea705fa375f21b62a2facac16bc19ee8d664629e3399a374a188d355bc5d00b9?s=96&d=mm&r=g\",\"caption\":\"Phane\"}}]}<\/script>\n<!-- \/ Yoast SEO plugin. -->","yoast_head_json":{"title":"Impressions mobiles - Impressionist adventures","description":"D\u00e9couvrez l'installation \"Impressions mobiles\" de Christel Sadde et Marco Miniussi \u00e0 la Maison de l'Universit\u00e9 pour le FNI 2024.","robots":{"index":"index","follow":"follow","max-snippet":"max-snippet:-1","max-image-preview":"max-image-preview:large","max-video-preview":"max-video-preview:-1"},"canonical":"https:\/\/voyagesimpressionnistes.com\/en\/rouen-the-seine-meanders\/impressions-mobiles\/","og_locale":"en_US","og_type":"article","og_title":"Impressions mobiles - Impressionist adventures","og_description":"D\u00e9couvrez l'installation \"Impressions mobiles\" de Christel Sadde et Marco Miniussi \u00e0 la Maison de l'Universit\u00e9 pour le FNI 2024.","og_url":"https:\/\/voyagesimpressionnistes.com\/en\/rouen-the-seine-meanders\/impressions-mobiles\/","og_site_name":"Impressionist adventures","article_publisher":"https:\/\/www.facebook.com\/LesVoyagesImpressionnistes\/","article_published_time":"2024-05-15T13:04:35+00:00","article_modified_time":"2024-09-10T09:14:38+00:00","og_image":[{"width":500,"height":707,"url":"https:\/\/voyagesimpressionnistes.com\/wp-content\/uploads\/2024\/02\/mobiles-touches-a4.jpg","type":"image\/jpeg"}],"author":"Phane","twitter_card":"summary_large_image","twitter_misc":{"Written by":"Phane","Est. reading time":"1 minute"},"schema":{"@context":"https:\/\/schema.org","@graph":[{"@type":["Article","BlogPosting"],"@id":"https:\/\/voyagesimpressionnistes.com\/en\/rouen-the-seine-meanders\/impressions-mobiles\/#article","isPartOf":{"@id":"https:\/\/voyagesimpressionnistes.com\/en\/rouen-the-seine-meanders\/impressions-mobiles\/"},"author":{"name":"Phane","@id":"https:\/\/voyagesimpressionnistes.com\/en\/#\/schema\/person\/78c37c19aa7ae1bd6f4902f296c80e5f"},"headline":"Impressions mobiles","datePublished":"2024-05-15T13:04:35+00:00","dateModified":"2024-09-10T09:14:38+00:00","mainEntityOfPage":{"@id":"https:\/\/voyagesimpressionnistes.com\/en\/rouen-the-seine-meanders\/impressions-mobiles\/"},"wordCount":182,"publisher":{"@id":"https:\/\/voyagesimpressionnistes.com\/en\/#organization"},"image":{"@id":"https:\/\/voyagesimpressionnistes.com\/en\/rouen-the-seine-meanders\/impressions-mobiles\/#primaryimage"},"thumbnailUrl":"https:\/\/voyagesimpressionnistes.com\/wp-content\/uploads\/2024\/02\/mobiles-touches-a4.jpg","keywords":["Diary"],"articleSection":["Rouen &amp; the Seine\u2019s meanders"],"inLanguage":"en-US"},{"@type":"WebPage","@id":"https:\/\/voyagesimpressionnistes.com\/en\/rouen-the-seine-meanders\/impressions-mobiles\/","url":"https:\/\/voyagesimpressionnistes.com\/en\/rouen-the-seine-meanders\/impressions-mobiles\/","name":"Impressions mobiles - Impressionist adventures","isPartOf":{"@id":"https:\/\/voyagesimpressionnistes.com\/en\/#website"},"primaryImageOfPage":{"@id":"https:\/\/voyagesimpressionnistes.com\/en\/rouen-the-seine-meanders\/impressions-mobiles\/#primaryimage"},"image":{"@id":"https:\/\/voyagesimpressionnistes.com\/en\/rouen-the-seine-meanders\/impressions-mobiles\/#primaryimage"},"thumbnailUrl":"https:\/\/voyagesimpressionnistes.com\/wp-content\/uploads\/2024\/02\/mobiles-touches-a4.jpg","datePublished":"2024-05-15T13:04:35+00:00","dateModified":"2024-09-10T09:14:38+00:00","description":"D\u00e9couvrez l'installation \"Impressions mobiles\" de Christel Sadde et Marco Miniussi \u00e0 la Maison de l'Universit\u00e9 pour le FNI 2024.","breadcrumb":{"@id":"https:\/\/voyagesimpressionnistes.com\/en\/rouen-the-seine-meanders\/impressions-mobiles\/#breadcrumb"},"inLanguage":"en-US","potentialAction":[{"@type":"ReadAction","target":["https:\/\/voyagesimpressionnistes.com\/en\/rouen-the-seine-meanders\/impressions-mobiles\/"]}]},{"@type":"ImageObject","inLanguage":"en-US","@id":"https:\/\/voyagesimpressionnistes.com\/en\/rouen-the-seine-meanders\/impressions-mobiles\/#primaryimage","url":"https:\/\/voyagesimpressionnistes.com\/wp-content\/uploads\/2024\/02\/mobiles-touches-a4.jpg","contentUrl":"https:\/\/voyagesimpressionnistes.com\/wp-content\/uploads\/2024\/02\/mobiles-touches-a4.jpg","width":500,"height":707,"caption":"Impressions mobiles"},{"@type":"BreadcrumbList","@id":"https:\/\/voyagesimpressionnistes.com\/en\/rouen-the-seine-meanders\/impressions-mobiles\/#breadcrumb","itemListElement":[{"@type":"ListItem","position":1,"name":"Rouen &amp; the Seine\u2019s meanders","item":"https:\/\/voyagesimpressionnistes.com\/en\/rouen-the-seine-meanders\/"},{"@type":"ListItem","position":2,"name":"Impressions mobiles"}]},{"@type":"WebSite","@id":"https:\/\/voyagesimpressionnistes.com\/en\/#website","url":"https:\/\/voyagesimpressionnistes.com\/en\/","name":"Impressionist adventures","description":"Inspiring moments","publisher":{"@id":"https:\/\/voyagesimpressionnistes.com\/en\/#organization"},"potentialAction":[{"@type":"SearchAction","target":{"@type":"EntryPoint","urlTemplate":"https:\/\/voyagesimpressionnistes.com\/en\/?s={search_term_string}"},"query-input":{"@type":"PropertyValueSpecification","valueRequired":true,"valueName":"search_term_string"}}],"inLanguage":"en-US"},{"@type":"Organization","@id":"https:\/\/voyagesimpressionnistes.com\/en\/#organization","name":"Voyages Impressionnistes","url":"https:\/\/voyagesimpressionnistes.com\/en\/","logo":{"@type":"ImageObject","inLanguage":"en-US","@id":"https:\/\/voyagesimpressionnistes.com\/en\/#\/schema\/logo\/image\/","url":"https:\/\/voyagesimpressionnistes.com\/wp-content\/uploads\/2021\/06\/vi-logo-507x216-1.svg","contentUrl":"https:\/\/voyagesimpressionnistes.com\/wp-content\/uploads\/2021\/06\/vi-logo-507x216-1.svg","width":507,"height":216,"caption":"Voyages Impressionnistes"},"image":{"@id":"https:\/\/voyagesimpressionnistes.com\/en\/#\/schema\/logo\/image\/"},"sameAs":["https:\/\/www.facebook.com\/LesVoyagesImpressionnistes\/"]},{"@type":"Person","@id":"https:\/\/voyagesimpressionnistes.com\/en\/#\/schema\/person\/78c37c19aa7ae1bd6f4902f296c80e5f","name":"Phane","image":{"@type":"ImageObject","inLanguage":"en-US","@id":"https:\/\/voyagesimpressionnistes.com\/en\/#\/schema\/person\/image\/","url":"https:\/\/secure.gravatar.com\/avatar\/ea705fa375f21b62a2facac16bc19ee8d664629e3399a374a188d355bc5d00b9?s=96&d=mm&r=g","contentUrl":"https:\/\/secure.gravatar.com\/avatar\/ea705fa375f21b62a2facac16bc19ee8d664629e3399a374a188d355bc5d00b9?s=96&d=mm&r=g","caption":"Phane"}}]}},"jetpack_featured_media_url":"https:\/\/voyagesimpressionnistes.com\/wp-content\/uploads\/2024\/02\/mobiles-touches-a4.jpg","jetpack_sharing_enabled":true,"_links":{"self":[{"href":"https:\/\/voyagesimpressionnistes.com\/en\/wp-json\/wp\/v2\/posts\/7785","targetHints":{"allow":["GET"]}}],"collection":[{"href":"https:\/\/voyagesimpressionnistes.com\/en\/wp-json\/wp\/v2\/posts"}],"about":[{"href":"https:\/\/voyagesimpressionnistes.com\/en\/wp-json\/wp\/v2\/types\/post"}],"author":[{"embeddable":true,"href":"https:\/\/voyagesimpressionnistes.com\/en\/wp-json\/wp\/v2\/users\/2"}],"replies":[{"embeddable":true,"href":"https:\/\/voyagesimpressionnistes.com\/en\/wp-json\/wp\/v2\/comments?post=7785"}],"version-history":[{"count":5,"href":"https:\/\/voyagesimpressionnistes.com\/en\/wp-json\/wp\/v2\/posts\/7785\/revisions"}],"predecessor-version":[{"id":13076,"href":"https:\/\/voyagesimpressionnistes.com\/en\/wp-json\/wp\/v2\/posts\/7785\/revisions\/13076"}],"wp:featuredmedia":[{"embeddable":true,"href":"https:\/\/voyagesimpressionnistes.com\/en\/wp-json\/wp\/v2\/media\/9990"}],"wp:attachment":[{"href":"https:\/\/voyagesimpressionnistes.com\/en\/wp-json\/wp\/v2\/media?parent=7785"}],"wp:term":[{"taxonomy":"category","embeddable":true,"href":"https:\/\/voyagesimpressionnistes.com\/en\/wp-json\/wp\/v2\/categories?post=7785"},{"taxonomy":"slider_une","embeddable":true,"href":"https:\/\/voyagesimpressionnistes.com\/en\/wp-json\/wp\/v2\/slider_une?post=7785"},{"taxonomy":"regions","embeddable":true,"href":"https:\/\/voyagesimpressionnistes.com\/en\/wp-json\/wp\/v2\/regions?post=7785"},{"taxonomy":"coups_coeur","embeddable":true,"href":"https:\/\/voyagesimpressionnistes.com\/en\/wp-json\/wp\/v2\/coups_coeur?post=7785"},{"taxonomy":"inspiration-type","embeddable":true,"href":"https:\/\/voyagesimpressionnistes.com\/en\/wp-json\/wp\/v2\/inspiration-type?post=7785"},{"taxonomy":"label","embeddable":true,"href":"https:\/\/voyagesimpressionnistes.com\/en\/wp-json\/wp\/v2\/label?post=7785"},{"taxonomy":"categories-agenda","embeddable":true,"href":"https:\/\/voyagesimpressionnistes.com\/en\/wp-json\/wp\/v2\/categories-agenda?post=7785"}],"curies":[{"name":"wp","href":"https:\/\/api.w.org\/{rel}","templated":true}]}}