{"id":7931,"date":"2024-03-06T11:40:24","date_gmt":"2024-03-06T10:40:24","guid":{"rendered":"https:\/\/voyagesimpressionnistes.com\/?p=7931"},"modified":"2024-09-17T12:25:12","modified_gmt":"2024-09-17T10:25:12","slug":"degas-manet-pissarro-gravure-impressionniste","status":"publish","type":"post","link":"https:\/\/voyagesimpressionnistes.com\/en\/caen-the-cotentin\/degas-manet-pissarro-gravure-impressionniste\/","title":{"rendered":"Degas, Manet, Pissarro. Impression(s) de gravures"},"content":{"rendered":"<p>Dans le cadre du <a href=\"https:\/\/voyagesimpressionnistes.com\/en\/giverny-its-surroundings\/festival-normandie-impressionniste-2024\/\">Festival Normandie Impressionniste 2024<\/a>, c&#8217;est \u00e0 la gravure et plus particuli\u00e8rement, au caract\u00e8re exp\u00e9rimental de cette technique, que l&#8217;exposition du Mus\u00e9e d&#8217;art et d&#8217;histoire de Saint-L\u00f4, dans le Cotentin s&#8217;int\u00e9resse. Intitul\u00e9e <em>Degas, Manet, Pissarro. Impression(s) de gravures<\/em>, elle ouvre ses portes du 15 juin au 15 septembre 2024.<\/p>\n<p>Pour les Impressionnistes, la gravure n&#8217;est pas une pratique de second ordre et des grands noms de la peinture ont innov\u00e9 dans ce domaine, s&#8217;adonnant \u00e0 de nombreuses s\u00e9ances de travail, parfois communes, notamment entre Edgar Degas et Camille Pissarro.<\/p>\n<p>La gravure des Impressionnistes t\u00e9moigne des recherches sur la lumi\u00e8re, de l&#8217;int\u00e9r\u00eat que les artistes portent aux nouvelles techniques graphiques mais \u00e9galement de l&#8217;attachement au caract\u00e8re artisanal de la production. Elle permet une histoire r\u00e9vis\u00e9e de l&#8217;Impressionnisme.<\/p>\n<p>Pour l&#8217;exposition <em>Degas, Manet, Pissarro. Impression(s) de gravures<\/em>, des artistes oubli\u00e9s sont expos\u00e9s aux c\u00f4t\u00e9s d&#8217;artistes c\u00e9l\u00e8bres, des estampes de collections publiques et priv\u00e9es dialoguent avec des peintures, des plaques de cuivres, des pierres lithographiques, des photographies et des documents d&#8217;\u00e9poque, faisant d\u00e9couvrir aux visiteurs une technique rarement accroch\u00e9e aux cimaises.<\/p>\n","protected":false},"excerpt":{"rendered":"<p>Dans le cadre du Festival Normandie Impressionniste 2024, c&#8217;est \u00e0  [&#8230;]<\/p>\n","protected":false},"author":2,"featured_media":8273,"comment_status":"closed","ping_status":"closed","sticky":false,"template":"","format":"standard","meta":{"_acf_changed":false,"inline_featured_image":false,"_jetpack_memberships_contains_paid_content":false,"footnotes":""},"categories":[82],"slider_une":[],"regions":[133],"coups_coeur":[],"inspiration-type":[],"label":[141,143],"categories-agenda":[172],"class_list":["post-7931","post","type-post","status-publish","format-standard","has-post-thumbnail","hentry","category-caen-the-cotentin","tag-diary","regions-normandy","label-150-years","label-normandie-impressionniste-en","categories-agenda-exhibition"],"acf":[],"yoast_head":"<!-- This site is optimized with the Yoast SEO plugin v26.3 - https:\/\/yoast.com\/wordpress\/plugins\/seo\/ -->\n<title>Gravure impressionniste, Mus\u00e9e de Saint L\u00f4 Impressionist adventures<\/title>\n<meta name=\"description\" content=\"D\u00e9couvrez l&#039;exposition consacr\u00e9e \u00e0 la gravure impressionniste : &quot;Degas, Manet, Pissarro. Impression(s) de gravures&quot; \u00e0 Saint L\u00f4.\" \/>\n<meta name=\"robots\" content=\"index, follow, max-snippet:-1, max-image-preview:large, max-video-preview:-1\" \/>\n<link rel=\"canonical\" href=\"https:\/\/voyagesimpressionnistes.com\/en\/caen-the-cotentin\/degas-manet-pissarro-gravure-impressionniste\/\" \/>\n<meta property=\"og:locale\" content=\"en_US\" \/>\n<meta property=\"og:type\" content=\"article\" \/>\n<meta property=\"og:title\" content=\"Gravure impressionniste, Mus\u00e9e de Saint L\u00f4 Impressionist adventures\" \/>\n<meta property=\"og:description\" content=\"D\u00e9couvrez l&#039;exposition consacr\u00e9e \u00e0 la gravure impressionniste : &quot;Degas, Manet, Pissarro. Impression(s) de gravures&quot; \u00e0 Saint L\u00f4.\" \/>\n<meta property=\"og:url\" content=\"https:\/\/voyagesimpressionnistes.com\/en\/caen-the-cotentin\/degas-manet-pissarro-gravure-impressionniste\/\" \/>\n<meta property=\"og:site_name\" content=\"Impressionist adventures\" \/>\n<meta property=\"article:publisher\" content=\"https:\/\/www.facebook.com\/LesVoyagesImpressionnistes\/\" \/>\n<meta property=\"article:published_time\" content=\"2024-03-06T10:40:24+00:00\" \/>\n<meta property=\"article:modified_time\" content=\"2024-09-17T10:25:12+00:00\" \/>\n<meta property=\"og:image\" content=\"https:\/\/voyagesimpressionnistes.com\/wp-content\/uploads\/2024\/03\/visuel-saint-lo-FNI-2024.jpg\" \/>\n\t<meta property=\"og:image:width\" content=\"323\" \/>\n\t<meta property=\"og:image:height\" content=\"443\" \/>\n\t<meta property=\"og:image:type\" content=\"image\/jpeg\" \/>\n<meta name=\"author\" content=\"Phane\" \/>\n<meta name=\"twitter:card\" content=\"summary_large_image\" \/>\n<meta name=\"twitter:label1\" content=\"Written by\" \/>\n\t<meta name=\"twitter:data1\" content=\"Phane\" \/>\n\t<meta name=\"twitter:label2\" content=\"Est. reading time\" \/>\n\t<meta name=\"twitter:data2\" content=\"1 minute\" \/>\n<script type=\"application\/ld+json\" class=\"yoast-schema-graph\">{\"@context\":\"https:\/\/schema.org\",\"@graph\":[{\"@type\":[\"Article\",\"BlogPosting\"],\"@id\":\"https:\/\/voyagesimpressionnistes.com\/en\/caen-the-cotentin\/degas-manet-pissarro-gravure-impressionniste\/#article\",\"isPartOf\":{\"@id\":\"https:\/\/voyagesimpressionnistes.com\/en\/caen-the-cotentin\/degas-manet-pissarro-gravure-impressionniste\/\"},\"author\":{\"name\":\"Phane\",\"@id\":\"https:\/\/voyagesimpressionnistes.com\/en\/#\/schema\/person\/78c37c19aa7ae1bd6f4902f296c80e5f\"},\"headline\":\"Degas, Manet, Pissarro. Impression(s) de gravures\",\"datePublished\":\"2024-03-06T10:40:24+00:00\",\"dateModified\":\"2024-09-17T10:25:12+00:00\",\"mainEntityOfPage\":{\"@id\":\"https:\/\/voyagesimpressionnistes.com\/en\/caen-the-cotentin\/degas-manet-pissarro-gravure-impressionniste\/\"},\"wordCount\":219,\"publisher\":{\"@id\":\"https:\/\/voyagesimpressionnistes.com\/en\/#organization\"},\"image\":{\"@id\":\"https:\/\/voyagesimpressionnistes.com\/en\/caen-the-cotentin\/degas-manet-pissarro-gravure-impressionniste\/#primaryimage\"},\"thumbnailUrl\":\"https:\/\/voyagesimpressionnistes.com\/wp-content\/uploads\/2024\/03\/visuel-saint-lo-FNI-2024.jpg\",\"keywords\":[\"Diary\"],\"articleSection\":[\"From Caen to the Cotentin\"],\"inLanguage\":\"en-US\"},{\"@type\":\"WebPage\",\"@id\":\"https:\/\/voyagesimpressionnistes.com\/en\/caen-the-cotentin\/degas-manet-pissarro-gravure-impressionniste\/\",\"url\":\"https:\/\/voyagesimpressionnistes.com\/en\/caen-the-cotentin\/degas-manet-pissarro-gravure-impressionniste\/\",\"name\":\"Gravure impressionniste, Mus\u00e9e de Saint L\u00f4 Impressionist adventures\",\"isPartOf\":{\"@id\":\"https:\/\/voyagesimpressionnistes.com\/en\/#website\"},\"primaryImageOfPage\":{\"@id\":\"https:\/\/voyagesimpressionnistes.com\/en\/caen-the-cotentin\/degas-manet-pissarro-gravure-impressionniste\/#primaryimage\"},\"image\":{\"@id\":\"https:\/\/voyagesimpressionnistes.com\/en\/caen-the-cotentin\/degas-manet-pissarro-gravure-impressionniste\/#primaryimage\"},\"thumbnailUrl\":\"https:\/\/voyagesimpressionnistes.com\/wp-content\/uploads\/2024\/03\/visuel-saint-lo-FNI-2024.jpg\",\"datePublished\":\"2024-03-06T10:40:24+00:00\",\"dateModified\":\"2024-09-17T10:25:12+00:00\",\"description\":\"D\u00e9couvrez l'exposition consacr\u00e9e \u00e0 la gravure impressionniste : \\\"Degas, Manet, Pissarro. Impression(s) de gravures\\\" \u00e0 Saint L\u00f4.\",\"breadcrumb\":{\"@id\":\"https:\/\/voyagesimpressionnistes.com\/en\/caen-the-cotentin\/degas-manet-pissarro-gravure-impressionniste\/#breadcrumb\"},\"inLanguage\":\"en-US\",\"potentialAction\":[{\"@type\":\"ReadAction\",\"target\":[\"https:\/\/voyagesimpressionnistes.com\/en\/caen-the-cotentin\/degas-manet-pissarro-gravure-impressionniste\/\"]}]},{\"@type\":\"ImageObject\",\"inLanguage\":\"en-US\",\"@id\":\"https:\/\/voyagesimpressionnistes.com\/en\/caen-the-cotentin\/degas-manet-pissarro-gravure-impressionniste\/#primaryimage\",\"url\":\"https:\/\/voyagesimpressionnistes.com\/wp-content\/uploads\/2024\/03\/visuel-saint-lo-FNI-2024.jpg\",\"contentUrl\":\"https:\/\/voyagesimpressionnistes.com\/wp-content\/uploads\/2024\/03\/visuel-saint-lo-FNI-2024.jpg\",\"width\":323,\"height\":443,\"caption\":\"Gravure impressionniste : \u00c9douard Manet, Los Gitanos, vers 1862-1867 \u00a9 Mus\u00e9e des beaux-arts de Vannes, Thomas Crognier\"},{\"@type\":\"BreadcrumbList\",\"@id\":\"https:\/\/voyagesimpressionnistes.com\/en\/caen-the-cotentin\/degas-manet-pissarro-gravure-impressionniste\/#breadcrumb\",\"itemListElement\":[{\"@type\":\"ListItem\",\"position\":1,\"name\":\"From Caen to the Cotentin\",\"item\":\"https:\/\/voyagesimpressionnistes.com\/en\/caen-the-cotentin\/\"},{\"@type\":\"ListItem\",\"position\":2,\"name\":\"Degas, Manet, Pissarro. Impression(s) de gravures\"}]},{\"@type\":\"WebSite\",\"@id\":\"https:\/\/voyagesimpressionnistes.com\/en\/#website\",\"url\":\"https:\/\/voyagesimpressionnistes.com\/en\/\",\"name\":\"Impressionist adventures\",\"description\":\"Inspiring moments\",\"publisher\":{\"@id\":\"https:\/\/voyagesimpressionnistes.com\/en\/#organization\"},\"potentialAction\":[{\"@type\":\"SearchAction\",\"target\":{\"@type\":\"EntryPoint\",\"urlTemplate\":\"https:\/\/voyagesimpressionnistes.com\/en\/?s={search_term_string}\"},\"query-input\":{\"@type\":\"PropertyValueSpecification\",\"valueRequired\":true,\"valueName\":\"search_term_string\"}}],\"inLanguage\":\"en-US\"},{\"@type\":\"Organization\",\"@id\":\"https:\/\/voyagesimpressionnistes.com\/en\/#organization\",\"name\":\"Voyages Impressionnistes\",\"url\":\"https:\/\/voyagesimpressionnistes.com\/en\/\",\"logo\":{\"@type\":\"ImageObject\",\"inLanguage\":\"en-US\",\"@id\":\"https:\/\/voyagesimpressionnistes.com\/en\/#\/schema\/logo\/image\/\",\"url\":\"https:\/\/voyagesimpressionnistes.com\/wp-content\/uploads\/2021\/06\/vi-logo-507x216-1.svg\",\"contentUrl\":\"https:\/\/voyagesimpressionnistes.com\/wp-content\/uploads\/2021\/06\/vi-logo-507x216-1.svg\",\"width\":507,\"height\":216,\"caption\":\"Voyages Impressionnistes\"},\"image\":{\"@id\":\"https:\/\/voyagesimpressionnistes.com\/en\/#\/schema\/logo\/image\/\"},\"sameAs\":[\"https:\/\/www.facebook.com\/LesVoyagesImpressionnistes\/\"]},{\"@type\":\"Person\",\"@id\":\"https:\/\/voyagesimpressionnistes.com\/en\/#\/schema\/person\/78c37c19aa7ae1bd6f4902f296c80e5f\",\"name\":\"Phane\",\"image\":{\"@type\":\"ImageObject\",\"inLanguage\":\"en-US\",\"@id\":\"https:\/\/voyagesimpressionnistes.com\/en\/#\/schema\/person\/image\/\",\"url\":\"https:\/\/secure.gravatar.com\/avatar\/ea705fa375f21b62a2facac16bc19ee8d664629e3399a374a188d355bc5d00b9?s=96&d=mm&r=g\",\"contentUrl\":\"https:\/\/secure.gravatar.com\/avatar\/ea705fa375f21b62a2facac16bc19ee8d664629e3399a374a188d355bc5d00b9?s=96&d=mm&r=g\",\"caption\":\"Phane\"}}]}<\/script>\n<!-- \/ Yoast SEO plugin. -->","yoast_head_json":{"title":"Gravure impressionniste, Mus\u00e9e de Saint L\u00f4 Impressionist adventures","description":"D\u00e9couvrez l'exposition consacr\u00e9e \u00e0 la gravure impressionniste : \"Degas, Manet, Pissarro. Impression(s) de gravures\" \u00e0 Saint L\u00f4.","robots":{"index":"index","follow":"follow","max-snippet":"max-snippet:-1","max-image-preview":"max-image-preview:large","max-video-preview":"max-video-preview:-1"},"canonical":"https:\/\/voyagesimpressionnistes.com\/en\/caen-the-cotentin\/degas-manet-pissarro-gravure-impressionniste\/","og_locale":"en_US","og_type":"article","og_title":"Gravure impressionniste, Mus\u00e9e de Saint L\u00f4 Impressionist adventures","og_description":"D\u00e9couvrez l'exposition consacr\u00e9e \u00e0 la gravure impressionniste : \"Degas, Manet, Pissarro. Impression(s) de gravures\" \u00e0 Saint L\u00f4.","og_url":"https:\/\/voyagesimpressionnistes.com\/en\/caen-the-cotentin\/degas-manet-pissarro-gravure-impressionniste\/","og_site_name":"Impressionist adventures","article_publisher":"https:\/\/www.facebook.com\/LesVoyagesImpressionnistes\/","article_published_time":"2024-03-06T10:40:24+00:00","article_modified_time":"2024-09-17T10:25:12+00:00","og_image":[{"width":323,"height":443,"url":"https:\/\/voyagesimpressionnistes.com\/wp-content\/uploads\/2024\/03\/visuel-saint-lo-FNI-2024.jpg","type":"image\/jpeg"}],"author":"Phane","twitter_card":"summary_large_image","twitter_misc":{"Written by":"Phane","Est. reading time":"1 minute"},"schema":{"@context":"https:\/\/schema.org","@graph":[{"@type":["Article","BlogPosting"],"@id":"https:\/\/voyagesimpressionnistes.com\/en\/caen-the-cotentin\/degas-manet-pissarro-gravure-impressionniste\/#article","isPartOf":{"@id":"https:\/\/voyagesimpressionnistes.com\/en\/caen-the-cotentin\/degas-manet-pissarro-gravure-impressionniste\/"},"author":{"name":"Phane","@id":"https:\/\/voyagesimpressionnistes.com\/en\/#\/schema\/person\/78c37c19aa7ae1bd6f4902f296c80e5f"},"headline":"Degas, Manet, Pissarro. Impression(s) de gravures","datePublished":"2024-03-06T10:40:24+00:00","dateModified":"2024-09-17T10:25:12+00:00","mainEntityOfPage":{"@id":"https:\/\/voyagesimpressionnistes.com\/en\/caen-the-cotentin\/degas-manet-pissarro-gravure-impressionniste\/"},"wordCount":219,"publisher":{"@id":"https:\/\/voyagesimpressionnistes.com\/en\/#organization"},"image":{"@id":"https:\/\/voyagesimpressionnistes.com\/en\/caen-the-cotentin\/degas-manet-pissarro-gravure-impressionniste\/#primaryimage"},"thumbnailUrl":"https:\/\/voyagesimpressionnistes.com\/wp-content\/uploads\/2024\/03\/visuel-saint-lo-FNI-2024.jpg","keywords":["Diary"],"articleSection":["From Caen to the Cotentin"],"inLanguage":"en-US"},{"@type":"WebPage","@id":"https:\/\/voyagesimpressionnistes.com\/en\/caen-the-cotentin\/degas-manet-pissarro-gravure-impressionniste\/","url":"https:\/\/voyagesimpressionnistes.com\/en\/caen-the-cotentin\/degas-manet-pissarro-gravure-impressionniste\/","name":"Gravure impressionniste, Mus\u00e9e de Saint L\u00f4 Impressionist adventures","isPartOf":{"@id":"https:\/\/voyagesimpressionnistes.com\/en\/#website"},"primaryImageOfPage":{"@id":"https:\/\/voyagesimpressionnistes.com\/en\/caen-the-cotentin\/degas-manet-pissarro-gravure-impressionniste\/#primaryimage"},"image":{"@id":"https:\/\/voyagesimpressionnistes.com\/en\/caen-the-cotentin\/degas-manet-pissarro-gravure-impressionniste\/#primaryimage"},"thumbnailUrl":"https:\/\/voyagesimpressionnistes.com\/wp-content\/uploads\/2024\/03\/visuel-saint-lo-FNI-2024.jpg","datePublished":"2024-03-06T10:40:24+00:00","dateModified":"2024-09-17T10:25:12+00:00","description":"D\u00e9couvrez l'exposition consacr\u00e9e \u00e0 la gravure impressionniste : \"Degas, Manet, Pissarro. Impression(s) de gravures\" \u00e0 Saint L\u00f4.","breadcrumb":{"@id":"https:\/\/voyagesimpressionnistes.com\/en\/caen-the-cotentin\/degas-manet-pissarro-gravure-impressionniste\/#breadcrumb"},"inLanguage":"en-US","potentialAction":[{"@type":"ReadAction","target":["https:\/\/voyagesimpressionnistes.com\/en\/caen-the-cotentin\/degas-manet-pissarro-gravure-impressionniste\/"]}]},{"@type":"ImageObject","inLanguage":"en-US","@id":"https:\/\/voyagesimpressionnistes.com\/en\/caen-the-cotentin\/degas-manet-pissarro-gravure-impressionniste\/#primaryimage","url":"https:\/\/voyagesimpressionnistes.com\/wp-content\/uploads\/2024\/03\/visuel-saint-lo-FNI-2024.jpg","contentUrl":"https:\/\/voyagesimpressionnistes.com\/wp-content\/uploads\/2024\/03\/visuel-saint-lo-FNI-2024.jpg","width":323,"height":443,"caption":"Gravure impressionniste : \u00c9douard Manet, Los Gitanos, vers 1862-1867 \u00a9 Mus\u00e9e des beaux-arts de Vannes, Thomas Crognier"},{"@type":"BreadcrumbList","@id":"https:\/\/voyagesimpressionnistes.com\/en\/caen-the-cotentin\/degas-manet-pissarro-gravure-impressionniste\/#breadcrumb","itemListElement":[{"@type":"ListItem","position":1,"name":"From Caen to the Cotentin","item":"https:\/\/voyagesimpressionnistes.com\/en\/caen-the-cotentin\/"},{"@type":"ListItem","position":2,"name":"Degas, Manet, Pissarro. Impression(s) de gravures"}]},{"@type":"WebSite","@id":"https:\/\/voyagesimpressionnistes.com\/en\/#website","url":"https:\/\/voyagesimpressionnistes.com\/en\/","name":"Impressionist adventures","description":"Inspiring moments","publisher":{"@id":"https:\/\/voyagesimpressionnistes.com\/en\/#organization"},"potentialAction":[{"@type":"SearchAction","target":{"@type":"EntryPoint","urlTemplate":"https:\/\/voyagesimpressionnistes.com\/en\/?s={search_term_string}"},"query-input":{"@type":"PropertyValueSpecification","valueRequired":true,"valueName":"search_term_string"}}],"inLanguage":"en-US"},{"@type":"Organization","@id":"https:\/\/voyagesimpressionnistes.com\/en\/#organization","name":"Voyages Impressionnistes","url":"https:\/\/voyagesimpressionnistes.com\/en\/","logo":{"@type":"ImageObject","inLanguage":"en-US","@id":"https:\/\/voyagesimpressionnistes.com\/en\/#\/schema\/logo\/image\/","url":"https:\/\/voyagesimpressionnistes.com\/wp-content\/uploads\/2021\/06\/vi-logo-507x216-1.svg","contentUrl":"https:\/\/voyagesimpressionnistes.com\/wp-content\/uploads\/2021\/06\/vi-logo-507x216-1.svg","width":507,"height":216,"caption":"Voyages Impressionnistes"},"image":{"@id":"https:\/\/voyagesimpressionnistes.com\/en\/#\/schema\/logo\/image\/"},"sameAs":["https:\/\/www.facebook.com\/LesVoyagesImpressionnistes\/"]},{"@type":"Person","@id":"https:\/\/voyagesimpressionnistes.com\/en\/#\/schema\/person\/78c37c19aa7ae1bd6f4902f296c80e5f","name":"Phane","image":{"@type":"ImageObject","inLanguage":"en-US","@id":"https:\/\/voyagesimpressionnistes.com\/en\/#\/schema\/person\/image\/","url":"https:\/\/secure.gravatar.com\/avatar\/ea705fa375f21b62a2facac16bc19ee8d664629e3399a374a188d355bc5d00b9?s=96&d=mm&r=g","contentUrl":"https:\/\/secure.gravatar.com\/avatar\/ea705fa375f21b62a2facac16bc19ee8d664629e3399a374a188d355bc5d00b9?s=96&d=mm&r=g","caption":"Phane"}}]}},"jetpack_featured_media_url":"https:\/\/voyagesimpressionnistes.com\/wp-content\/uploads\/2024\/03\/visuel-saint-lo-FNI-2024.jpg","jetpack_sharing_enabled":true,"_links":{"self":[{"href":"https:\/\/voyagesimpressionnistes.com\/en\/wp-json\/wp\/v2\/posts\/7931","targetHints":{"allow":["GET"]}}],"collection":[{"href":"https:\/\/voyagesimpressionnistes.com\/en\/wp-json\/wp\/v2\/posts"}],"about":[{"href":"https:\/\/voyagesimpressionnistes.com\/en\/wp-json\/wp\/v2\/types\/post"}],"author":[{"embeddable":true,"href":"https:\/\/voyagesimpressionnistes.com\/en\/wp-json\/wp\/v2\/users\/2"}],"replies":[{"embeddable":true,"href":"https:\/\/voyagesimpressionnistes.com\/en\/wp-json\/wp\/v2\/comments?post=7931"}],"version-history":[{"count":4,"href":"https:\/\/voyagesimpressionnistes.com\/en\/wp-json\/wp\/v2\/posts\/7931\/revisions"}],"predecessor-version":[{"id":13248,"href":"https:\/\/voyagesimpressionnistes.com\/en\/wp-json\/wp\/v2\/posts\/7931\/revisions\/13248"}],"wp:featuredmedia":[{"embeddable":true,"href":"https:\/\/voyagesimpressionnistes.com\/en\/wp-json\/wp\/v2\/media\/8273"}],"wp:attachment":[{"href":"https:\/\/voyagesimpressionnistes.com\/en\/wp-json\/wp\/v2\/media?parent=7931"}],"wp:term":[{"taxonomy":"category","embeddable":true,"href":"https:\/\/voyagesimpressionnistes.com\/en\/wp-json\/wp\/v2\/categories?post=7931"},{"taxonomy":"slider_une","embeddable":true,"href":"https:\/\/voyagesimpressionnistes.com\/en\/wp-json\/wp\/v2\/slider_une?post=7931"},{"taxonomy":"regions","embeddable":true,"href":"https:\/\/voyagesimpressionnistes.com\/en\/wp-json\/wp\/v2\/regions?post=7931"},{"taxonomy":"coups_coeur","embeddable":true,"href":"https:\/\/voyagesimpressionnistes.com\/en\/wp-json\/wp\/v2\/coups_coeur?post=7931"},{"taxonomy":"inspiration-type","embeddable":true,"href":"https:\/\/voyagesimpressionnistes.com\/en\/wp-json\/wp\/v2\/inspiration-type?post=7931"},{"taxonomy":"label","embeddable":true,"href":"https:\/\/voyagesimpressionnistes.com\/en\/wp-json\/wp\/v2\/label?post=7931"},{"taxonomy":"categories-agenda","embeddable":true,"href":"https:\/\/voyagesimpressionnistes.com\/en\/wp-json\/wp\/v2\/categories-agenda?post=7931"}],"curies":[{"name":"wp","href":"https:\/\/api.w.org\/{rel}","templated":true}]}}