{"id":7937,"date":"2024-05-16T09:52:59","date_gmt":"2024-05-16T07:52:59","guid":{"rendered":"https:\/\/voyagesimpressionnistes.com\/?p=7937"},"modified":"2024-11-28T15:05:47","modified_gmt":"2024-11-28T14:05:47","slug":"o-dingos-o-chateaux","status":"publish","type":"post","link":"https:\/\/voyagesimpressionnistes.com\/en\/caen-the-cotentin\/o-dingos-o-chateaux\/","title":{"rendered":"\u00d4 dingos, \u00f4 ch\u00e2teaux"},"content":{"rendered":"<p>Avec ce titre inspir\u00e9 d&#8217;un po\u00e8me de Rimbaud, l&#8217;exposition <em>\u00d4 dingos, \u00f4 ch\u00e2teaux<\/em> pr\u00e9sente un ensemble d&#8217;\u0153uvres contemporaines r\u00e9unies pour leur excentricit\u00e9, pla\u00e7ant le ch\u00e2teau des Ravalet sous le signe de l\u2019exub\u00e9rance, avec de grands noms de la cr\u00e9ation internationale comme Blair Thurman, Michael Scott ou Caroline Bachmann.<\/p>\n<p>Apr\u00e8s le succ\u00e8s de l&#8217;exposition <em>La Belle Vie<\/em>, en 2022, la Ville de Cherbourg-en-Cotentin et le Frac Normandie poursuivent leur partenariat dans ce site embl\u00e9matique du patrimoine pour proposer une rencontre d&#8217;art contemporain international.<\/p>\n<p>Les pi\u00e8ces pr\u00e9sent\u00e9es placent le ch\u00e2teau sous le signe de la folie et de la d\u00e9cadence, en \u00e9cho \u00e0 l&#8217;histoire de certains de ses habitants. Elles sont pour la plupart des acquisitions r\u00e9centes du Frac et certaines sont montr\u00e9es pour la premi\u00e8re fois. Le titre de l&#8217;exposition est repris d\u2019un roman de Jean-Patrick Manchette, lui-m\u00eame clin d&#8217;\u0153il \u00e0 un po\u00e8me d&#8217;Arthur Rimbaud &#8220;\u00d4 saisons, \u00f4 ch\u00e2teaux !&#8221; (<em>Une Saison en Enfer<\/em>), o\u00f9 il est question de r\u00eaves de jeunesse envol\u00e9s.<\/p>\n<p>L&#8217;exposition <em>\u00d4 dingos, \u00f4 ch\u00e2teaux<\/em> se tient dans le cadre du <a href=\"https:\/\/voyagesimpressionnistes.com\/en\/giverny-its-surroundings\/festival-normandie-impressionniste-2024\/\">Festival Normandie Impressionniste 2024<\/a>, du 22 juin au 22 septembre 2024.<\/p>\n","protected":false},"excerpt":{"rendered":"<p>Avec ce titre inspir\u00e9 d&#8217;un po\u00e8me de Rimbaud, l&#8217;exposition \u00d4  [&#8230;]<\/p>\n","protected":false},"author":2,"featured_media":10059,"comment_status":"closed","ping_status":"closed","sticky":false,"template":"","format":"standard","meta":{"_acf_changed":false,"inline_featured_image":false,"_jetpack_memberships_contains_paid_content":false,"footnotes":""},"categories":[82],"slider_une":[],"regions":[133],"coups_coeur":[],"inspiration-type":[],"label":[141,143],"categories-agenda":[175],"class_list":["post-7937","post","type-post","status-publish","format-standard","has-post-thumbnail","hentry","category-caen-the-cotentin","tag-diary","regions-normandy","label-150-years","label-normandie-impressionniste-en","categories-agenda-contemporary-art-contemporain"],"acf":[],"yoast_head":"<!-- This site is optimized with the Yoast SEO plugin v26.3 - https:\/\/yoast.com\/wordpress\/plugins\/seo\/ -->\n<title>\u00d4 dingos \u00f4 ch\u00e2teaux - Impressionist adventures<\/title>\n<meta name=\"description\" content=\"Visitez l&#039;exposition &quot;\u00d4 dingos, \u00f4 ch\u00e2teaux&quot; au Chateau Ravalet de Cherbourg-en-Cotentin, r\u00e9unissant des \u0153uvres d&#039;art contemporain pour le FNI\" \/>\n<meta name=\"robots\" content=\"index, follow, max-snippet:-1, max-image-preview:large, max-video-preview:-1\" \/>\n<link rel=\"canonical\" href=\"https:\/\/voyagesimpressionnistes.com\/en\/caen-the-cotentin\/o-dingos-o-chateaux\/\" \/>\n<meta property=\"og:locale\" content=\"en_US\" \/>\n<meta property=\"og:type\" content=\"article\" \/>\n<meta property=\"og:title\" content=\"\u00d4 dingos \u00f4 ch\u00e2teaux - Impressionist adventures\" \/>\n<meta property=\"og:description\" content=\"Visitez l&#039;exposition &quot;\u00d4 dingos, \u00f4 ch\u00e2teaux&quot; au Chateau Ravalet de Cherbourg-en-Cotentin, r\u00e9unissant des \u0153uvres d&#039;art contemporain pour le FNI\" \/>\n<meta property=\"og:url\" content=\"https:\/\/voyagesimpressionnistes.com\/en\/caen-the-cotentin\/o-dingos-o-chateaux\/\" \/>\n<meta property=\"og:site_name\" content=\"Impressionist adventures\" \/>\n<meta property=\"article:publisher\" content=\"https:\/\/www.facebook.com\/LesVoyagesImpressionnistes\/\" \/>\n<meta property=\"article:published_time\" content=\"2024-05-16T07:52:59+00:00\" \/>\n<meta property=\"article:modified_time\" content=\"2024-11-28T14:05:47+00:00\" \/>\n<meta property=\"og:image\" content=\"https:\/\/voyagesimpressionnistes.com\/wp-content\/uploads\/2024\/02\/o-dingos-o-chateaux.webp\" \/>\n\t<meta property=\"og:image:width\" content=\"1400\" \/>\n\t<meta property=\"og:image:height\" content=\"1729\" \/>\n\t<meta property=\"og:image:type\" content=\"image\/webp\" \/>\n<meta name=\"author\" content=\"Phane\" \/>\n<meta name=\"twitter:card\" content=\"summary_large_image\" \/>\n<meta name=\"twitter:label1\" content=\"Written by\" \/>\n\t<meta name=\"twitter:data1\" content=\"Phane\" \/>\n\t<meta name=\"twitter:label2\" content=\"Est. reading time\" \/>\n\t<meta name=\"twitter:data2\" content=\"1 minute\" \/>\n<script type=\"application\/ld+json\" class=\"yoast-schema-graph\">{\"@context\":\"https:\/\/schema.org\",\"@graph\":[{\"@type\":[\"Article\",\"BlogPosting\"],\"@id\":\"https:\/\/voyagesimpressionnistes.com\/en\/caen-the-cotentin\/o-dingos-o-chateaux\/#article\",\"isPartOf\":{\"@id\":\"https:\/\/voyagesimpressionnistes.com\/en\/caen-the-cotentin\/o-dingos-o-chateaux\/\"},\"author\":{\"name\":\"Phane\",\"@id\":\"https:\/\/voyagesimpressionnistes.com\/en\/#\/schema\/person\/78c37c19aa7ae1bd6f4902f296c80e5f\"},\"headline\":\"\u00d4 dingos, \u00f4 ch\u00e2teaux\",\"datePublished\":\"2024-05-16T07:52:59+00:00\",\"dateModified\":\"2024-11-28T14:05:47+00:00\",\"mainEntityOfPage\":{\"@id\":\"https:\/\/voyagesimpressionnistes.com\/en\/caen-the-cotentin\/o-dingos-o-chateaux\/\"},\"wordCount\":210,\"publisher\":{\"@id\":\"https:\/\/voyagesimpressionnistes.com\/en\/#organization\"},\"image\":{\"@id\":\"https:\/\/voyagesimpressionnistes.com\/en\/caen-the-cotentin\/o-dingos-o-chateaux\/#primaryimage\"},\"thumbnailUrl\":\"https:\/\/voyagesimpressionnistes.com\/wp-content\/uploads\/2024\/02\/o-dingos-o-chateaux.webp\",\"keywords\":[\"Diary\"],\"articleSection\":[\"From Caen to the Cotentin\"],\"inLanguage\":\"en-US\"},{\"@type\":\"WebPage\",\"@id\":\"https:\/\/voyagesimpressionnistes.com\/en\/caen-the-cotentin\/o-dingos-o-chateaux\/\",\"url\":\"https:\/\/voyagesimpressionnistes.com\/en\/caen-the-cotentin\/o-dingos-o-chateaux\/\",\"name\":\"\u00d4 dingos \u00f4 ch\u00e2teaux - Impressionist adventures\",\"isPartOf\":{\"@id\":\"https:\/\/voyagesimpressionnistes.com\/en\/#website\"},\"primaryImageOfPage\":{\"@id\":\"https:\/\/voyagesimpressionnistes.com\/en\/caen-the-cotentin\/o-dingos-o-chateaux\/#primaryimage\"},\"image\":{\"@id\":\"https:\/\/voyagesimpressionnistes.com\/en\/caen-the-cotentin\/o-dingos-o-chateaux\/#primaryimage\"},\"thumbnailUrl\":\"https:\/\/voyagesimpressionnistes.com\/wp-content\/uploads\/2024\/02\/o-dingos-o-chateaux.webp\",\"datePublished\":\"2024-05-16T07:52:59+00:00\",\"dateModified\":\"2024-11-28T14:05:47+00:00\",\"description\":\"Visitez l'exposition \\\"\u00d4 dingos, \u00f4 ch\u00e2teaux\\\" au Chateau Ravalet de Cherbourg-en-Cotentin, r\u00e9unissant des \u0153uvres d'art contemporain pour le FNI\",\"breadcrumb\":{\"@id\":\"https:\/\/voyagesimpressionnistes.com\/en\/caen-the-cotentin\/o-dingos-o-chateaux\/#breadcrumb\"},\"inLanguage\":\"en-US\",\"potentialAction\":[{\"@type\":\"ReadAction\",\"target\":[\"https:\/\/voyagesimpressionnistes.com\/en\/caen-the-cotentin\/o-dingos-o-chateaux\/\"]}]},{\"@type\":\"ImageObject\",\"inLanguage\":\"en-US\",\"@id\":\"https:\/\/voyagesimpressionnistes.com\/en\/caen-the-cotentin\/o-dingos-o-chateaux\/#primaryimage\",\"url\":\"https:\/\/voyagesimpressionnistes.com\/wp-content\/uploads\/2024\/02\/o-dingos-o-chateaux.webp\",\"contentUrl\":\"https:\/\/voyagesimpressionnistes.com\/wp-content\/uploads\/2024\/02\/o-dingos-o-chateaux.webp\",\"width\":1400,\"height\":1729,\"caption\":\"\u00d4 dingos, \u00f4 ch\u00e2teaux, exposition d'art contemporain : Tursic & Mille, Le souvenir (d\u2019apr\u00e8s Jean-Baptiste Greuze), 2023 \u00a9 Cl\u00e9rin-Morin Photographie. Courtesy Galerie Pietro Sparta\"},{\"@type\":\"BreadcrumbList\",\"@id\":\"https:\/\/voyagesimpressionnistes.com\/en\/caen-the-cotentin\/o-dingos-o-chateaux\/#breadcrumb\",\"itemListElement\":[{\"@type\":\"ListItem\",\"position\":1,\"name\":\"From Caen to the Cotentin\",\"item\":\"https:\/\/voyagesimpressionnistes.com\/en\/caen-the-cotentin\/\"},{\"@type\":\"ListItem\",\"position\":2,\"name\":\"\u00d4 dingos, \u00f4 ch\u00e2teaux\"}]},{\"@type\":\"WebSite\",\"@id\":\"https:\/\/voyagesimpressionnistes.com\/en\/#website\",\"url\":\"https:\/\/voyagesimpressionnistes.com\/en\/\",\"name\":\"Impressionist adventures\",\"description\":\"Inspiring moments\",\"publisher\":{\"@id\":\"https:\/\/voyagesimpressionnistes.com\/en\/#organization\"},\"potentialAction\":[{\"@type\":\"SearchAction\",\"target\":{\"@type\":\"EntryPoint\",\"urlTemplate\":\"https:\/\/voyagesimpressionnistes.com\/en\/?s={search_term_string}\"},\"query-input\":{\"@type\":\"PropertyValueSpecification\",\"valueRequired\":true,\"valueName\":\"search_term_string\"}}],\"inLanguage\":\"en-US\"},{\"@type\":\"Organization\",\"@id\":\"https:\/\/voyagesimpressionnistes.com\/en\/#organization\",\"name\":\"Voyages Impressionnistes\",\"url\":\"https:\/\/voyagesimpressionnistes.com\/en\/\",\"logo\":{\"@type\":\"ImageObject\",\"inLanguage\":\"en-US\",\"@id\":\"https:\/\/voyagesimpressionnistes.com\/en\/#\/schema\/logo\/image\/\",\"url\":\"https:\/\/voyagesimpressionnistes.com\/wp-content\/uploads\/2021\/06\/vi-logo-507x216-1.svg\",\"contentUrl\":\"https:\/\/voyagesimpressionnistes.com\/wp-content\/uploads\/2021\/06\/vi-logo-507x216-1.svg\",\"width\":507,\"height\":216,\"caption\":\"Voyages Impressionnistes\"},\"image\":{\"@id\":\"https:\/\/voyagesimpressionnistes.com\/en\/#\/schema\/logo\/image\/\"},\"sameAs\":[\"https:\/\/www.facebook.com\/LesVoyagesImpressionnistes\/\"]},{\"@type\":\"Person\",\"@id\":\"https:\/\/voyagesimpressionnistes.com\/en\/#\/schema\/person\/78c37c19aa7ae1bd6f4902f296c80e5f\",\"name\":\"Phane\",\"image\":{\"@type\":\"ImageObject\",\"inLanguage\":\"en-US\",\"@id\":\"https:\/\/voyagesimpressionnistes.com\/en\/#\/schema\/person\/image\/\",\"url\":\"https:\/\/secure.gravatar.com\/avatar\/ea705fa375f21b62a2facac16bc19ee8d664629e3399a374a188d355bc5d00b9?s=96&d=mm&r=g\",\"contentUrl\":\"https:\/\/secure.gravatar.com\/avatar\/ea705fa375f21b62a2facac16bc19ee8d664629e3399a374a188d355bc5d00b9?s=96&d=mm&r=g\",\"caption\":\"Phane\"}}]}<\/script>\n<!-- \/ Yoast SEO plugin. -->","yoast_head_json":{"title":"\u00d4 dingos \u00f4 ch\u00e2teaux - Impressionist adventures","description":"Visitez l'exposition \"\u00d4 dingos, \u00f4 ch\u00e2teaux\" au Chateau Ravalet de Cherbourg-en-Cotentin, r\u00e9unissant des \u0153uvres d'art contemporain pour le FNI","robots":{"index":"index","follow":"follow","max-snippet":"max-snippet:-1","max-image-preview":"max-image-preview:large","max-video-preview":"max-video-preview:-1"},"canonical":"https:\/\/voyagesimpressionnistes.com\/en\/caen-the-cotentin\/o-dingos-o-chateaux\/","og_locale":"en_US","og_type":"article","og_title":"\u00d4 dingos \u00f4 ch\u00e2teaux - Impressionist adventures","og_description":"Visitez l'exposition \"\u00d4 dingos, \u00f4 ch\u00e2teaux\" au Chateau Ravalet de Cherbourg-en-Cotentin, r\u00e9unissant des \u0153uvres d'art contemporain pour le FNI","og_url":"https:\/\/voyagesimpressionnistes.com\/en\/caen-the-cotentin\/o-dingos-o-chateaux\/","og_site_name":"Impressionist adventures","article_publisher":"https:\/\/www.facebook.com\/LesVoyagesImpressionnistes\/","article_published_time":"2024-05-16T07:52:59+00:00","article_modified_time":"2024-11-28T14:05:47+00:00","og_image":[{"width":1400,"height":1729,"url":"https:\/\/voyagesimpressionnistes.com\/wp-content\/uploads\/2024\/02\/o-dingos-o-chateaux.webp","type":"image\/webp"}],"author":"Phane","twitter_card":"summary_large_image","twitter_misc":{"Written by":"Phane","Est. reading time":"1 minute"},"schema":{"@context":"https:\/\/schema.org","@graph":[{"@type":["Article","BlogPosting"],"@id":"https:\/\/voyagesimpressionnistes.com\/en\/caen-the-cotentin\/o-dingos-o-chateaux\/#article","isPartOf":{"@id":"https:\/\/voyagesimpressionnistes.com\/en\/caen-the-cotentin\/o-dingos-o-chateaux\/"},"author":{"name":"Phane","@id":"https:\/\/voyagesimpressionnistes.com\/en\/#\/schema\/person\/78c37c19aa7ae1bd6f4902f296c80e5f"},"headline":"\u00d4 dingos, \u00f4 ch\u00e2teaux","datePublished":"2024-05-16T07:52:59+00:00","dateModified":"2024-11-28T14:05:47+00:00","mainEntityOfPage":{"@id":"https:\/\/voyagesimpressionnistes.com\/en\/caen-the-cotentin\/o-dingos-o-chateaux\/"},"wordCount":210,"publisher":{"@id":"https:\/\/voyagesimpressionnistes.com\/en\/#organization"},"image":{"@id":"https:\/\/voyagesimpressionnistes.com\/en\/caen-the-cotentin\/o-dingos-o-chateaux\/#primaryimage"},"thumbnailUrl":"https:\/\/voyagesimpressionnistes.com\/wp-content\/uploads\/2024\/02\/o-dingos-o-chateaux.webp","keywords":["Diary"],"articleSection":["From Caen to the Cotentin"],"inLanguage":"en-US"},{"@type":"WebPage","@id":"https:\/\/voyagesimpressionnistes.com\/en\/caen-the-cotentin\/o-dingos-o-chateaux\/","url":"https:\/\/voyagesimpressionnistes.com\/en\/caen-the-cotentin\/o-dingos-o-chateaux\/","name":"\u00d4 dingos \u00f4 ch\u00e2teaux - Impressionist adventures","isPartOf":{"@id":"https:\/\/voyagesimpressionnistes.com\/en\/#website"},"primaryImageOfPage":{"@id":"https:\/\/voyagesimpressionnistes.com\/en\/caen-the-cotentin\/o-dingos-o-chateaux\/#primaryimage"},"image":{"@id":"https:\/\/voyagesimpressionnistes.com\/en\/caen-the-cotentin\/o-dingos-o-chateaux\/#primaryimage"},"thumbnailUrl":"https:\/\/voyagesimpressionnistes.com\/wp-content\/uploads\/2024\/02\/o-dingos-o-chateaux.webp","datePublished":"2024-05-16T07:52:59+00:00","dateModified":"2024-11-28T14:05:47+00:00","description":"Visitez l'exposition \"\u00d4 dingos, \u00f4 ch\u00e2teaux\" au Chateau Ravalet de Cherbourg-en-Cotentin, r\u00e9unissant des \u0153uvres d'art contemporain pour le FNI","breadcrumb":{"@id":"https:\/\/voyagesimpressionnistes.com\/en\/caen-the-cotentin\/o-dingos-o-chateaux\/#breadcrumb"},"inLanguage":"en-US","potentialAction":[{"@type":"ReadAction","target":["https:\/\/voyagesimpressionnistes.com\/en\/caen-the-cotentin\/o-dingos-o-chateaux\/"]}]},{"@type":"ImageObject","inLanguage":"en-US","@id":"https:\/\/voyagesimpressionnistes.com\/en\/caen-the-cotentin\/o-dingos-o-chateaux\/#primaryimage","url":"https:\/\/voyagesimpressionnistes.com\/wp-content\/uploads\/2024\/02\/o-dingos-o-chateaux.webp","contentUrl":"https:\/\/voyagesimpressionnistes.com\/wp-content\/uploads\/2024\/02\/o-dingos-o-chateaux.webp","width":1400,"height":1729,"caption":"\u00d4 dingos, \u00f4 ch\u00e2teaux, exposition d'art contemporain : Tursic & Mille, Le souvenir (d\u2019apr\u00e8s Jean-Baptiste Greuze), 2023 \u00a9 Cl\u00e9rin-Morin Photographie. Courtesy Galerie Pietro Sparta"},{"@type":"BreadcrumbList","@id":"https:\/\/voyagesimpressionnistes.com\/en\/caen-the-cotentin\/o-dingos-o-chateaux\/#breadcrumb","itemListElement":[{"@type":"ListItem","position":1,"name":"From Caen to the Cotentin","item":"https:\/\/voyagesimpressionnistes.com\/en\/caen-the-cotentin\/"},{"@type":"ListItem","position":2,"name":"\u00d4 dingos, \u00f4 ch\u00e2teaux"}]},{"@type":"WebSite","@id":"https:\/\/voyagesimpressionnistes.com\/en\/#website","url":"https:\/\/voyagesimpressionnistes.com\/en\/","name":"Impressionist adventures","description":"Inspiring moments","publisher":{"@id":"https:\/\/voyagesimpressionnistes.com\/en\/#organization"},"potentialAction":[{"@type":"SearchAction","target":{"@type":"EntryPoint","urlTemplate":"https:\/\/voyagesimpressionnistes.com\/en\/?s={search_term_string}"},"query-input":{"@type":"PropertyValueSpecification","valueRequired":true,"valueName":"search_term_string"}}],"inLanguage":"en-US"},{"@type":"Organization","@id":"https:\/\/voyagesimpressionnistes.com\/en\/#organization","name":"Voyages Impressionnistes","url":"https:\/\/voyagesimpressionnistes.com\/en\/","logo":{"@type":"ImageObject","inLanguage":"en-US","@id":"https:\/\/voyagesimpressionnistes.com\/en\/#\/schema\/logo\/image\/","url":"https:\/\/voyagesimpressionnistes.com\/wp-content\/uploads\/2021\/06\/vi-logo-507x216-1.svg","contentUrl":"https:\/\/voyagesimpressionnistes.com\/wp-content\/uploads\/2021\/06\/vi-logo-507x216-1.svg","width":507,"height":216,"caption":"Voyages Impressionnistes"},"image":{"@id":"https:\/\/voyagesimpressionnistes.com\/en\/#\/schema\/logo\/image\/"},"sameAs":["https:\/\/www.facebook.com\/LesVoyagesImpressionnistes\/"]},{"@type":"Person","@id":"https:\/\/voyagesimpressionnistes.com\/en\/#\/schema\/person\/78c37c19aa7ae1bd6f4902f296c80e5f","name":"Phane","image":{"@type":"ImageObject","inLanguage":"en-US","@id":"https:\/\/voyagesimpressionnistes.com\/en\/#\/schema\/person\/image\/","url":"https:\/\/secure.gravatar.com\/avatar\/ea705fa375f21b62a2facac16bc19ee8d664629e3399a374a188d355bc5d00b9?s=96&d=mm&r=g","contentUrl":"https:\/\/secure.gravatar.com\/avatar\/ea705fa375f21b62a2facac16bc19ee8d664629e3399a374a188d355bc5d00b9?s=96&d=mm&r=g","caption":"Phane"}}]}},"jetpack_featured_media_url":"https:\/\/voyagesimpressionnistes.com\/wp-content\/uploads\/2024\/02\/o-dingos-o-chateaux.webp","jetpack_sharing_enabled":true,"_links":{"self":[{"href":"https:\/\/voyagesimpressionnistes.com\/en\/wp-json\/wp\/v2\/posts\/7937","targetHints":{"allow":["GET"]}}],"collection":[{"href":"https:\/\/voyagesimpressionnistes.com\/en\/wp-json\/wp\/v2\/posts"}],"about":[{"href":"https:\/\/voyagesimpressionnistes.com\/en\/wp-json\/wp\/v2\/types\/post"}],"author":[{"embeddable":true,"href":"https:\/\/voyagesimpressionnistes.com\/en\/wp-json\/wp\/v2\/users\/2"}],"replies":[{"embeddable":true,"href":"https:\/\/voyagesimpressionnistes.com\/en\/wp-json\/wp\/v2\/comments?post=7937"}],"version-history":[{"count":3,"href":"https:\/\/voyagesimpressionnistes.com\/en\/wp-json\/wp\/v2\/posts\/7937\/revisions"}],"predecessor-version":[{"id":13602,"href":"https:\/\/voyagesimpressionnistes.com\/en\/wp-json\/wp\/v2\/posts\/7937\/revisions\/13602"}],"wp:featuredmedia":[{"embeddable":true,"href":"https:\/\/voyagesimpressionnistes.com\/en\/wp-json\/wp\/v2\/media\/10059"}],"wp:attachment":[{"href":"https:\/\/voyagesimpressionnistes.com\/en\/wp-json\/wp\/v2\/media?parent=7937"}],"wp:term":[{"taxonomy":"category","embeddable":true,"href":"https:\/\/voyagesimpressionnistes.com\/en\/wp-json\/wp\/v2\/categories?post=7937"},{"taxonomy":"slider_une","embeddable":true,"href":"https:\/\/voyagesimpressionnistes.com\/en\/wp-json\/wp\/v2\/slider_une?post=7937"},{"taxonomy":"regions","embeddable":true,"href":"https:\/\/voyagesimpressionnistes.com\/en\/wp-json\/wp\/v2\/regions?post=7937"},{"taxonomy":"coups_coeur","embeddable":true,"href":"https:\/\/voyagesimpressionnistes.com\/en\/wp-json\/wp\/v2\/coups_coeur?post=7937"},{"taxonomy":"inspiration-type","embeddable":true,"href":"https:\/\/voyagesimpressionnistes.com\/en\/wp-json\/wp\/v2\/inspiration-type?post=7937"},{"taxonomy":"label","embeddable":true,"href":"https:\/\/voyagesimpressionnistes.com\/en\/wp-json\/wp\/v2\/label?post=7937"},{"taxonomy":"categories-agenda","embeddable":true,"href":"https:\/\/voyagesimpressionnistes.com\/en\/wp-json\/wp\/v2\/categories-agenda?post=7937"}],"curies":[{"name":"wp","href":"https:\/\/api.w.org\/{rel}","templated":true}]}}