{"id":7957,"date":"2024-05-24T15:34:15","date_gmt":"2024-05-24T13:34:15","guid":{"rendered":"https:\/\/voyagesimpressionnistes.com\/?p=7957"},"modified":"2024-09-10T11:44:32","modified_gmt":"2024-09-10T09:44:32","slug":"la-couleur-est-la-lumiere","status":"publish","type":"post","link":"https:\/\/voyagesimpressionnistes.com\/en\/caen-the-cotentin\/la-couleur-est-la-lumiere\/","title":{"rendered":"La couleur est la lumi\u00e8re. Inventions historiques, exp\u00e9rimentations contemporaines"},"content":{"rendered":"<p>Avec <em>La couleur est la lumi\u00e8re. Inventions historiques, exp\u00e9rimentations contemporaines<\/em>, le Point du Jour, Centre d&#8217;art \u00e9diteur \u00e0 Cherbourg-en-Cotentin, propose une exposition d&#8217;art contemporain accompagn\u00e9e d&#8217;installations dans l&#8217;espace public, pour c\u00e9l\u00e9brer les 150 ans de la naissance de l&#8217;Impressionnisme.<\/p>\n<p>\u00c0 la fin du 19<sup>\u00e8me<\/sup> si\u00e8cle, photographes-inventeurs et peintres modernes partagent une m\u00eame passion pour la couleur. En confrontant images patrimoniales et photographies contemporaines, l&#8217;exposition r\u00e9v\u00e8le comment une invention technique r\u00e9sonne dans la cr\u00e9ation artistique actuelle.<\/p>\n<p>L&#8217;\u00e9v\u00e8nement <em>La couleur est la lumi\u00e8re. Inventions historiques, exp\u00e9rimentations contemporaines<\/em> est gratuit et se d\u00e9roule du 21 avril au 1<sup>er<\/sup> septembre 2024, dans le cadre du <a href=\"https:\/\/voyagesimpressionnistes.com\/en\/giverny-its-surroundings\/festival-normandie-impressionniste-2024\/\">Festival Normandie Impressionniste 2024<\/a>.<\/p>\n","protected":false},"excerpt":{"rendered":"<p>Avec La couleur est la lumi\u00e8re. Inventions historiques, exp\u00e9rimentations contemporaines,  [&#8230;]<\/p>\n","protected":false},"author":2,"featured_media":10287,"comment_status":"closed","ping_status":"closed","sticky":false,"template":"","format":"standard","meta":{"_acf_changed":false,"inline_featured_image":false,"_jetpack_memberships_contains_paid_content":false,"footnotes":""},"categories":[82],"slider_une":[],"regions":[133],"coups_coeur":[],"inspiration-type":[],"label":[141,143],"categories-agenda":[175],"class_list":["post-7957","post","type-post","status-publish","format-standard","has-post-thumbnail","hentry","category-caen-the-cotentin","tag-diary","regions-normandy","label-150-years","label-normandie-impressionniste-en","categories-agenda-contemporary-art-contemporain"],"acf":[],"yoast_head":"<!-- This site is optimized with the Yoast SEO plugin v26.3 - https:\/\/yoast.com\/wordpress\/plugins\/seo\/ -->\n<title>La couleur est la lumi\u00e8re - Impressionist adventures<\/title>\n<meta name=\"description\" content=\"Venez visiter l&#039;exposition d&#039;art contemporain &quot;La couleur est la lumi\u00e8re&quot; au Point du Jour \u00e0 Cherbourg-en-Cotentin, dans le cadre du FNI 2024\" \/>\n<meta name=\"robots\" content=\"index, follow, max-snippet:-1, max-image-preview:large, max-video-preview:-1\" \/>\n<link rel=\"canonical\" href=\"https:\/\/voyagesimpressionnistes.com\/en\/caen-the-cotentin\/la-couleur-est-la-lumiere\/\" \/>\n<meta property=\"og:locale\" content=\"en_US\" \/>\n<meta property=\"og:type\" content=\"article\" \/>\n<meta property=\"og:title\" content=\"La couleur est la lumi\u00e8re - Impressionist adventures\" \/>\n<meta property=\"og:description\" content=\"Venez visiter l&#039;exposition d&#039;art contemporain &quot;La couleur est la lumi\u00e8re&quot; au Point du Jour \u00e0 Cherbourg-en-Cotentin, dans le cadre du FNI 2024\" \/>\n<meta property=\"og:url\" content=\"https:\/\/voyagesimpressionnistes.com\/en\/caen-the-cotentin\/la-couleur-est-la-lumiere\/\" \/>\n<meta property=\"og:site_name\" content=\"Impressionist adventures\" \/>\n<meta property=\"article:publisher\" content=\"https:\/\/www.facebook.com\/LesVoyagesImpressionnistes\/\" \/>\n<meta property=\"article:published_time\" content=\"2024-05-24T13:34:15+00:00\" \/>\n<meta property=\"article:modified_time\" content=\"2024-09-10T09:44:32+00:00\" \/>\n<meta property=\"og:image\" content=\"https:\/\/voyagesimpressionnistes.com\/wp-content\/uploads\/2024\/02\/la-couleur-est-la-lumiere.jpeg\" \/>\n\t<meta property=\"og:image:width\" content=\"800\" \/>\n\t<meta property=\"og:image:height\" content=\"1200\" \/>\n\t<meta property=\"og:image:type\" content=\"image\/jpeg\" \/>\n<meta name=\"author\" content=\"Phane\" \/>\n<meta name=\"twitter:card\" content=\"summary_large_image\" \/>\n<meta name=\"twitter:label1\" content=\"Written by\" \/>\n\t<meta name=\"twitter:data1\" content=\"Phane\" \/>\n\t<meta name=\"twitter:label2\" content=\"Est. reading time\" \/>\n\t<meta name=\"twitter:data2\" content=\"1 minute\" \/>\n<script type=\"application\/ld+json\" class=\"yoast-schema-graph\">{\"@context\":\"https:\/\/schema.org\",\"@graph\":[{\"@type\":[\"Article\",\"BlogPosting\"],\"@id\":\"https:\/\/voyagesimpressionnistes.com\/en\/caen-the-cotentin\/la-couleur-est-la-lumiere\/#article\",\"isPartOf\":{\"@id\":\"https:\/\/voyagesimpressionnistes.com\/en\/caen-the-cotentin\/la-couleur-est-la-lumiere\/\"},\"author\":{\"name\":\"Phane\",\"@id\":\"https:\/\/voyagesimpressionnistes.com\/en\/#\/schema\/person\/78c37c19aa7ae1bd6f4902f296c80e5f\"},\"headline\":\"La couleur est la lumi\u00e8re. Inventions historiques, exp\u00e9rimentations contemporaines\",\"datePublished\":\"2024-05-24T13:34:15+00:00\",\"dateModified\":\"2024-09-10T09:44:32+00:00\",\"mainEntityOfPage\":{\"@id\":\"https:\/\/voyagesimpressionnistes.com\/en\/caen-the-cotentin\/la-couleur-est-la-lumiere\/\"},\"wordCount\":132,\"publisher\":{\"@id\":\"https:\/\/voyagesimpressionnistes.com\/en\/#organization\"},\"image\":{\"@id\":\"https:\/\/voyagesimpressionnistes.com\/en\/caen-the-cotentin\/la-couleur-est-la-lumiere\/#primaryimage\"},\"thumbnailUrl\":\"https:\/\/voyagesimpressionnistes.com\/wp-content\/uploads\/2024\/02\/la-couleur-est-la-lumiere.jpeg\",\"keywords\":[\"Diary\"],\"articleSection\":[\"From Caen to the Cotentin\"],\"inLanguage\":\"en-US\"},{\"@type\":\"WebPage\",\"@id\":\"https:\/\/voyagesimpressionnistes.com\/en\/caen-the-cotentin\/la-couleur-est-la-lumiere\/\",\"url\":\"https:\/\/voyagesimpressionnistes.com\/en\/caen-the-cotentin\/la-couleur-est-la-lumiere\/\",\"name\":\"La couleur est la lumi\u00e8re - Impressionist adventures\",\"isPartOf\":{\"@id\":\"https:\/\/voyagesimpressionnistes.com\/en\/#website\"},\"primaryImageOfPage\":{\"@id\":\"https:\/\/voyagesimpressionnistes.com\/en\/caen-the-cotentin\/la-couleur-est-la-lumiere\/#primaryimage\"},\"image\":{\"@id\":\"https:\/\/voyagesimpressionnistes.com\/en\/caen-the-cotentin\/la-couleur-est-la-lumiere\/#primaryimage\"},\"thumbnailUrl\":\"https:\/\/voyagesimpressionnistes.com\/wp-content\/uploads\/2024\/02\/la-couleur-est-la-lumiere.jpeg\",\"datePublished\":\"2024-05-24T13:34:15+00:00\",\"dateModified\":\"2024-09-10T09:44:32+00:00\",\"description\":\"Venez visiter l'exposition d'art contemporain \\\"La couleur est la lumi\u00e8re\\\" au Point du Jour \u00e0 Cherbourg-en-Cotentin, dans le cadre du FNI 2024\",\"breadcrumb\":{\"@id\":\"https:\/\/voyagesimpressionnistes.com\/en\/caen-the-cotentin\/la-couleur-est-la-lumiere\/#breadcrumb\"},\"inLanguage\":\"en-US\",\"potentialAction\":[{\"@type\":\"ReadAction\",\"target\":[\"https:\/\/voyagesimpressionnistes.com\/en\/caen-the-cotentin\/la-couleur-est-la-lumiere\/\"]}]},{\"@type\":\"ImageObject\",\"inLanguage\":\"en-US\",\"@id\":\"https:\/\/voyagesimpressionnistes.com\/en\/caen-the-cotentin\/la-couleur-est-la-lumiere\/#primaryimage\",\"url\":\"https:\/\/voyagesimpressionnistes.com\/wp-content\/uploads\/2024\/02\/la-couleur-est-la-lumiere.jpeg\",\"contentUrl\":\"https:\/\/voyagesimpressionnistes.com\/wp-content\/uploads\/2024\/02\/la-couleur-est-la-lumiere.jpeg\",\"width\":800,\"height\":1200,\"caption\":\"La couleur est la lumi\u00e8re : affiche de l'exposition\"},{\"@type\":\"BreadcrumbList\",\"@id\":\"https:\/\/voyagesimpressionnistes.com\/en\/caen-the-cotentin\/la-couleur-est-la-lumiere\/#breadcrumb\",\"itemListElement\":[{\"@type\":\"ListItem\",\"position\":1,\"name\":\"From Caen to the Cotentin\",\"item\":\"https:\/\/voyagesimpressionnistes.com\/en\/caen-the-cotentin\/\"},{\"@type\":\"ListItem\",\"position\":2,\"name\":\"La couleur est la lumi\u00e8re. Inventions historiques, exp\u00e9rimentations contemporaines\"}]},{\"@type\":\"WebSite\",\"@id\":\"https:\/\/voyagesimpressionnistes.com\/en\/#website\",\"url\":\"https:\/\/voyagesimpressionnistes.com\/en\/\",\"name\":\"Impressionist adventures\",\"description\":\"Inspiring moments\",\"publisher\":{\"@id\":\"https:\/\/voyagesimpressionnistes.com\/en\/#organization\"},\"potentialAction\":[{\"@type\":\"SearchAction\",\"target\":{\"@type\":\"EntryPoint\",\"urlTemplate\":\"https:\/\/voyagesimpressionnistes.com\/en\/?s={search_term_string}\"},\"query-input\":{\"@type\":\"PropertyValueSpecification\",\"valueRequired\":true,\"valueName\":\"search_term_string\"}}],\"inLanguage\":\"en-US\"},{\"@type\":\"Organization\",\"@id\":\"https:\/\/voyagesimpressionnistes.com\/en\/#organization\",\"name\":\"Voyages Impressionnistes\",\"url\":\"https:\/\/voyagesimpressionnistes.com\/en\/\",\"logo\":{\"@type\":\"ImageObject\",\"inLanguage\":\"en-US\",\"@id\":\"https:\/\/voyagesimpressionnistes.com\/en\/#\/schema\/logo\/image\/\",\"url\":\"https:\/\/voyagesimpressionnistes.com\/wp-content\/uploads\/2021\/06\/vi-logo-507x216-1.svg\",\"contentUrl\":\"https:\/\/voyagesimpressionnistes.com\/wp-content\/uploads\/2021\/06\/vi-logo-507x216-1.svg\",\"width\":507,\"height\":216,\"caption\":\"Voyages Impressionnistes\"},\"image\":{\"@id\":\"https:\/\/voyagesimpressionnistes.com\/en\/#\/schema\/logo\/image\/\"},\"sameAs\":[\"https:\/\/www.facebook.com\/LesVoyagesImpressionnistes\/\"]},{\"@type\":\"Person\",\"@id\":\"https:\/\/voyagesimpressionnistes.com\/en\/#\/schema\/person\/78c37c19aa7ae1bd6f4902f296c80e5f\",\"name\":\"Phane\",\"image\":{\"@type\":\"ImageObject\",\"inLanguage\":\"en-US\",\"@id\":\"https:\/\/voyagesimpressionnistes.com\/en\/#\/schema\/person\/image\/\",\"url\":\"https:\/\/secure.gravatar.com\/avatar\/ea705fa375f21b62a2facac16bc19ee8d664629e3399a374a188d355bc5d00b9?s=96&d=mm&r=g\",\"contentUrl\":\"https:\/\/secure.gravatar.com\/avatar\/ea705fa375f21b62a2facac16bc19ee8d664629e3399a374a188d355bc5d00b9?s=96&d=mm&r=g\",\"caption\":\"Phane\"}}]}<\/script>\n<!-- \/ Yoast SEO plugin. -->","yoast_head_json":{"title":"La couleur est la lumi\u00e8re - Impressionist adventures","description":"Venez visiter l'exposition d'art contemporain \"La couleur est la lumi\u00e8re\" au Point du Jour \u00e0 Cherbourg-en-Cotentin, dans le cadre du FNI 2024","robots":{"index":"index","follow":"follow","max-snippet":"max-snippet:-1","max-image-preview":"max-image-preview:large","max-video-preview":"max-video-preview:-1"},"canonical":"https:\/\/voyagesimpressionnistes.com\/en\/caen-the-cotentin\/la-couleur-est-la-lumiere\/","og_locale":"en_US","og_type":"article","og_title":"La couleur est la lumi\u00e8re - Impressionist adventures","og_description":"Venez visiter l'exposition d'art contemporain \"La couleur est la lumi\u00e8re\" au Point du Jour \u00e0 Cherbourg-en-Cotentin, dans le cadre du FNI 2024","og_url":"https:\/\/voyagesimpressionnistes.com\/en\/caen-the-cotentin\/la-couleur-est-la-lumiere\/","og_site_name":"Impressionist adventures","article_publisher":"https:\/\/www.facebook.com\/LesVoyagesImpressionnistes\/","article_published_time":"2024-05-24T13:34:15+00:00","article_modified_time":"2024-09-10T09:44:32+00:00","og_image":[{"width":800,"height":1200,"url":"https:\/\/voyagesimpressionnistes.com\/wp-content\/uploads\/2024\/02\/la-couleur-est-la-lumiere.jpeg","type":"image\/jpeg"}],"author":"Phane","twitter_card":"summary_large_image","twitter_misc":{"Written by":"Phane","Est. reading time":"1 minute"},"schema":{"@context":"https:\/\/schema.org","@graph":[{"@type":["Article","BlogPosting"],"@id":"https:\/\/voyagesimpressionnistes.com\/en\/caen-the-cotentin\/la-couleur-est-la-lumiere\/#article","isPartOf":{"@id":"https:\/\/voyagesimpressionnistes.com\/en\/caen-the-cotentin\/la-couleur-est-la-lumiere\/"},"author":{"name":"Phane","@id":"https:\/\/voyagesimpressionnistes.com\/en\/#\/schema\/person\/78c37c19aa7ae1bd6f4902f296c80e5f"},"headline":"La couleur est la lumi\u00e8re. Inventions historiques, exp\u00e9rimentations contemporaines","datePublished":"2024-05-24T13:34:15+00:00","dateModified":"2024-09-10T09:44:32+00:00","mainEntityOfPage":{"@id":"https:\/\/voyagesimpressionnistes.com\/en\/caen-the-cotentin\/la-couleur-est-la-lumiere\/"},"wordCount":132,"publisher":{"@id":"https:\/\/voyagesimpressionnistes.com\/en\/#organization"},"image":{"@id":"https:\/\/voyagesimpressionnistes.com\/en\/caen-the-cotentin\/la-couleur-est-la-lumiere\/#primaryimage"},"thumbnailUrl":"https:\/\/voyagesimpressionnistes.com\/wp-content\/uploads\/2024\/02\/la-couleur-est-la-lumiere.jpeg","keywords":["Diary"],"articleSection":["From Caen to the Cotentin"],"inLanguage":"en-US"},{"@type":"WebPage","@id":"https:\/\/voyagesimpressionnistes.com\/en\/caen-the-cotentin\/la-couleur-est-la-lumiere\/","url":"https:\/\/voyagesimpressionnistes.com\/en\/caen-the-cotentin\/la-couleur-est-la-lumiere\/","name":"La couleur est la lumi\u00e8re - Impressionist adventures","isPartOf":{"@id":"https:\/\/voyagesimpressionnistes.com\/en\/#website"},"primaryImageOfPage":{"@id":"https:\/\/voyagesimpressionnistes.com\/en\/caen-the-cotentin\/la-couleur-est-la-lumiere\/#primaryimage"},"image":{"@id":"https:\/\/voyagesimpressionnistes.com\/en\/caen-the-cotentin\/la-couleur-est-la-lumiere\/#primaryimage"},"thumbnailUrl":"https:\/\/voyagesimpressionnistes.com\/wp-content\/uploads\/2024\/02\/la-couleur-est-la-lumiere.jpeg","datePublished":"2024-05-24T13:34:15+00:00","dateModified":"2024-09-10T09:44:32+00:00","description":"Venez visiter l'exposition d'art contemporain \"La couleur est la lumi\u00e8re\" au Point du Jour \u00e0 Cherbourg-en-Cotentin, dans le cadre du FNI 2024","breadcrumb":{"@id":"https:\/\/voyagesimpressionnistes.com\/en\/caen-the-cotentin\/la-couleur-est-la-lumiere\/#breadcrumb"},"inLanguage":"en-US","potentialAction":[{"@type":"ReadAction","target":["https:\/\/voyagesimpressionnistes.com\/en\/caen-the-cotentin\/la-couleur-est-la-lumiere\/"]}]},{"@type":"ImageObject","inLanguage":"en-US","@id":"https:\/\/voyagesimpressionnistes.com\/en\/caen-the-cotentin\/la-couleur-est-la-lumiere\/#primaryimage","url":"https:\/\/voyagesimpressionnistes.com\/wp-content\/uploads\/2024\/02\/la-couleur-est-la-lumiere.jpeg","contentUrl":"https:\/\/voyagesimpressionnistes.com\/wp-content\/uploads\/2024\/02\/la-couleur-est-la-lumiere.jpeg","width":800,"height":1200,"caption":"La couleur est la lumi\u00e8re : affiche de l'exposition"},{"@type":"BreadcrumbList","@id":"https:\/\/voyagesimpressionnistes.com\/en\/caen-the-cotentin\/la-couleur-est-la-lumiere\/#breadcrumb","itemListElement":[{"@type":"ListItem","position":1,"name":"From Caen to the Cotentin","item":"https:\/\/voyagesimpressionnistes.com\/en\/caen-the-cotentin\/"},{"@type":"ListItem","position":2,"name":"La couleur est la lumi\u00e8re. Inventions historiques, exp\u00e9rimentations contemporaines"}]},{"@type":"WebSite","@id":"https:\/\/voyagesimpressionnistes.com\/en\/#website","url":"https:\/\/voyagesimpressionnistes.com\/en\/","name":"Impressionist adventures","description":"Inspiring moments","publisher":{"@id":"https:\/\/voyagesimpressionnistes.com\/en\/#organization"},"potentialAction":[{"@type":"SearchAction","target":{"@type":"EntryPoint","urlTemplate":"https:\/\/voyagesimpressionnistes.com\/en\/?s={search_term_string}"},"query-input":{"@type":"PropertyValueSpecification","valueRequired":true,"valueName":"search_term_string"}}],"inLanguage":"en-US"},{"@type":"Organization","@id":"https:\/\/voyagesimpressionnistes.com\/en\/#organization","name":"Voyages Impressionnistes","url":"https:\/\/voyagesimpressionnistes.com\/en\/","logo":{"@type":"ImageObject","inLanguage":"en-US","@id":"https:\/\/voyagesimpressionnistes.com\/en\/#\/schema\/logo\/image\/","url":"https:\/\/voyagesimpressionnistes.com\/wp-content\/uploads\/2021\/06\/vi-logo-507x216-1.svg","contentUrl":"https:\/\/voyagesimpressionnistes.com\/wp-content\/uploads\/2021\/06\/vi-logo-507x216-1.svg","width":507,"height":216,"caption":"Voyages Impressionnistes"},"image":{"@id":"https:\/\/voyagesimpressionnistes.com\/en\/#\/schema\/logo\/image\/"},"sameAs":["https:\/\/www.facebook.com\/LesVoyagesImpressionnistes\/"]},{"@type":"Person","@id":"https:\/\/voyagesimpressionnistes.com\/en\/#\/schema\/person\/78c37c19aa7ae1bd6f4902f296c80e5f","name":"Phane","image":{"@type":"ImageObject","inLanguage":"en-US","@id":"https:\/\/voyagesimpressionnistes.com\/en\/#\/schema\/person\/image\/","url":"https:\/\/secure.gravatar.com\/avatar\/ea705fa375f21b62a2facac16bc19ee8d664629e3399a374a188d355bc5d00b9?s=96&d=mm&r=g","contentUrl":"https:\/\/secure.gravatar.com\/avatar\/ea705fa375f21b62a2facac16bc19ee8d664629e3399a374a188d355bc5d00b9?s=96&d=mm&r=g","caption":"Phane"}}]}},"jetpack_featured_media_url":"https:\/\/voyagesimpressionnistes.com\/wp-content\/uploads\/2024\/02\/la-couleur-est-la-lumiere.jpeg","jetpack_sharing_enabled":true,"_links":{"self":[{"href":"https:\/\/voyagesimpressionnistes.com\/en\/wp-json\/wp\/v2\/posts\/7957","targetHints":{"allow":["GET"]}}],"collection":[{"href":"https:\/\/voyagesimpressionnistes.com\/en\/wp-json\/wp\/v2\/posts"}],"about":[{"href":"https:\/\/voyagesimpressionnistes.com\/en\/wp-json\/wp\/v2\/types\/post"}],"author":[{"embeddable":true,"href":"https:\/\/voyagesimpressionnistes.com\/en\/wp-json\/wp\/v2\/users\/2"}],"replies":[{"embeddable":true,"href":"https:\/\/voyagesimpressionnistes.com\/en\/wp-json\/wp\/v2\/comments?post=7957"}],"version-history":[{"count":3,"href":"https:\/\/voyagesimpressionnistes.com\/en\/wp-json\/wp\/v2\/posts\/7957\/revisions"}],"predecessor-version":[{"id":13087,"href":"https:\/\/voyagesimpressionnistes.com\/en\/wp-json\/wp\/v2\/posts\/7957\/revisions\/13087"}],"wp:featuredmedia":[{"embeddable":true,"href":"https:\/\/voyagesimpressionnistes.com\/en\/wp-json\/wp\/v2\/media\/10287"}],"wp:attachment":[{"href":"https:\/\/voyagesimpressionnistes.com\/en\/wp-json\/wp\/v2\/media?parent=7957"}],"wp:term":[{"taxonomy":"category","embeddable":true,"href":"https:\/\/voyagesimpressionnistes.com\/en\/wp-json\/wp\/v2\/categories?post=7957"},{"taxonomy":"slider_une","embeddable":true,"href":"https:\/\/voyagesimpressionnistes.com\/en\/wp-json\/wp\/v2\/slider_une?post=7957"},{"taxonomy":"regions","embeddable":true,"href":"https:\/\/voyagesimpressionnistes.com\/en\/wp-json\/wp\/v2\/regions?post=7957"},{"taxonomy":"coups_coeur","embeddable":true,"href":"https:\/\/voyagesimpressionnistes.com\/en\/wp-json\/wp\/v2\/coups_coeur?post=7957"},{"taxonomy":"inspiration-type","embeddable":true,"href":"https:\/\/voyagesimpressionnistes.com\/en\/wp-json\/wp\/v2\/inspiration-type?post=7957"},{"taxonomy":"label","embeddable":true,"href":"https:\/\/voyagesimpressionnistes.com\/en\/wp-json\/wp\/v2\/label?post=7957"},{"taxonomy":"categories-agenda","embeddable":true,"href":"https:\/\/voyagesimpressionnistes.com\/en\/wp-json\/wp\/v2\/categories-agenda?post=7957"}],"curies":[{"name":"wp","href":"https:\/\/api.w.org\/{rel}","templated":true}]}}