{"id":8322,"date":"2024-03-26T11:48:13","date_gmt":"2024-03-26T10:48:13","guid":{"rendered":"https:\/\/voyagesimpressionnistes.com\/?p=8322"},"modified":"2024-11-28T12:55:46","modified_gmt":"2024-11-28T11:55:46","slug":"atelier-de-peinture-en-plein-air-a-fecamp","status":"publish","type":"post","link":"https:\/\/voyagesimpressionnistes.com\/en\/cote-albatre\/atelier-de-peinture-en-plein-air-a-fecamp\/","title":{"rendered":"Atelier de peinture en plein air \u00e0 F\u00e9camp"},"content":{"rendered":"<p>Peindre en plein air les magnifiques paysages de la C\u00f4te d\u2019Alb\u00e2tre : voici un beau moment de partage propos\u00e9 par le <a href=\"https:\/\/voyagesimpressionnistes.com\/en\/giverny-its-surroundings\/festival-normandie-impressionniste-2024\/\">Festival Normandie Impressionniste 2024<\/a> avec l\u2019artiste peintre F\u00e9campoise Sophie Justet ! Les RDV Plein Air sont des ateliers \u00e0 ciel ouvert qui offrent aux participants une exp\u00e9rience immersive dans la nature et la culture de la r\u00e9gion.<\/p>\n<p>Avec pinceaux et toiles, Sophie Justet, artiste paysagiste normande, emm\u00e8ne les participants au c\u0153ur de la nature pour peindre sur l&#8217;instant les paysages cauchois \u00e0 la mani\u00e8re des Impressionnistes. Cette exp\u00e9rience empreinte d&#8217;\u00e9motions invite le public \u00e0 s&#8217;immerger pleinement dans cette ambiance artistique qui a inspir\u00e9 des artistes comme Claude Monet.<\/p>\n<p>Une peinture &#8220;de plein air&#8221; est, le plus souvent, peinte &#8220;sur le motif&#8221; : une \u0153uvre peinte \u00e0 l\u2019ext\u00e9rieur, dans la nature, devant le sujet (souvent un paysage) comme l\u2019ont fait les pr\u00e9-impressionnistes et les Impressionnistes, avec leur mat\u00e9riel (ch\u00e2ssis entoil\u00e9 et chevalet de campagne). Sophie propose de partir pendant 4 heures \u00e0 la recherche de ce motif. Bonne ambiance garantie et d\u00e9butants accept\u00e9s !<\/p>\n<p>Conditions de l&#8217;\u00e9v\u00e8nement :<\/p>\n<ul>\n<li>Dur\u00e9e 4h, atelier r\u00e9serv\u00e9 aux adultes.<\/li>\n<li>Le prix comprend : l\u2019animation et tout le mat\u00e9riel n\u00e9cessaire de peinture.<\/li>\n<li>Les ateliers auront lieu les 3 avril, 17 avril, 15 mai, 12 juin, 3 juillet, 17 juillet, 14 ao\u00fbt, 11 septembre, 16 octobre 2024, de 9h \u00e0 13h.<\/li>\n<\/ul>\n<h3>D\u00e9couvrez l&#8217;exp\u00e9rience &#8220;Peinture en plein air \u00e0 F\u00e9camp&#8221; en vid\u00e9o<\/h3>\n<div class=\"fusion-video fusion-youtube\" style=\"--awb-max-width:600px;--awb-max-height:360px;\"><div class=\"video-shortcode\"><div class=\"fluid-width-video-wrapper\" style=\"padding-top:60%;\" ><iframe data-privacy-type=\"youtube\" src=\"\" class=\"fusion-hidden lazyload\" title=\"YouTube video player 1\" data-privacy-src=\"https:\/\/www.youtube.com\/embed\/o1rmS1U_msM?wmode=transparent&autoplay=0\" data-orig-src=\"https:\/\/www.youtube.com\/embed\/o1rmS1U_msM?wmode=transparent&autoplay=0\" width=\"600\" height=\"360\" allowfullscreen allow=\"autoplay; clipboard-write; encrypted-media; gyroscope; picture-in-picture;\"><\/iframe><div class=\"fusion-privacy-placeholder\" style=\"width:600px; height:360px;\" data-privacy-type=\"youtube\"><div class=\"fusion-privacy-placeholder-content\"><div class=\"fusion-privacy-label\">For privacy reasons YouTube needs your permission to be loaded.<\/div><button data-privacy-type=\"youtube\" class=\"fusion-button button-default fusion-button-default-size button fusion-privacy-consent\">I Accept<\/button><\/div><\/div><\/div><\/div><\/div>\n","protected":false},"excerpt":{"rendered":"<p>Peindre en plein air les magnifiques paysages de la C\u00f4te  [&#8230;]<\/p>\n","protected":false},"author":2,"featured_media":8889,"comment_status":"closed","ping_status":"closed","sticky":false,"template":"","format":"standard","meta":{"_acf_changed":false,"inline_featured_image":false,"_jetpack_memberships_contains_paid_content":false,"footnotes":""},"categories":[85],"slider_une":[],"regions":[133],"coups_coeur":[],"inspiration-type":[],"label":[141,143],"categories-agenda":[176],"class_list":["post-8322","post","type-post","status-publish","format-standard","has-post-thumbnail","hentry","category-cote-albatre","tag-diary","regions-normandy","label-150-years","label-normandie-impressionniste-en","categories-agenda-guided-tour-workshop"],"acf":[],"yoast_head":"<!-- This site is optimized with the Yoast SEO plugin v26.3 - https:\/\/yoast.com\/wordpress\/plugins\/seo\/ -->\n<title>Peinture en plein air \u00e0 F\u00e9camp - Impressionist adventures<\/title>\n<meta name=\"description\" content=\"Inscrivez-vous pour un des ateliers de peinture en plein air propos\u00e9 par l&#039;OIT de F\u00e9camp dans le cadre du Festival Normandie Impressionniste.\" \/>\n<meta name=\"robots\" content=\"index, follow, max-snippet:-1, max-image-preview:large, max-video-preview:-1\" \/>\n<link rel=\"canonical\" href=\"https:\/\/voyagesimpressionnistes.com\/en\/cote-albatre\/atelier-de-peinture-en-plein-air-a-fecamp\/\" \/>\n<meta property=\"og:locale\" content=\"en_US\" \/>\n<meta property=\"og:type\" content=\"article\" \/>\n<meta property=\"og:title\" content=\"Peinture en plein air \u00e0 F\u00e9camp - Impressionist adventures\" \/>\n<meta property=\"og:description\" content=\"Inscrivez-vous pour un des ateliers de peinture en plein air propos\u00e9 par l&#039;OIT de F\u00e9camp dans le cadre du Festival Normandie Impressionniste.\" \/>\n<meta property=\"og:url\" content=\"https:\/\/voyagesimpressionnistes.com\/en\/cote-albatre\/atelier-de-peinture-en-plein-air-a-fecamp\/\" \/>\n<meta property=\"og:site_name\" content=\"Impressionist adventures\" \/>\n<meta property=\"article:publisher\" content=\"https:\/\/www.facebook.com\/LesVoyagesImpressionnistes\/\" \/>\n<meta property=\"article:published_time\" content=\"2024-03-26T10:48:13+00:00\" \/>\n<meta property=\"article:modified_time\" content=\"2024-11-28T11:55:46+00:00\" \/>\n<meta property=\"og:image\" content=\"https:\/\/voyagesimpressionnistes.com\/wp-content\/uploads\/2024\/03\/Experience_Normande___Peinture_a_l_huile_impressionniste_sur_la_cote_d_Albatre__Fecamp-Thomas_Le_Floc_H-24156-1600px.jpg\" \/>\n\t<meta property=\"og:image:width\" content=\"1064\" \/>\n\t<meta property=\"og:image:height\" content=\"1600\" \/>\n\t<meta property=\"og:image:type\" content=\"image\/jpeg\" \/>\n<meta name=\"author\" content=\"Phane\" \/>\n<meta name=\"twitter:card\" content=\"summary_large_image\" \/>\n<meta name=\"twitter:label1\" content=\"Written by\" \/>\n\t<meta name=\"twitter:data1\" content=\"Phane\" \/>\n\t<meta name=\"twitter:label2\" content=\"Est. reading time\" \/>\n\t<meta name=\"twitter:data2\" content=\"1 minute\" \/>\n<script type=\"application\/ld+json\" class=\"yoast-schema-graph\">{\"@context\":\"https:\/\/schema.org\",\"@graph\":[{\"@type\":[\"Article\",\"BlogPosting\"],\"@id\":\"https:\/\/voyagesimpressionnistes.com\/en\/cote-albatre\/atelier-de-peinture-en-plein-air-a-fecamp\/#article\",\"isPartOf\":{\"@id\":\"https:\/\/voyagesimpressionnistes.com\/en\/cote-albatre\/atelier-de-peinture-en-plein-air-a-fecamp\/\"},\"author\":{\"name\":\"Phane\",\"@id\":\"https:\/\/voyagesimpressionnistes.com\/en\/#\/schema\/person\/78c37c19aa7ae1bd6f4902f296c80e5f\"},\"headline\":\"Atelier de peinture en plein air \u00e0 F\u00e9camp\",\"datePublished\":\"2024-03-26T10:48:13+00:00\",\"dateModified\":\"2024-11-28T11:55:46+00:00\",\"mainEntityOfPage\":{\"@id\":\"https:\/\/voyagesimpressionnistes.com\/en\/cote-albatre\/atelier-de-peinture-en-plein-air-a-fecamp\/\"},\"wordCount\":303,\"publisher\":{\"@id\":\"https:\/\/voyagesimpressionnistes.com\/en\/#organization\"},\"image\":{\"@id\":\"https:\/\/voyagesimpressionnistes.com\/en\/cote-albatre\/atelier-de-peinture-en-plein-air-a-fecamp\/#primaryimage\"},\"thumbnailUrl\":\"https:\/\/voyagesimpressionnistes.com\/wp-content\/uploads\/2024\/03\/Experience_Normande___Peinture_a_l_huile_impressionniste_sur_la_cote_d_Albatre__Fecamp-Thomas_Le_Floc_H-24156-1600px.jpg\",\"keywords\":[\"Diary\"],\"articleSection\":[\"The C\u00f4te d\u2019Alb\u00e2tre\"],\"inLanguage\":\"en-US\"},{\"@type\":\"WebPage\",\"@id\":\"https:\/\/voyagesimpressionnistes.com\/en\/cote-albatre\/atelier-de-peinture-en-plein-air-a-fecamp\/\",\"url\":\"https:\/\/voyagesimpressionnistes.com\/en\/cote-albatre\/atelier-de-peinture-en-plein-air-a-fecamp\/\",\"name\":\"Peinture en plein air \u00e0 F\u00e9camp - Impressionist adventures\",\"isPartOf\":{\"@id\":\"https:\/\/voyagesimpressionnistes.com\/en\/#website\"},\"primaryImageOfPage\":{\"@id\":\"https:\/\/voyagesimpressionnistes.com\/en\/cote-albatre\/atelier-de-peinture-en-plein-air-a-fecamp\/#primaryimage\"},\"image\":{\"@id\":\"https:\/\/voyagesimpressionnistes.com\/en\/cote-albatre\/atelier-de-peinture-en-plein-air-a-fecamp\/#primaryimage\"},\"thumbnailUrl\":\"https:\/\/voyagesimpressionnistes.com\/wp-content\/uploads\/2024\/03\/Experience_Normande___Peinture_a_l_huile_impressionniste_sur_la_cote_d_Albatre__Fecamp-Thomas_Le_Floc_H-24156-1600px.jpg\",\"datePublished\":\"2024-03-26T10:48:13+00:00\",\"dateModified\":\"2024-11-28T11:55:46+00:00\",\"description\":\"Inscrivez-vous pour un des ateliers de peinture en plein air propos\u00e9 par l'OIT de F\u00e9camp dans le cadre du Festival Normandie Impressionniste.\",\"breadcrumb\":{\"@id\":\"https:\/\/voyagesimpressionnistes.com\/en\/cote-albatre\/atelier-de-peinture-en-plein-air-a-fecamp\/#breadcrumb\"},\"inLanguage\":\"en-US\",\"potentialAction\":[{\"@type\":\"ReadAction\",\"target\":[\"https:\/\/voyagesimpressionnistes.com\/en\/cote-albatre\/atelier-de-peinture-en-plein-air-a-fecamp\/\"]}]},{\"@type\":\"ImageObject\",\"inLanguage\":\"en-US\",\"@id\":\"https:\/\/voyagesimpressionnistes.com\/en\/cote-albatre\/atelier-de-peinture-en-plein-air-a-fecamp\/#primaryimage\",\"url\":\"https:\/\/voyagesimpressionnistes.com\/wp-content\/uploads\/2024\/03\/Experience_Normande___Peinture_a_l_huile_impressionniste_sur_la_cote_d_Albatre__Fecamp-Thomas_Le_Floc_H-24156-1600px.jpg\",\"contentUrl\":\"https:\/\/voyagesimpressionnistes.com\/wp-content\/uploads\/2024\/03\/Experience_Normande___Peinture_a_l_huile_impressionniste_sur_la_cote_d_Albatre__Fecamp-Thomas_Le_Floc_H-24156-1600px.jpg\",\"width\":1064,\"height\":1600,\"caption\":\"Peinture en plein air \u00e0 F\u00e9camp \u00a9 Thomas Le Floc\"},{\"@type\":\"BreadcrumbList\",\"@id\":\"https:\/\/voyagesimpressionnistes.com\/en\/cote-albatre\/atelier-de-peinture-en-plein-air-a-fecamp\/#breadcrumb\",\"itemListElement\":[{\"@type\":\"ListItem\",\"position\":1,\"name\":\"The C\u00f4te d\u2019Alb\u00e2tre\",\"item\":\"https:\/\/voyagesimpressionnistes.com\/en\/cote-albatre\/\"},{\"@type\":\"ListItem\",\"position\":2,\"name\":\"Atelier de peinture en plein air \u00e0 F\u00e9camp\"}]},{\"@type\":\"WebSite\",\"@id\":\"https:\/\/voyagesimpressionnistes.com\/en\/#website\",\"url\":\"https:\/\/voyagesimpressionnistes.com\/en\/\",\"name\":\"Impressionist adventures\",\"description\":\"Inspiring moments\",\"publisher\":{\"@id\":\"https:\/\/voyagesimpressionnistes.com\/en\/#organization\"},\"potentialAction\":[{\"@type\":\"SearchAction\",\"target\":{\"@type\":\"EntryPoint\",\"urlTemplate\":\"https:\/\/voyagesimpressionnistes.com\/en\/?s={search_term_string}\"},\"query-input\":{\"@type\":\"PropertyValueSpecification\",\"valueRequired\":true,\"valueName\":\"search_term_string\"}}],\"inLanguage\":\"en-US\"},{\"@type\":\"Organization\",\"@id\":\"https:\/\/voyagesimpressionnistes.com\/en\/#organization\",\"name\":\"Voyages Impressionnistes\",\"url\":\"https:\/\/voyagesimpressionnistes.com\/en\/\",\"logo\":{\"@type\":\"ImageObject\",\"inLanguage\":\"en-US\",\"@id\":\"https:\/\/voyagesimpressionnistes.com\/en\/#\/schema\/logo\/image\/\",\"url\":\"https:\/\/voyagesimpressionnistes.com\/wp-content\/uploads\/2021\/06\/vi-logo-507x216-1.svg\",\"contentUrl\":\"https:\/\/voyagesimpressionnistes.com\/wp-content\/uploads\/2021\/06\/vi-logo-507x216-1.svg\",\"width\":507,\"height\":216,\"caption\":\"Voyages Impressionnistes\"},\"image\":{\"@id\":\"https:\/\/voyagesimpressionnistes.com\/en\/#\/schema\/logo\/image\/\"},\"sameAs\":[\"https:\/\/www.facebook.com\/LesVoyagesImpressionnistes\/\"]},{\"@type\":\"Person\",\"@id\":\"https:\/\/voyagesimpressionnistes.com\/en\/#\/schema\/person\/78c37c19aa7ae1bd6f4902f296c80e5f\",\"name\":\"Phane\",\"image\":{\"@type\":\"ImageObject\",\"inLanguage\":\"en-US\",\"@id\":\"https:\/\/voyagesimpressionnistes.com\/en\/#\/schema\/person\/image\/\",\"url\":\"https:\/\/secure.gravatar.com\/avatar\/ea705fa375f21b62a2facac16bc19ee8d664629e3399a374a188d355bc5d00b9?s=96&d=mm&r=g\",\"contentUrl\":\"https:\/\/secure.gravatar.com\/avatar\/ea705fa375f21b62a2facac16bc19ee8d664629e3399a374a188d355bc5d00b9?s=96&d=mm&r=g\",\"caption\":\"Phane\"}}]}<\/script>\n<!-- \/ Yoast SEO plugin. -->","yoast_head_json":{"title":"Peinture en plein air \u00e0 F\u00e9camp - Impressionist adventures","description":"Inscrivez-vous pour un des ateliers de peinture en plein air propos\u00e9 par l'OIT de F\u00e9camp dans le cadre du Festival Normandie Impressionniste.","robots":{"index":"index","follow":"follow","max-snippet":"max-snippet:-1","max-image-preview":"max-image-preview:large","max-video-preview":"max-video-preview:-1"},"canonical":"https:\/\/voyagesimpressionnistes.com\/en\/cote-albatre\/atelier-de-peinture-en-plein-air-a-fecamp\/","og_locale":"en_US","og_type":"article","og_title":"Peinture en plein air \u00e0 F\u00e9camp - Impressionist adventures","og_description":"Inscrivez-vous pour un des ateliers de peinture en plein air propos\u00e9 par l'OIT de F\u00e9camp dans le cadre du Festival Normandie Impressionniste.","og_url":"https:\/\/voyagesimpressionnistes.com\/en\/cote-albatre\/atelier-de-peinture-en-plein-air-a-fecamp\/","og_site_name":"Impressionist adventures","article_publisher":"https:\/\/www.facebook.com\/LesVoyagesImpressionnistes\/","article_published_time":"2024-03-26T10:48:13+00:00","article_modified_time":"2024-11-28T11:55:46+00:00","og_image":[{"width":1064,"height":1600,"url":"https:\/\/voyagesimpressionnistes.com\/wp-content\/uploads\/2024\/03\/Experience_Normande___Peinture_a_l_huile_impressionniste_sur_la_cote_d_Albatre__Fecamp-Thomas_Le_Floc_H-24156-1600px.jpg","type":"image\/jpeg"}],"author":"Phane","twitter_card":"summary_large_image","twitter_misc":{"Written by":"Phane","Est. reading time":"1 minute"},"schema":{"@context":"https:\/\/schema.org","@graph":[{"@type":["Article","BlogPosting"],"@id":"https:\/\/voyagesimpressionnistes.com\/en\/cote-albatre\/atelier-de-peinture-en-plein-air-a-fecamp\/#article","isPartOf":{"@id":"https:\/\/voyagesimpressionnistes.com\/en\/cote-albatre\/atelier-de-peinture-en-plein-air-a-fecamp\/"},"author":{"name":"Phane","@id":"https:\/\/voyagesimpressionnistes.com\/en\/#\/schema\/person\/78c37c19aa7ae1bd6f4902f296c80e5f"},"headline":"Atelier de peinture en plein air \u00e0 F\u00e9camp","datePublished":"2024-03-26T10:48:13+00:00","dateModified":"2024-11-28T11:55:46+00:00","mainEntityOfPage":{"@id":"https:\/\/voyagesimpressionnistes.com\/en\/cote-albatre\/atelier-de-peinture-en-plein-air-a-fecamp\/"},"wordCount":303,"publisher":{"@id":"https:\/\/voyagesimpressionnistes.com\/en\/#organization"},"image":{"@id":"https:\/\/voyagesimpressionnistes.com\/en\/cote-albatre\/atelier-de-peinture-en-plein-air-a-fecamp\/#primaryimage"},"thumbnailUrl":"https:\/\/voyagesimpressionnistes.com\/wp-content\/uploads\/2024\/03\/Experience_Normande___Peinture_a_l_huile_impressionniste_sur_la_cote_d_Albatre__Fecamp-Thomas_Le_Floc_H-24156-1600px.jpg","keywords":["Diary"],"articleSection":["The C\u00f4te d\u2019Alb\u00e2tre"],"inLanguage":"en-US"},{"@type":"WebPage","@id":"https:\/\/voyagesimpressionnistes.com\/en\/cote-albatre\/atelier-de-peinture-en-plein-air-a-fecamp\/","url":"https:\/\/voyagesimpressionnistes.com\/en\/cote-albatre\/atelier-de-peinture-en-plein-air-a-fecamp\/","name":"Peinture en plein air \u00e0 F\u00e9camp - Impressionist adventures","isPartOf":{"@id":"https:\/\/voyagesimpressionnistes.com\/en\/#website"},"primaryImageOfPage":{"@id":"https:\/\/voyagesimpressionnistes.com\/en\/cote-albatre\/atelier-de-peinture-en-plein-air-a-fecamp\/#primaryimage"},"image":{"@id":"https:\/\/voyagesimpressionnistes.com\/en\/cote-albatre\/atelier-de-peinture-en-plein-air-a-fecamp\/#primaryimage"},"thumbnailUrl":"https:\/\/voyagesimpressionnistes.com\/wp-content\/uploads\/2024\/03\/Experience_Normande___Peinture_a_l_huile_impressionniste_sur_la_cote_d_Albatre__Fecamp-Thomas_Le_Floc_H-24156-1600px.jpg","datePublished":"2024-03-26T10:48:13+00:00","dateModified":"2024-11-28T11:55:46+00:00","description":"Inscrivez-vous pour un des ateliers de peinture en plein air propos\u00e9 par l'OIT de F\u00e9camp dans le cadre du Festival Normandie Impressionniste.","breadcrumb":{"@id":"https:\/\/voyagesimpressionnistes.com\/en\/cote-albatre\/atelier-de-peinture-en-plein-air-a-fecamp\/#breadcrumb"},"inLanguage":"en-US","potentialAction":[{"@type":"ReadAction","target":["https:\/\/voyagesimpressionnistes.com\/en\/cote-albatre\/atelier-de-peinture-en-plein-air-a-fecamp\/"]}]},{"@type":"ImageObject","inLanguage":"en-US","@id":"https:\/\/voyagesimpressionnistes.com\/en\/cote-albatre\/atelier-de-peinture-en-plein-air-a-fecamp\/#primaryimage","url":"https:\/\/voyagesimpressionnistes.com\/wp-content\/uploads\/2024\/03\/Experience_Normande___Peinture_a_l_huile_impressionniste_sur_la_cote_d_Albatre__Fecamp-Thomas_Le_Floc_H-24156-1600px.jpg","contentUrl":"https:\/\/voyagesimpressionnistes.com\/wp-content\/uploads\/2024\/03\/Experience_Normande___Peinture_a_l_huile_impressionniste_sur_la_cote_d_Albatre__Fecamp-Thomas_Le_Floc_H-24156-1600px.jpg","width":1064,"height":1600,"caption":"Peinture en plein air \u00e0 F\u00e9camp \u00a9 Thomas Le Floc"},{"@type":"BreadcrumbList","@id":"https:\/\/voyagesimpressionnistes.com\/en\/cote-albatre\/atelier-de-peinture-en-plein-air-a-fecamp\/#breadcrumb","itemListElement":[{"@type":"ListItem","position":1,"name":"The C\u00f4te d\u2019Alb\u00e2tre","item":"https:\/\/voyagesimpressionnistes.com\/en\/cote-albatre\/"},{"@type":"ListItem","position":2,"name":"Atelier de peinture en plein air \u00e0 F\u00e9camp"}]},{"@type":"WebSite","@id":"https:\/\/voyagesimpressionnistes.com\/en\/#website","url":"https:\/\/voyagesimpressionnistes.com\/en\/","name":"Impressionist adventures","description":"Inspiring moments","publisher":{"@id":"https:\/\/voyagesimpressionnistes.com\/en\/#organization"},"potentialAction":[{"@type":"SearchAction","target":{"@type":"EntryPoint","urlTemplate":"https:\/\/voyagesimpressionnistes.com\/en\/?s={search_term_string}"},"query-input":{"@type":"PropertyValueSpecification","valueRequired":true,"valueName":"search_term_string"}}],"inLanguage":"en-US"},{"@type":"Organization","@id":"https:\/\/voyagesimpressionnistes.com\/en\/#organization","name":"Voyages Impressionnistes","url":"https:\/\/voyagesimpressionnistes.com\/en\/","logo":{"@type":"ImageObject","inLanguage":"en-US","@id":"https:\/\/voyagesimpressionnistes.com\/en\/#\/schema\/logo\/image\/","url":"https:\/\/voyagesimpressionnistes.com\/wp-content\/uploads\/2021\/06\/vi-logo-507x216-1.svg","contentUrl":"https:\/\/voyagesimpressionnistes.com\/wp-content\/uploads\/2021\/06\/vi-logo-507x216-1.svg","width":507,"height":216,"caption":"Voyages Impressionnistes"},"image":{"@id":"https:\/\/voyagesimpressionnistes.com\/en\/#\/schema\/logo\/image\/"},"sameAs":["https:\/\/www.facebook.com\/LesVoyagesImpressionnistes\/"]},{"@type":"Person","@id":"https:\/\/voyagesimpressionnistes.com\/en\/#\/schema\/person\/78c37c19aa7ae1bd6f4902f296c80e5f","name":"Phane","image":{"@type":"ImageObject","inLanguage":"en-US","@id":"https:\/\/voyagesimpressionnistes.com\/en\/#\/schema\/person\/image\/","url":"https:\/\/secure.gravatar.com\/avatar\/ea705fa375f21b62a2facac16bc19ee8d664629e3399a374a188d355bc5d00b9?s=96&d=mm&r=g","contentUrl":"https:\/\/secure.gravatar.com\/avatar\/ea705fa375f21b62a2facac16bc19ee8d664629e3399a374a188d355bc5d00b9?s=96&d=mm&r=g","caption":"Phane"}}]}},"jetpack_featured_media_url":"https:\/\/voyagesimpressionnistes.com\/wp-content\/uploads\/2024\/03\/Experience_Normande___Peinture_a_l_huile_impressionniste_sur_la_cote_d_Albatre__Fecamp-Thomas_Le_Floc_H-24156-1600px.jpg","jetpack_sharing_enabled":true,"_links":{"self":[{"href":"https:\/\/voyagesimpressionnistes.com\/en\/wp-json\/wp\/v2\/posts\/8322","targetHints":{"allow":["GET"]}}],"collection":[{"href":"https:\/\/voyagesimpressionnistes.com\/en\/wp-json\/wp\/v2\/posts"}],"about":[{"href":"https:\/\/voyagesimpressionnistes.com\/en\/wp-json\/wp\/v2\/types\/post"}],"author":[{"embeddable":true,"href":"https:\/\/voyagesimpressionnistes.com\/en\/wp-json\/wp\/v2\/users\/2"}],"replies":[{"embeddable":true,"href":"https:\/\/voyagesimpressionnistes.com\/en\/wp-json\/wp\/v2\/comments?post=8322"}],"version-history":[{"count":11,"href":"https:\/\/voyagesimpressionnistes.com\/en\/wp-json\/wp\/v2\/posts\/8322\/revisions"}],"predecessor-version":[{"id":13534,"href":"https:\/\/voyagesimpressionnistes.com\/en\/wp-json\/wp\/v2\/posts\/8322\/revisions\/13534"}],"wp:featuredmedia":[{"embeddable":true,"href":"https:\/\/voyagesimpressionnistes.com\/en\/wp-json\/wp\/v2\/media\/8889"}],"wp:attachment":[{"href":"https:\/\/voyagesimpressionnistes.com\/en\/wp-json\/wp\/v2\/media?parent=8322"}],"wp:term":[{"taxonomy":"category","embeddable":true,"href":"https:\/\/voyagesimpressionnistes.com\/en\/wp-json\/wp\/v2\/categories?post=8322"},{"taxonomy":"slider_une","embeddable":true,"href":"https:\/\/voyagesimpressionnistes.com\/en\/wp-json\/wp\/v2\/slider_une?post=8322"},{"taxonomy":"regions","embeddable":true,"href":"https:\/\/voyagesimpressionnistes.com\/en\/wp-json\/wp\/v2\/regions?post=8322"},{"taxonomy":"coups_coeur","embeddable":true,"href":"https:\/\/voyagesimpressionnistes.com\/en\/wp-json\/wp\/v2\/coups_coeur?post=8322"},{"taxonomy":"inspiration-type","embeddable":true,"href":"https:\/\/voyagesimpressionnistes.com\/en\/wp-json\/wp\/v2\/inspiration-type?post=8322"},{"taxonomy":"label","embeddable":true,"href":"https:\/\/voyagesimpressionnistes.com\/en\/wp-json\/wp\/v2\/label?post=8322"},{"taxonomy":"categories-agenda","embeddable":true,"href":"https:\/\/voyagesimpressionnistes.com\/en\/wp-json\/wp\/v2\/categories-agenda?post=8322"}],"curies":[{"name":"wp","href":"https:\/\/api.w.org\/{rel}","templated":true}]}}