{"id":8328,"date":"2024-03-07T12:31:48","date_gmt":"2024-03-07T11:31:48","guid":{"rendered":"https:\/\/voyagesimpressionnistes.com\/?p=8328"},"modified":"2024-07-11T17:29:01","modified_gmt":"2024-07-11T15:29:01","slug":"balade-sensorielle-a-sassetot","status":"publish","type":"post","link":"https:\/\/voyagesimpressionnistes.com\/en\/cote-albatre\/balade-sensorielle-a-sassetot\/","title":{"rendered":"Balade sensorielle \u00e0 Sassetot-le-Mauconduit"},"content":{"rendered":"<p>Laissez-vous emporter par les mots lors de cette balade sensorielle m\u00e9langeant paysage et litt\u00e9rature \u00e0 Sassetot-le-Mauconduit&#8230; Sandrine Laurent, guide, conteuse et animatrice d&#8217;atelier d&#8217;\u00e9criture vous fait vivre une exp\u00e9rience sensorielle interactive et ludique. Vous serez replac\u00e9 au centre de l&#8217;histoire et explorerez le patrimoine dans toutes ses dimensions.<\/p>\n<p>Les RDV Plein Air sont des ateliers \u00e0 ciel ouvert qui offrent aux participants une exp\u00e9rience immersive dans la nature et la culture de la r\u00e9gion. Lors de visites sensorielles, de r\u00e9cits, d\u2019activit\u00e9s ludiques et d\u2019exp\u00e9riences virtuelles, Sandrine r\u00e9v\u00e8le la Normandie dans toute sa diversit\u00e9 et son originalit\u00e9. Ses visites sensorielles, ses randonn\u2019\u00e9criture, ses balades cont\u00e9es et ses jeux de piste offrent une d\u00e9couverte alternative de la r\u00e9gion. Pla\u00e7ant le visiteur au c\u0153ur de l\u2019exp\u00e9rience, elle joue le r\u00f4le de pilote de jeux et d\u2019animatrice.<\/p>\n<p>Ouvrir les sens, observer, ressentir, dessiner, go\u00fbter&#8230; pour vous offrir une immersion totale et un regard neuf sur notre patrimoine. Les th\u00e8mes abord\u00e9s seront l\u2019architecture baln\u00e9aire, l\u2019Impressionnisme et la mode des bains de mer, sans oublier Sissi.<\/p>\n<p>Pour participer \u00e0 cette balade sensorielle au d\u00e9part de Sassetot-le-Mauconduit, la r\u00e9servation est obligatoire. Elle aura lieu les 14 avril, 15 mai et 28 juillet, de 14h \u00e0 17h. La balade se d\u00e9compose en 1h de marche (d\u00e9nivel\u00e9 important) et 1h30 d&#8217;animation. N&#8217;oubliez pas de pr\u00e9voir des chaussures adapt\u00e9es et un stylo.<\/p>\n<p>Cette animation fait partie du programme \u00e9v\u00e9nementiel du <a href=\"https:\/\/voyagesimpressionnistes.com\/en\/giverny-its-surroundings\/festival-normandie-impressionniste-2024\/\">Festival Normandie Impressionniste 2024<\/a>.<\/p>\n<div class=\"fusion-button-wrapper\"><a class=\"fusion-button button-flat fusion-button-default-size button-default fusion-button-default button-1 fusion-button-default-span fusion-button-default-type\" target=\"_self\" href=\"https:\/\/boutique.fecamptourisme.com\/rdvpa\/balade-impressions-litteraires\"><span class=\"fusion-button-text awb-button__text awb-button__text--default\">R\u00e9servez votre balade sur le site de F\u00e9camp Tourisme<\/span><\/a><\/div>\n","protected":false},"excerpt":{"rendered":"<p>Laissez-vous emporter par les mots lors de cette balade sensorielle  [&#8230;]<\/p>\n","protected":false},"author":2,"featured_media":8346,"comment_status":"closed","ping_status":"closed","sticky":false,"template":"","format":"standard","meta":{"_acf_changed":false,"inline_featured_image":false,"_jetpack_memberships_contains_paid_content":false,"footnotes":""},"categories":[85],"slider_une":[],"regions":[133],"coups_coeur":[],"inspiration-type":[],"label":[141,143],"categories-agenda":[174],"class_list":["post-8328","post","type-post","status-publish","format-standard","has-post-thumbnail","hentry","category-cote-albatre","tag-diary","regions-normandy","label-150-years","label-normandie-impressionniste-en","categories-agenda-walk-hike"],"acf":[],"yoast_head":"<!-- This site is optimized with the Yoast SEO plugin v26.3 - https:\/\/yoast.com\/wordpress\/plugins\/seo\/ -->\n<title>Balade sensorielle \u00e0 Sassetot - Impressionist adventures<\/title>\n<meta name=\"description\" content=\"Inscrivez-vous pour une balade sensorielle, ludique et interactive \u00e0 Sassetot-le-Mauconduit, autour de la th\u00e9matique impressionniste.\" \/>\n<meta name=\"robots\" content=\"index, follow, max-snippet:-1, max-image-preview:large, max-video-preview:-1\" \/>\n<link rel=\"canonical\" href=\"https:\/\/voyagesimpressionnistes.com\/en\/cote-albatre\/balade-sensorielle-a-sassetot\/\" \/>\n<meta property=\"og:locale\" content=\"en_US\" \/>\n<meta property=\"og:type\" content=\"article\" \/>\n<meta property=\"og:title\" content=\"Balade sensorielle \u00e0 Sassetot - Impressionist adventures\" \/>\n<meta property=\"og:description\" content=\"Inscrivez-vous pour une balade sensorielle, ludique et interactive \u00e0 Sassetot-le-Mauconduit, autour de la th\u00e9matique impressionniste.\" \/>\n<meta property=\"og:url\" content=\"https:\/\/voyagesimpressionnistes.com\/en\/cote-albatre\/balade-sensorielle-a-sassetot\/\" \/>\n<meta property=\"og:site_name\" content=\"Impressionist adventures\" \/>\n<meta property=\"article:publisher\" content=\"https:\/\/www.facebook.com\/LesVoyagesImpressionnistes\/\" \/>\n<meta property=\"article:published_time\" content=\"2024-03-07T11:31:48+00:00\" \/>\n<meta property=\"article:modified_time\" content=\"2024-07-11T15:29:01+00:00\" \/>\n<meta property=\"og:image\" content=\"https:\/\/voyagesimpressionnistes.com\/wp-content\/uploads\/2024\/03\/balade-sensorielle-sassenot-fni2024.jpg\" \/>\n\t<meta property=\"og:image:width\" content=\"800\" \/>\n\t<meta property=\"og:image:height\" content=\"533\" \/>\n\t<meta property=\"og:image:type\" content=\"image\/jpeg\" \/>\n<meta name=\"author\" content=\"Phane\" \/>\n<meta name=\"twitter:card\" content=\"summary_large_image\" \/>\n<meta name=\"twitter:label1\" content=\"Written by\" \/>\n\t<meta name=\"twitter:data1\" content=\"Phane\" \/>\n\t<meta name=\"twitter:label2\" content=\"Est. reading time\" \/>\n\t<meta name=\"twitter:data2\" content=\"2 minutes\" \/>\n<script type=\"application\/ld+json\" class=\"yoast-schema-graph\">{\"@context\":\"https:\/\/schema.org\",\"@graph\":[{\"@type\":[\"Article\",\"BlogPosting\"],\"@id\":\"https:\/\/voyagesimpressionnistes.com\/en\/cote-albatre\/balade-sensorielle-a-sassetot\/#article\",\"isPartOf\":{\"@id\":\"https:\/\/voyagesimpressionnistes.com\/en\/cote-albatre\/balade-sensorielle-a-sassetot\/\"},\"author\":{\"name\":\"Phane\",\"@id\":\"https:\/\/voyagesimpressionnistes.com\/en\/#\/schema\/person\/78c37c19aa7ae1bd6f4902f296c80e5f\"},\"headline\":\"Balade sensorielle \u00e0 Sassetot-le-Mauconduit\",\"datePublished\":\"2024-03-07T11:31:48+00:00\",\"dateModified\":\"2024-07-11T15:29:01+00:00\",\"mainEntityOfPage\":{\"@id\":\"https:\/\/voyagesimpressionnistes.com\/en\/cote-albatre\/balade-sensorielle-a-sassetot\/\"},\"wordCount\":443,\"publisher\":{\"@id\":\"https:\/\/voyagesimpressionnistes.com\/en\/#organization\"},\"image\":{\"@id\":\"https:\/\/voyagesimpressionnistes.com\/en\/cote-albatre\/balade-sensorielle-a-sassetot\/#primaryimage\"},\"thumbnailUrl\":\"https:\/\/voyagesimpressionnistes.com\/wp-content\/uploads\/2024\/03\/balade-sensorielle-sassenot-fni2024.jpg\",\"keywords\":[\"Diary\"],\"articleSection\":[\"The C\u00f4te d\u2019Alb\u00e2tre\"],\"inLanguage\":\"en-US\"},{\"@type\":\"WebPage\",\"@id\":\"https:\/\/voyagesimpressionnistes.com\/en\/cote-albatre\/balade-sensorielle-a-sassetot\/\",\"url\":\"https:\/\/voyagesimpressionnistes.com\/en\/cote-albatre\/balade-sensorielle-a-sassetot\/\",\"name\":\"Balade sensorielle \u00e0 Sassetot - Impressionist adventures\",\"isPartOf\":{\"@id\":\"https:\/\/voyagesimpressionnistes.com\/en\/#website\"},\"primaryImageOfPage\":{\"@id\":\"https:\/\/voyagesimpressionnistes.com\/en\/cote-albatre\/balade-sensorielle-a-sassetot\/#primaryimage\"},\"image\":{\"@id\":\"https:\/\/voyagesimpressionnistes.com\/en\/cote-albatre\/balade-sensorielle-a-sassetot\/#primaryimage\"},\"thumbnailUrl\":\"https:\/\/voyagesimpressionnistes.com\/wp-content\/uploads\/2024\/03\/balade-sensorielle-sassenot-fni2024.jpg\",\"datePublished\":\"2024-03-07T11:31:48+00:00\",\"dateModified\":\"2024-07-11T15:29:01+00:00\",\"description\":\"Inscrivez-vous pour une balade sensorielle, ludique et interactive \u00e0 Sassetot-le-Mauconduit, autour de la th\u00e9matique impressionniste.\",\"breadcrumb\":{\"@id\":\"https:\/\/voyagesimpressionnistes.com\/en\/cote-albatre\/balade-sensorielle-a-sassetot\/#breadcrumb\"},\"inLanguage\":\"en-US\",\"potentialAction\":[{\"@type\":\"ReadAction\",\"target\":[\"https:\/\/voyagesimpressionnistes.com\/en\/cote-albatre\/balade-sensorielle-a-sassetot\/\"]}]},{\"@type\":\"ImageObject\",\"inLanguage\":\"en-US\",\"@id\":\"https:\/\/voyagesimpressionnistes.com\/en\/cote-albatre\/balade-sensorielle-a-sassetot\/#primaryimage\",\"url\":\"https:\/\/voyagesimpressionnistes.com\/wp-content\/uploads\/2024\/03\/balade-sensorielle-sassenot-fni2024.jpg\",\"contentUrl\":\"https:\/\/voyagesimpressionnistes.com\/wp-content\/uploads\/2024\/03\/balade-sensorielle-sassenot-fni2024.jpg\",\"width\":800,\"height\":533,\"caption\":\"Balade sensorielle \u00e0 Sassetot-le-Mauconduit \u00a9 OIT FECAMP\"},{\"@type\":\"BreadcrumbList\",\"@id\":\"https:\/\/voyagesimpressionnistes.com\/en\/cote-albatre\/balade-sensorielle-a-sassetot\/#breadcrumb\",\"itemListElement\":[{\"@type\":\"ListItem\",\"position\":1,\"name\":\"The C\u00f4te d\u2019Alb\u00e2tre\",\"item\":\"https:\/\/voyagesimpressionnistes.com\/en\/cote-albatre\/\"},{\"@type\":\"ListItem\",\"position\":2,\"name\":\"Balade sensorielle \u00e0 Sassetot-le-Mauconduit\"}]},{\"@type\":\"WebSite\",\"@id\":\"https:\/\/voyagesimpressionnistes.com\/en\/#website\",\"url\":\"https:\/\/voyagesimpressionnistes.com\/en\/\",\"name\":\"Impressionist adventures\",\"description\":\"Inspiring moments\",\"publisher\":{\"@id\":\"https:\/\/voyagesimpressionnistes.com\/en\/#organization\"},\"potentialAction\":[{\"@type\":\"SearchAction\",\"target\":{\"@type\":\"EntryPoint\",\"urlTemplate\":\"https:\/\/voyagesimpressionnistes.com\/en\/?s={search_term_string}\"},\"query-input\":{\"@type\":\"PropertyValueSpecification\",\"valueRequired\":true,\"valueName\":\"search_term_string\"}}],\"inLanguage\":\"en-US\"},{\"@type\":\"Organization\",\"@id\":\"https:\/\/voyagesimpressionnistes.com\/en\/#organization\",\"name\":\"Voyages Impressionnistes\",\"url\":\"https:\/\/voyagesimpressionnistes.com\/en\/\",\"logo\":{\"@type\":\"ImageObject\",\"inLanguage\":\"en-US\",\"@id\":\"https:\/\/voyagesimpressionnistes.com\/en\/#\/schema\/logo\/image\/\",\"url\":\"https:\/\/voyagesimpressionnistes.com\/wp-content\/uploads\/2021\/06\/vi-logo-507x216-1.svg\",\"contentUrl\":\"https:\/\/voyagesimpressionnistes.com\/wp-content\/uploads\/2021\/06\/vi-logo-507x216-1.svg\",\"width\":507,\"height\":216,\"caption\":\"Voyages Impressionnistes\"},\"image\":{\"@id\":\"https:\/\/voyagesimpressionnistes.com\/en\/#\/schema\/logo\/image\/\"},\"sameAs\":[\"https:\/\/www.facebook.com\/LesVoyagesImpressionnistes\/\"]},{\"@type\":\"Person\",\"@id\":\"https:\/\/voyagesimpressionnistes.com\/en\/#\/schema\/person\/78c37c19aa7ae1bd6f4902f296c80e5f\",\"name\":\"Phane\",\"image\":{\"@type\":\"ImageObject\",\"inLanguage\":\"en-US\",\"@id\":\"https:\/\/voyagesimpressionnistes.com\/en\/#\/schema\/person\/image\/\",\"url\":\"https:\/\/secure.gravatar.com\/avatar\/ea705fa375f21b62a2facac16bc19ee8d664629e3399a374a188d355bc5d00b9?s=96&d=mm&r=g\",\"contentUrl\":\"https:\/\/secure.gravatar.com\/avatar\/ea705fa375f21b62a2facac16bc19ee8d664629e3399a374a188d355bc5d00b9?s=96&d=mm&r=g\",\"caption\":\"Phane\"}}]}<\/script>\n<!-- \/ Yoast SEO plugin. -->","yoast_head_json":{"title":"Balade sensorielle \u00e0 Sassetot - Impressionist adventures","description":"Inscrivez-vous pour une balade sensorielle, ludique et interactive \u00e0 Sassetot-le-Mauconduit, autour de la th\u00e9matique impressionniste.","robots":{"index":"index","follow":"follow","max-snippet":"max-snippet:-1","max-image-preview":"max-image-preview:large","max-video-preview":"max-video-preview:-1"},"canonical":"https:\/\/voyagesimpressionnistes.com\/en\/cote-albatre\/balade-sensorielle-a-sassetot\/","og_locale":"en_US","og_type":"article","og_title":"Balade sensorielle \u00e0 Sassetot - Impressionist adventures","og_description":"Inscrivez-vous pour une balade sensorielle, ludique et interactive \u00e0 Sassetot-le-Mauconduit, autour de la th\u00e9matique impressionniste.","og_url":"https:\/\/voyagesimpressionnistes.com\/en\/cote-albatre\/balade-sensorielle-a-sassetot\/","og_site_name":"Impressionist adventures","article_publisher":"https:\/\/www.facebook.com\/LesVoyagesImpressionnistes\/","article_published_time":"2024-03-07T11:31:48+00:00","article_modified_time":"2024-07-11T15:29:01+00:00","og_image":[{"width":800,"height":533,"url":"https:\/\/voyagesimpressionnistes.com\/wp-content\/uploads\/2024\/03\/balade-sensorielle-sassenot-fni2024.jpg","type":"image\/jpeg"}],"author":"Phane","twitter_card":"summary_large_image","twitter_misc":{"Written by":"Phane","Est. reading time":"2 minutes"},"schema":{"@context":"https:\/\/schema.org","@graph":[{"@type":["Article","BlogPosting"],"@id":"https:\/\/voyagesimpressionnistes.com\/en\/cote-albatre\/balade-sensorielle-a-sassetot\/#article","isPartOf":{"@id":"https:\/\/voyagesimpressionnistes.com\/en\/cote-albatre\/balade-sensorielle-a-sassetot\/"},"author":{"name":"Phane","@id":"https:\/\/voyagesimpressionnistes.com\/en\/#\/schema\/person\/78c37c19aa7ae1bd6f4902f296c80e5f"},"headline":"Balade sensorielle \u00e0 Sassetot-le-Mauconduit","datePublished":"2024-03-07T11:31:48+00:00","dateModified":"2024-07-11T15:29:01+00:00","mainEntityOfPage":{"@id":"https:\/\/voyagesimpressionnistes.com\/en\/cote-albatre\/balade-sensorielle-a-sassetot\/"},"wordCount":443,"publisher":{"@id":"https:\/\/voyagesimpressionnistes.com\/en\/#organization"},"image":{"@id":"https:\/\/voyagesimpressionnistes.com\/en\/cote-albatre\/balade-sensorielle-a-sassetot\/#primaryimage"},"thumbnailUrl":"https:\/\/voyagesimpressionnistes.com\/wp-content\/uploads\/2024\/03\/balade-sensorielle-sassenot-fni2024.jpg","keywords":["Diary"],"articleSection":["The C\u00f4te d\u2019Alb\u00e2tre"],"inLanguage":"en-US"},{"@type":"WebPage","@id":"https:\/\/voyagesimpressionnistes.com\/en\/cote-albatre\/balade-sensorielle-a-sassetot\/","url":"https:\/\/voyagesimpressionnistes.com\/en\/cote-albatre\/balade-sensorielle-a-sassetot\/","name":"Balade sensorielle \u00e0 Sassetot - Impressionist adventures","isPartOf":{"@id":"https:\/\/voyagesimpressionnistes.com\/en\/#website"},"primaryImageOfPage":{"@id":"https:\/\/voyagesimpressionnistes.com\/en\/cote-albatre\/balade-sensorielle-a-sassetot\/#primaryimage"},"image":{"@id":"https:\/\/voyagesimpressionnistes.com\/en\/cote-albatre\/balade-sensorielle-a-sassetot\/#primaryimage"},"thumbnailUrl":"https:\/\/voyagesimpressionnistes.com\/wp-content\/uploads\/2024\/03\/balade-sensorielle-sassenot-fni2024.jpg","datePublished":"2024-03-07T11:31:48+00:00","dateModified":"2024-07-11T15:29:01+00:00","description":"Inscrivez-vous pour une balade sensorielle, ludique et interactive \u00e0 Sassetot-le-Mauconduit, autour de la th\u00e9matique impressionniste.","breadcrumb":{"@id":"https:\/\/voyagesimpressionnistes.com\/en\/cote-albatre\/balade-sensorielle-a-sassetot\/#breadcrumb"},"inLanguage":"en-US","potentialAction":[{"@type":"ReadAction","target":["https:\/\/voyagesimpressionnistes.com\/en\/cote-albatre\/balade-sensorielle-a-sassetot\/"]}]},{"@type":"ImageObject","inLanguage":"en-US","@id":"https:\/\/voyagesimpressionnistes.com\/en\/cote-albatre\/balade-sensorielle-a-sassetot\/#primaryimage","url":"https:\/\/voyagesimpressionnistes.com\/wp-content\/uploads\/2024\/03\/balade-sensorielle-sassenot-fni2024.jpg","contentUrl":"https:\/\/voyagesimpressionnistes.com\/wp-content\/uploads\/2024\/03\/balade-sensorielle-sassenot-fni2024.jpg","width":800,"height":533,"caption":"Balade sensorielle \u00e0 Sassetot-le-Mauconduit \u00a9 OIT FECAMP"},{"@type":"BreadcrumbList","@id":"https:\/\/voyagesimpressionnistes.com\/en\/cote-albatre\/balade-sensorielle-a-sassetot\/#breadcrumb","itemListElement":[{"@type":"ListItem","position":1,"name":"The C\u00f4te d\u2019Alb\u00e2tre","item":"https:\/\/voyagesimpressionnistes.com\/en\/cote-albatre\/"},{"@type":"ListItem","position":2,"name":"Balade sensorielle \u00e0 Sassetot-le-Mauconduit"}]},{"@type":"WebSite","@id":"https:\/\/voyagesimpressionnistes.com\/en\/#website","url":"https:\/\/voyagesimpressionnistes.com\/en\/","name":"Impressionist adventures","description":"Inspiring moments","publisher":{"@id":"https:\/\/voyagesimpressionnistes.com\/en\/#organization"},"potentialAction":[{"@type":"SearchAction","target":{"@type":"EntryPoint","urlTemplate":"https:\/\/voyagesimpressionnistes.com\/en\/?s={search_term_string}"},"query-input":{"@type":"PropertyValueSpecification","valueRequired":true,"valueName":"search_term_string"}}],"inLanguage":"en-US"},{"@type":"Organization","@id":"https:\/\/voyagesimpressionnistes.com\/en\/#organization","name":"Voyages Impressionnistes","url":"https:\/\/voyagesimpressionnistes.com\/en\/","logo":{"@type":"ImageObject","inLanguage":"en-US","@id":"https:\/\/voyagesimpressionnistes.com\/en\/#\/schema\/logo\/image\/","url":"https:\/\/voyagesimpressionnistes.com\/wp-content\/uploads\/2021\/06\/vi-logo-507x216-1.svg","contentUrl":"https:\/\/voyagesimpressionnistes.com\/wp-content\/uploads\/2021\/06\/vi-logo-507x216-1.svg","width":507,"height":216,"caption":"Voyages Impressionnistes"},"image":{"@id":"https:\/\/voyagesimpressionnistes.com\/en\/#\/schema\/logo\/image\/"},"sameAs":["https:\/\/www.facebook.com\/LesVoyagesImpressionnistes\/"]},{"@type":"Person","@id":"https:\/\/voyagesimpressionnistes.com\/en\/#\/schema\/person\/78c37c19aa7ae1bd6f4902f296c80e5f","name":"Phane","image":{"@type":"ImageObject","inLanguage":"en-US","@id":"https:\/\/voyagesimpressionnistes.com\/en\/#\/schema\/person\/image\/","url":"https:\/\/secure.gravatar.com\/avatar\/ea705fa375f21b62a2facac16bc19ee8d664629e3399a374a188d355bc5d00b9?s=96&d=mm&r=g","contentUrl":"https:\/\/secure.gravatar.com\/avatar\/ea705fa375f21b62a2facac16bc19ee8d664629e3399a374a188d355bc5d00b9?s=96&d=mm&r=g","caption":"Phane"}}]}},"jetpack_featured_media_url":"https:\/\/voyagesimpressionnistes.com\/wp-content\/uploads\/2024\/03\/balade-sensorielle-sassenot-fni2024.jpg","jetpack_sharing_enabled":true,"_links":{"self":[{"href":"https:\/\/voyagesimpressionnistes.com\/en\/wp-json\/wp\/v2\/posts\/8328","targetHints":{"allow":["GET"]}}],"collection":[{"href":"https:\/\/voyagesimpressionnistes.com\/en\/wp-json\/wp\/v2\/posts"}],"about":[{"href":"https:\/\/voyagesimpressionnistes.com\/en\/wp-json\/wp\/v2\/types\/post"}],"author":[{"embeddable":true,"href":"https:\/\/voyagesimpressionnistes.com\/en\/wp-json\/wp\/v2\/users\/2"}],"replies":[{"embeddable":true,"href":"https:\/\/voyagesimpressionnistes.com\/en\/wp-json\/wp\/v2\/comments?post=8328"}],"version-history":[{"count":6,"href":"https:\/\/voyagesimpressionnistes.com\/en\/wp-json\/wp\/v2\/posts\/8328\/revisions"}],"predecessor-version":[{"id":10084,"href":"https:\/\/voyagesimpressionnistes.com\/en\/wp-json\/wp\/v2\/posts\/8328\/revisions\/10084"}],"wp:featuredmedia":[{"embeddable":true,"href":"https:\/\/voyagesimpressionnistes.com\/en\/wp-json\/wp\/v2\/media\/8346"}],"wp:attachment":[{"href":"https:\/\/voyagesimpressionnistes.com\/en\/wp-json\/wp\/v2\/media?parent=8328"}],"wp:term":[{"taxonomy":"category","embeddable":true,"href":"https:\/\/voyagesimpressionnistes.com\/en\/wp-json\/wp\/v2\/categories?post=8328"},{"taxonomy":"slider_une","embeddable":true,"href":"https:\/\/voyagesimpressionnistes.com\/en\/wp-json\/wp\/v2\/slider_une?post=8328"},{"taxonomy":"regions","embeddable":true,"href":"https:\/\/voyagesimpressionnistes.com\/en\/wp-json\/wp\/v2\/regions?post=8328"},{"taxonomy":"coups_coeur","embeddable":true,"href":"https:\/\/voyagesimpressionnistes.com\/en\/wp-json\/wp\/v2\/coups_coeur?post=8328"},{"taxonomy":"inspiration-type","embeddable":true,"href":"https:\/\/voyagesimpressionnistes.com\/en\/wp-json\/wp\/v2\/inspiration-type?post=8328"},{"taxonomy":"label","embeddable":true,"href":"https:\/\/voyagesimpressionnistes.com\/en\/wp-json\/wp\/v2\/label?post=8328"},{"taxonomy":"categories-agenda","embeddable":true,"href":"https:\/\/voyagesimpressionnistes.com\/en\/wp-json\/wp\/v2\/categories-agenda?post=8328"}],"curies":[{"name":"wp","href":"https:\/\/api.w.org\/{rel}","templated":true}]}}