{"id":8451,"date":"2024-03-27T13:19:45","date_gmt":"2024-03-27T12:19:45","guid":{"rendered":"https:\/\/voyagesimpressionnistes.com\/?p=8451"},"modified":"2025-02-11T16:34:12","modified_gmt":"2025-02-11T15:34:12","slug":"comme-une-impression-de-danse","status":"publish","type":"post","link":"https:\/\/voyagesimpressionnistes.com\/en\/caen-the-cotentin\/comme-une-impression-de-danse\/","title":{"rendered":"Comme une impression de danse"},"content":{"rendered":"<p><em>Comme une impression de danse<\/em> est un projet hybride m\u00ealant arts visuels, danse contemporaine, photographie et performance. Il est le fruit d&#8217;une r\u00e9sidence de cr\u00e9ation avec le peintre Guillaume Bresson, le photographe Benjamin Malapris et les compagnies de danse normandes de la Coop\u00e9rative Chor\u00e9graphique de Caen : Kashyl, Moi Peau, Noesis et Silenda.<\/p>\n<p>Plusieurs sessions de performances sont mises en sc\u00e8ne par le peintre et les chor\u00e9graphes, elles seront photographi\u00e9es pour donner mati\u00e8re au peintre pour de nouvelles toiles. Le public pourra d\u00e9couvrir les photographies produites lors des sessions et la soir\u00e9e se poursuivra par un mix du Shogun et quelques animations et surprises.<\/p>\n<p>La soir\u00e9e \u00e9v\u00e8nement <em>Comme une impression de danse<\/em> a lieu le samedi 30 mars 2024 \u00e0 18h30. Le projet est programm\u00e9 dans le cadre du <a href=\"https:\/\/voyagesimpressionnistes.com\/en\/giverny-its-surroundings\/festival-normandie-impressionniste-2024\/\">Festival Normandie Impressionniste 2024<\/a>.<\/p>\n","protected":false},"excerpt":{"rendered":"<p>Comme une impression de danse est un projet hybride m\u00ealant  [&#8230;]<\/p>\n","protected":false},"author":2,"featured_media":10426,"comment_status":"closed","ping_status":"closed","sticky":false,"template":"","format":"standard","meta":{"_acf_changed":false,"inline_featured_image":false,"_jetpack_memberships_contains_paid_content":false,"footnotes":""},"categories":[82],"slider_une":[],"regions":[133],"coups_coeur":[],"inspiration-type":[],"label":[143,141],"categories-agenda":[173],"class_list":["post-8451","post","type-post","status-publish","format-standard","has-post-thumbnail","hentry","category-caen-the-cotentin","tag-diary","regions-normandy","label-normandie-impressionniste-en","label-150-years","categories-agenda-show"],"acf":[],"yoast_head":"<!-- This site is optimized with the Yoast SEO plugin v26.3 - https:\/\/yoast.com\/wordpress\/plugins\/seo\/ -->\n<title>Comme une impression de danse - Impressionist adventures<\/title>\n<meta name=\"description\" content=\"Assitez \u00e0 la soir\u00e9e \u00e9v\u00e9nement &quot;Comme une impression de danse&quot; de la compagnie 2 angles dans le cadre du Festival Normandie Impressionniste.\" \/>\n<meta name=\"robots\" content=\"index, follow, max-snippet:-1, max-image-preview:large, max-video-preview:-1\" \/>\n<link rel=\"canonical\" href=\"https:\/\/voyagesimpressionnistes.com\/en\/caen-the-cotentin\/comme-une-impression-de-danse\/\" \/>\n<meta property=\"og:locale\" content=\"en_US\" \/>\n<meta property=\"og:type\" content=\"article\" \/>\n<meta property=\"og:title\" content=\"Comme une impression de danse - Impressionist adventures\" \/>\n<meta property=\"og:description\" content=\"Assitez \u00e0 la soir\u00e9e \u00e9v\u00e9nement &quot;Comme une impression de danse&quot; de la compagnie 2 angles dans le cadre du Festival Normandie Impressionniste.\" \/>\n<meta property=\"og:url\" content=\"https:\/\/voyagesimpressionnistes.com\/en\/caen-the-cotentin\/comme-une-impression-de-danse\/\" \/>\n<meta property=\"og:site_name\" content=\"Impressionist adventures\" \/>\n<meta property=\"article:publisher\" content=\"https:\/\/www.facebook.com\/LesVoyagesImpressionnistes\/\" \/>\n<meta property=\"article:published_time\" content=\"2024-03-27T12:19:45+00:00\" \/>\n<meta property=\"article:modified_time\" content=\"2025-02-11T15:34:12+00:00\" \/>\n<meta property=\"og:image\" content=\"https:\/\/voyagesimpressionnistes.com\/wp-content\/uploads\/2024\/03\/comme-une-impression-de-danse.jpg\" \/>\n\t<meta property=\"og:image:width\" content=\"411\" \/>\n\t<meta property=\"og:image:height\" content=\"711\" \/>\n\t<meta property=\"og:image:type\" content=\"image\/jpeg\" \/>\n<meta name=\"author\" content=\"Phane\" \/>\n<meta name=\"twitter:card\" content=\"summary_large_image\" \/>\n<meta name=\"twitter:label1\" content=\"Written by\" \/>\n\t<meta name=\"twitter:data1\" content=\"Phane\" \/>\n\t<meta name=\"twitter:label2\" content=\"Est. reading time\" \/>\n\t<meta name=\"twitter:data2\" content=\"1 minute\" \/>\n<script type=\"application\/ld+json\" class=\"yoast-schema-graph\">{\"@context\":\"https:\/\/schema.org\",\"@graph\":[{\"@type\":[\"Article\",\"BlogPosting\"],\"@id\":\"https:\/\/voyagesimpressionnistes.com\/en\/caen-the-cotentin\/comme-une-impression-de-danse\/#article\",\"isPartOf\":{\"@id\":\"https:\/\/voyagesimpressionnistes.com\/en\/caen-the-cotentin\/comme-une-impression-de-danse\/\"},\"author\":{\"name\":\"Phane\",\"@id\":\"https:\/\/voyagesimpressionnistes.com\/en\/#\/schema\/person\/78c37c19aa7ae1bd6f4902f296c80e5f\"},\"headline\":\"Comme une impression de danse\",\"datePublished\":\"2024-03-27T12:19:45+00:00\",\"dateModified\":\"2025-02-11T15:34:12+00:00\",\"mainEntityOfPage\":{\"@id\":\"https:\/\/voyagesimpressionnistes.com\/en\/caen-the-cotentin\/comme-une-impression-de-danse\/\"},\"wordCount\":147,\"publisher\":{\"@id\":\"https:\/\/voyagesimpressionnistes.com\/en\/#organization\"},\"image\":{\"@id\":\"https:\/\/voyagesimpressionnistes.com\/en\/caen-the-cotentin\/comme-une-impression-de-danse\/#primaryimage\"},\"thumbnailUrl\":\"https:\/\/voyagesimpressionnistes.com\/wp-content\/uploads\/2024\/03\/comme-une-impression-de-danse.jpg\",\"keywords\":[\"Diary\"],\"articleSection\":[\"From Caen to the Cotentin\"],\"inLanguage\":\"en-US\"},{\"@type\":\"WebPage\",\"@id\":\"https:\/\/voyagesimpressionnistes.com\/en\/caen-the-cotentin\/comme-une-impression-de-danse\/\",\"url\":\"https:\/\/voyagesimpressionnistes.com\/en\/caen-the-cotentin\/comme-une-impression-de-danse\/\",\"name\":\"Comme une impression de danse - Impressionist adventures\",\"isPartOf\":{\"@id\":\"https:\/\/voyagesimpressionnistes.com\/en\/#website\"},\"primaryImageOfPage\":{\"@id\":\"https:\/\/voyagesimpressionnistes.com\/en\/caen-the-cotentin\/comme-une-impression-de-danse\/#primaryimage\"},\"image\":{\"@id\":\"https:\/\/voyagesimpressionnistes.com\/en\/caen-the-cotentin\/comme-une-impression-de-danse\/#primaryimage\"},\"thumbnailUrl\":\"https:\/\/voyagesimpressionnistes.com\/wp-content\/uploads\/2024\/03\/comme-une-impression-de-danse.jpg\",\"datePublished\":\"2024-03-27T12:19:45+00:00\",\"dateModified\":\"2025-02-11T15:34:12+00:00\",\"description\":\"Assitez \u00e0 la soir\u00e9e \u00e9v\u00e9nement \\\"Comme une impression de danse\\\" de la compagnie 2 angles dans le cadre du Festival Normandie Impressionniste.\",\"breadcrumb\":{\"@id\":\"https:\/\/voyagesimpressionnistes.com\/en\/caen-the-cotentin\/comme-une-impression-de-danse\/#breadcrumb\"},\"inLanguage\":\"en-US\",\"potentialAction\":[{\"@type\":\"ReadAction\",\"target\":[\"https:\/\/voyagesimpressionnistes.com\/en\/caen-the-cotentin\/comme-une-impression-de-danse\/\"]}]},{\"@type\":\"ImageObject\",\"inLanguage\":\"en-US\",\"@id\":\"https:\/\/voyagesimpressionnistes.com\/en\/caen-the-cotentin\/comme-une-impression-de-danse\/#primaryimage\",\"url\":\"https:\/\/voyagesimpressionnistes.com\/wp-content\/uploads\/2024\/03\/comme-une-impression-de-danse.jpg\",\"contentUrl\":\"https:\/\/voyagesimpressionnistes.com\/wp-content\/uploads\/2024\/03\/comme-une-impression-de-danse.jpg\",\"width\":411,\"height\":711,\"caption\":\"Comme une impression de danse\"},{\"@type\":\"BreadcrumbList\",\"@id\":\"https:\/\/voyagesimpressionnistes.com\/en\/caen-the-cotentin\/comme-une-impression-de-danse\/#breadcrumb\",\"itemListElement\":[{\"@type\":\"ListItem\",\"position\":1,\"name\":\"From Caen to the Cotentin\",\"item\":\"https:\/\/voyagesimpressionnistes.com\/en\/caen-the-cotentin\/\"},{\"@type\":\"ListItem\",\"position\":2,\"name\":\"Comme une impression de danse\"}]},{\"@type\":\"WebSite\",\"@id\":\"https:\/\/voyagesimpressionnistes.com\/en\/#website\",\"url\":\"https:\/\/voyagesimpressionnistes.com\/en\/\",\"name\":\"Impressionist adventures\",\"description\":\"Inspiring moments\",\"publisher\":{\"@id\":\"https:\/\/voyagesimpressionnistes.com\/en\/#organization\"},\"potentialAction\":[{\"@type\":\"SearchAction\",\"target\":{\"@type\":\"EntryPoint\",\"urlTemplate\":\"https:\/\/voyagesimpressionnistes.com\/en\/?s={search_term_string}\"},\"query-input\":{\"@type\":\"PropertyValueSpecification\",\"valueRequired\":true,\"valueName\":\"search_term_string\"}}],\"inLanguage\":\"en-US\"},{\"@type\":\"Organization\",\"@id\":\"https:\/\/voyagesimpressionnistes.com\/en\/#organization\",\"name\":\"Voyages Impressionnistes\",\"url\":\"https:\/\/voyagesimpressionnistes.com\/en\/\",\"logo\":{\"@type\":\"ImageObject\",\"inLanguage\":\"en-US\",\"@id\":\"https:\/\/voyagesimpressionnistes.com\/en\/#\/schema\/logo\/image\/\",\"url\":\"https:\/\/voyagesimpressionnistes.com\/wp-content\/uploads\/2021\/06\/vi-logo-507x216-1.svg\",\"contentUrl\":\"https:\/\/voyagesimpressionnistes.com\/wp-content\/uploads\/2021\/06\/vi-logo-507x216-1.svg\",\"width\":507,\"height\":216,\"caption\":\"Voyages Impressionnistes\"},\"image\":{\"@id\":\"https:\/\/voyagesimpressionnistes.com\/en\/#\/schema\/logo\/image\/\"},\"sameAs\":[\"https:\/\/www.facebook.com\/LesVoyagesImpressionnistes\/\"]},{\"@type\":\"Person\",\"@id\":\"https:\/\/voyagesimpressionnistes.com\/en\/#\/schema\/person\/78c37c19aa7ae1bd6f4902f296c80e5f\",\"name\":\"Phane\",\"image\":{\"@type\":\"ImageObject\",\"inLanguage\":\"en-US\",\"@id\":\"https:\/\/voyagesimpressionnistes.com\/en\/#\/schema\/person\/image\/\",\"url\":\"https:\/\/secure.gravatar.com\/avatar\/ea705fa375f21b62a2facac16bc19ee8d664629e3399a374a188d355bc5d00b9?s=96&d=mm&r=g\",\"contentUrl\":\"https:\/\/secure.gravatar.com\/avatar\/ea705fa375f21b62a2facac16bc19ee8d664629e3399a374a188d355bc5d00b9?s=96&d=mm&r=g\",\"caption\":\"Phane\"}}]}<\/script>\n<!-- \/ Yoast SEO plugin. -->","yoast_head_json":{"title":"Comme une impression de danse - Impressionist adventures","description":"Assitez \u00e0 la soir\u00e9e \u00e9v\u00e9nement \"Comme une impression de danse\" de la compagnie 2 angles dans le cadre du Festival Normandie Impressionniste.","robots":{"index":"index","follow":"follow","max-snippet":"max-snippet:-1","max-image-preview":"max-image-preview:large","max-video-preview":"max-video-preview:-1"},"canonical":"https:\/\/voyagesimpressionnistes.com\/en\/caen-the-cotentin\/comme-une-impression-de-danse\/","og_locale":"en_US","og_type":"article","og_title":"Comme une impression de danse - Impressionist adventures","og_description":"Assitez \u00e0 la soir\u00e9e \u00e9v\u00e9nement \"Comme une impression de danse\" de la compagnie 2 angles dans le cadre du Festival Normandie Impressionniste.","og_url":"https:\/\/voyagesimpressionnistes.com\/en\/caen-the-cotentin\/comme-une-impression-de-danse\/","og_site_name":"Impressionist adventures","article_publisher":"https:\/\/www.facebook.com\/LesVoyagesImpressionnistes\/","article_published_time":"2024-03-27T12:19:45+00:00","article_modified_time":"2025-02-11T15:34:12+00:00","og_image":[{"width":411,"height":711,"url":"https:\/\/voyagesimpressionnistes.com\/wp-content\/uploads\/2024\/03\/comme-une-impression-de-danse.jpg","type":"image\/jpeg"}],"author":"Phane","twitter_card":"summary_large_image","twitter_misc":{"Written by":"Phane","Est. reading time":"1 minute"},"schema":{"@context":"https:\/\/schema.org","@graph":[{"@type":["Article","BlogPosting"],"@id":"https:\/\/voyagesimpressionnistes.com\/en\/caen-the-cotentin\/comme-une-impression-de-danse\/#article","isPartOf":{"@id":"https:\/\/voyagesimpressionnistes.com\/en\/caen-the-cotentin\/comme-une-impression-de-danse\/"},"author":{"name":"Phane","@id":"https:\/\/voyagesimpressionnistes.com\/en\/#\/schema\/person\/78c37c19aa7ae1bd6f4902f296c80e5f"},"headline":"Comme une impression de danse","datePublished":"2024-03-27T12:19:45+00:00","dateModified":"2025-02-11T15:34:12+00:00","mainEntityOfPage":{"@id":"https:\/\/voyagesimpressionnistes.com\/en\/caen-the-cotentin\/comme-une-impression-de-danse\/"},"wordCount":147,"publisher":{"@id":"https:\/\/voyagesimpressionnistes.com\/en\/#organization"},"image":{"@id":"https:\/\/voyagesimpressionnistes.com\/en\/caen-the-cotentin\/comme-une-impression-de-danse\/#primaryimage"},"thumbnailUrl":"https:\/\/voyagesimpressionnistes.com\/wp-content\/uploads\/2024\/03\/comme-une-impression-de-danse.jpg","keywords":["Diary"],"articleSection":["From Caen to the Cotentin"],"inLanguage":"en-US"},{"@type":"WebPage","@id":"https:\/\/voyagesimpressionnistes.com\/en\/caen-the-cotentin\/comme-une-impression-de-danse\/","url":"https:\/\/voyagesimpressionnistes.com\/en\/caen-the-cotentin\/comme-une-impression-de-danse\/","name":"Comme une impression de danse - Impressionist adventures","isPartOf":{"@id":"https:\/\/voyagesimpressionnistes.com\/en\/#website"},"primaryImageOfPage":{"@id":"https:\/\/voyagesimpressionnistes.com\/en\/caen-the-cotentin\/comme-une-impression-de-danse\/#primaryimage"},"image":{"@id":"https:\/\/voyagesimpressionnistes.com\/en\/caen-the-cotentin\/comme-une-impression-de-danse\/#primaryimage"},"thumbnailUrl":"https:\/\/voyagesimpressionnistes.com\/wp-content\/uploads\/2024\/03\/comme-une-impression-de-danse.jpg","datePublished":"2024-03-27T12:19:45+00:00","dateModified":"2025-02-11T15:34:12+00:00","description":"Assitez \u00e0 la soir\u00e9e \u00e9v\u00e9nement \"Comme une impression de danse\" de la compagnie 2 angles dans le cadre du Festival Normandie Impressionniste.","breadcrumb":{"@id":"https:\/\/voyagesimpressionnistes.com\/en\/caen-the-cotentin\/comme-une-impression-de-danse\/#breadcrumb"},"inLanguage":"en-US","potentialAction":[{"@type":"ReadAction","target":["https:\/\/voyagesimpressionnistes.com\/en\/caen-the-cotentin\/comme-une-impression-de-danse\/"]}]},{"@type":"ImageObject","inLanguage":"en-US","@id":"https:\/\/voyagesimpressionnistes.com\/en\/caen-the-cotentin\/comme-une-impression-de-danse\/#primaryimage","url":"https:\/\/voyagesimpressionnistes.com\/wp-content\/uploads\/2024\/03\/comme-une-impression-de-danse.jpg","contentUrl":"https:\/\/voyagesimpressionnistes.com\/wp-content\/uploads\/2024\/03\/comme-une-impression-de-danse.jpg","width":411,"height":711,"caption":"Comme une impression de danse"},{"@type":"BreadcrumbList","@id":"https:\/\/voyagesimpressionnistes.com\/en\/caen-the-cotentin\/comme-une-impression-de-danse\/#breadcrumb","itemListElement":[{"@type":"ListItem","position":1,"name":"From Caen to the Cotentin","item":"https:\/\/voyagesimpressionnistes.com\/en\/caen-the-cotentin\/"},{"@type":"ListItem","position":2,"name":"Comme une impression de danse"}]},{"@type":"WebSite","@id":"https:\/\/voyagesimpressionnistes.com\/en\/#website","url":"https:\/\/voyagesimpressionnistes.com\/en\/","name":"Impressionist adventures","description":"Inspiring moments","publisher":{"@id":"https:\/\/voyagesimpressionnistes.com\/en\/#organization"},"potentialAction":[{"@type":"SearchAction","target":{"@type":"EntryPoint","urlTemplate":"https:\/\/voyagesimpressionnistes.com\/en\/?s={search_term_string}"},"query-input":{"@type":"PropertyValueSpecification","valueRequired":true,"valueName":"search_term_string"}}],"inLanguage":"en-US"},{"@type":"Organization","@id":"https:\/\/voyagesimpressionnistes.com\/en\/#organization","name":"Voyages Impressionnistes","url":"https:\/\/voyagesimpressionnistes.com\/en\/","logo":{"@type":"ImageObject","inLanguage":"en-US","@id":"https:\/\/voyagesimpressionnistes.com\/en\/#\/schema\/logo\/image\/","url":"https:\/\/voyagesimpressionnistes.com\/wp-content\/uploads\/2021\/06\/vi-logo-507x216-1.svg","contentUrl":"https:\/\/voyagesimpressionnistes.com\/wp-content\/uploads\/2021\/06\/vi-logo-507x216-1.svg","width":507,"height":216,"caption":"Voyages Impressionnistes"},"image":{"@id":"https:\/\/voyagesimpressionnistes.com\/en\/#\/schema\/logo\/image\/"},"sameAs":["https:\/\/www.facebook.com\/LesVoyagesImpressionnistes\/"]},{"@type":"Person","@id":"https:\/\/voyagesimpressionnistes.com\/en\/#\/schema\/person\/78c37c19aa7ae1bd6f4902f296c80e5f","name":"Phane","image":{"@type":"ImageObject","inLanguage":"en-US","@id":"https:\/\/voyagesimpressionnistes.com\/en\/#\/schema\/person\/image\/","url":"https:\/\/secure.gravatar.com\/avatar\/ea705fa375f21b62a2facac16bc19ee8d664629e3399a374a188d355bc5d00b9?s=96&d=mm&r=g","contentUrl":"https:\/\/secure.gravatar.com\/avatar\/ea705fa375f21b62a2facac16bc19ee8d664629e3399a374a188d355bc5d00b9?s=96&d=mm&r=g","caption":"Phane"}}]}},"jetpack_featured_media_url":"https:\/\/voyagesimpressionnistes.com\/wp-content\/uploads\/2024\/03\/comme-une-impression-de-danse.jpg","jetpack_sharing_enabled":true,"_links":{"self":[{"href":"https:\/\/voyagesimpressionnistes.com\/en\/wp-json\/wp\/v2\/posts\/8451","targetHints":{"allow":["GET"]}}],"collection":[{"href":"https:\/\/voyagesimpressionnistes.com\/en\/wp-json\/wp\/v2\/posts"}],"about":[{"href":"https:\/\/voyagesimpressionnistes.com\/en\/wp-json\/wp\/v2\/types\/post"}],"author":[{"embeddable":true,"href":"https:\/\/voyagesimpressionnistes.com\/en\/wp-json\/wp\/v2\/users\/2"}],"replies":[{"embeddable":true,"href":"https:\/\/voyagesimpressionnistes.com\/en\/wp-json\/wp\/v2\/comments?post=8451"}],"version-history":[{"count":3,"href":"https:\/\/voyagesimpressionnistes.com\/en\/wp-json\/wp\/v2\/posts\/8451\/revisions"}],"predecessor-version":[{"id":10428,"href":"https:\/\/voyagesimpressionnistes.com\/en\/wp-json\/wp\/v2\/posts\/8451\/revisions\/10428"}],"wp:featuredmedia":[{"embeddable":true,"href":"https:\/\/voyagesimpressionnistes.com\/en\/wp-json\/wp\/v2\/media\/10426"}],"wp:attachment":[{"href":"https:\/\/voyagesimpressionnistes.com\/en\/wp-json\/wp\/v2\/media?parent=8451"}],"wp:term":[{"taxonomy":"category","embeddable":true,"href":"https:\/\/voyagesimpressionnistes.com\/en\/wp-json\/wp\/v2\/categories?post=8451"},{"taxonomy":"slider_une","embeddable":true,"href":"https:\/\/voyagesimpressionnistes.com\/en\/wp-json\/wp\/v2\/slider_une?post=8451"},{"taxonomy":"regions","embeddable":true,"href":"https:\/\/voyagesimpressionnistes.com\/en\/wp-json\/wp\/v2\/regions?post=8451"},{"taxonomy":"coups_coeur","embeddable":true,"href":"https:\/\/voyagesimpressionnistes.com\/en\/wp-json\/wp\/v2\/coups_coeur?post=8451"},{"taxonomy":"inspiration-type","embeddable":true,"href":"https:\/\/voyagesimpressionnistes.com\/en\/wp-json\/wp\/v2\/inspiration-type?post=8451"},{"taxonomy":"label","embeddable":true,"href":"https:\/\/voyagesimpressionnistes.com\/en\/wp-json\/wp\/v2\/label?post=8451"},{"taxonomy":"categories-agenda","embeddable":true,"href":"https:\/\/voyagesimpressionnistes.com\/en\/wp-json\/wp\/v2\/categories-agenda?post=8451"}],"curies":[{"name":"wp","href":"https:\/\/api.w.org\/{rel}","templated":true}]}}