{"id":8581,"date":"2024-03-26T14:28:22","date_gmt":"2024-03-26T13:28:22","guid":{"rendered":"https:\/\/voyagesimpressionnistes.com\/?p=8581"},"modified":"2024-07-11T15:16:30","modified_gmt":"2024-07-11T13:16:30","slug":"laissez-vous-impressionner-auvers-sur-oise","status":"publish","type":"post","link":"https:\/\/voyagesimpressionnistes.com\/en\/auvers-oise-valley\/laissez-vous-impressionner-auvers-sur-oise\/","title":{"rendered":"Laissez-vous &#8220;Impressionner&#8221; \u00e0 Auvers-sur-Oise"},"content":{"rendered":"<p>Dans le cadre des <a href=\"https:\/\/voyagesimpressionnistes.com\/en\/paris-montmartre\/impressionism-celebrates-its-150th-anniversary\/\">150 ans de l\u2019Impressionnisme<\/a>, laissez-vous &#8220;Impressionner&#8221;, et guider, \u00e0 travers le beau village d\u2019Auvers-sur-Oise pour en conna\u00eetre davantage sur l\u2019un des plus grands mouvements artistiques du 19<sup>\u00e8me<\/sup> si\u00e8cle.<\/p>\n<blockquote><p>Pour c\u00e9l\u00e9brer les 150 ans de l\u2019Impressionnisme, je vous invite, cette ann\u00e9e, \u00e0 me suivre \u00e0 travers les rues et les monuments d\u2019Auvers-sur-Oise pour d\u00e9couvrir ce qu\u2019il se cache derri\u00e8re ce terme si connu mais qui peut rester quelque peu myst\u00e9rieux\u2026<\/p><\/blockquote>\n<p style=\"text-align: right;\">Olivier Gervot, guide conf\u00e9rencier (Go Prestations)<\/p>\n<p>En effet ce beau village vexinois r\u00e9unit de nombreux lieux, dont le <a href=\"https:\/\/voyagesimpressionnistes.com\/en\/auvers-oise-valley\/musee-daubigny\/\">mus\u00e9e Daubigny<\/a> (visite inclue) et points d\u2019int\u00e9r\u00eats, permettant d\u2019appr\u00e9hender les notions essentielles de ce mouvement pictural mondialement connu et reconnu.<\/p>\n<p>De plus, la pr\u00e9sence forte au sein du village de deux g\u00e9nies cr\u00e9atifs, Charles-Fran\u00e7ois Daubigny et Vincent Van Gogh, nous permettra d\u2019illustrer ce qui a pr\u00e9c\u00e9d\u00e9 et ce qui suivra ce courant artistique si c\u00e9l\u00e8bre.<\/p>\n<p>Alors \u00eates-vous pr\u00eat \u00e0 vous laisser &#8220;Impressionner&#8221; ?!<\/p>\n<p>Les visites <em>Laissez-vous &#8220;Impressionner&#8221; \u00e0 Auvers-sur-Oise<\/em> auront lieu les samedi 6 avril, samedi 8 juin, dimanche 25 ao\u00fbt et samedi 5 octobre 2024, de 14h \u00e0 17h.<\/p>\n","protected":false},"excerpt":{"rendered":"<p>Dans le cadre des 150 ans de l\u2019Impressionnisme, laissez-vous &#8220;Impressionner&#8221;,  [&#8230;]<\/p>\n","protected":false},"author":2,"featured_media":8576,"comment_status":"closed","ping_status":"closed","sticky":false,"template":"","format":"standard","meta":{"_acf_changed":false,"inline_featured_image":false,"_jetpack_memberships_contains_paid_content":false,"footnotes":""},"categories":[80],"slider_une":[],"regions":[132],"coups_coeur":[],"inspiration-type":[],"label":[141],"categories-agenda":[176],"class_list":["post-8581","post","type-post","status-publish","format-standard","has-post-thumbnail","hentry","category-auvers-oise-valley","tag-diary","regions-idf-en","label-150-years","categories-agenda-guided-tour-workshop"],"acf":[],"yoast_head":"<!-- This site is optimized with the Yoast SEO plugin v26.3 - https:\/\/yoast.com\/wordpress\/plugins\/seo\/ -->\n<title>Laissez-vous Impressionner \u00e0 Auvers - Impressionist adventures<\/title>\n<meta name=\"description\" content=\"Inscrivez-vous pour participer \u00e0 une visite guid\u00e9e d&#039;Auvers-sur-Oise avec Olivier Gervot, guide-conf\u00e9rencier et laissez-vous &quot;Impressionner&quot;.\" \/>\n<meta name=\"robots\" content=\"index, follow, max-snippet:-1, max-image-preview:large, max-video-preview:-1\" \/>\n<link rel=\"canonical\" href=\"https:\/\/voyagesimpressionnistes.com\/en\/auvers-oise-valley\/laissez-vous-impressionner-auvers-sur-oise\/\" \/>\n<meta property=\"og:locale\" content=\"en_US\" \/>\n<meta property=\"og:type\" content=\"article\" \/>\n<meta property=\"og:title\" content=\"Laissez-vous Impressionner \u00e0 Auvers - Impressionist adventures\" \/>\n<meta property=\"og:description\" content=\"Inscrivez-vous pour participer \u00e0 une visite guid\u00e9e d&#039;Auvers-sur-Oise avec Olivier Gervot, guide-conf\u00e9rencier et laissez-vous &quot;Impressionner&quot;.\" \/>\n<meta property=\"og:url\" content=\"https:\/\/voyagesimpressionnistes.com\/en\/auvers-oise-valley\/laissez-vous-impressionner-auvers-sur-oise\/\" \/>\n<meta property=\"og:site_name\" content=\"Impressionist adventures\" \/>\n<meta property=\"article:publisher\" content=\"https:\/\/www.facebook.com\/LesVoyagesImpressionnistes\/\" \/>\n<meta property=\"article:published_time\" content=\"2024-03-26T13:28:22+00:00\" \/>\n<meta property=\"article:modified_time\" content=\"2024-07-11T13:16:30+00:00\" \/>\n<meta property=\"og:image\" content=\"https:\/\/voyagesimpressionnistes.com\/wp-content\/uploads\/2024\/03\/21011822-diaporama.jpg\" \/>\n\t<meta property=\"og:image:width\" content=\"900\" \/>\n\t<meta property=\"og:image:height\" content=\"600\" \/>\n\t<meta property=\"og:image:type\" content=\"image\/jpeg\" \/>\n<meta name=\"author\" content=\"Phane\" \/>\n<meta name=\"twitter:card\" content=\"summary_large_image\" \/>\n<meta name=\"twitter:label1\" content=\"Written by\" \/>\n\t<meta name=\"twitter:data1\" content=\"Phane\" \/>\n\t<meta name=\"twitter:label2\" content=\"Est. reading time\" \/>\n\t<meta name=\"twitter:data2\" content=\"1 minute\" \/>\n<script type=\"application\/ld+json\" class=\"yoast-schema-graph\">{\"@context\":\"https:\/\/schema.org\",\"@graph\":[{\"@type\":[\"Article\",\"BlogPosting\"],\"@id\":\"https:\/\/voyagesimpressionnistes.com\/en\/auvers-oise-valley\/laissez-vous-impressionner-auvers-sur-oise\/#article\",\"isPartOf\":{\"@id\":\"https:\/\/voyagesimpressionnistes.com\/en\/auvers-oise-valley\/laissez-vous-impressionner-auvers-sur-oise\/\"},\"author\":{\"name\":\"Phane\",\"@id\":\"https:\/\/voyagesimpressionnistes.com\/en\/#\/schema\/person\/78c37c19aa7ae1bd6f4902f296c80e5f\"},\"headline\":\"Laissez-vous &#8220;Impressionner&#8221; \u00e0 Auvers-sur-Oise\",\"datePublished\":\"2024-03-26T13:28:22+00:00\",\"dateModified\":\"2024-07-11T13:16:30+00:00\",\"mainEntityOfPage\":{\"@id\":\"https:\/\/voyagesimpressionnistes.com\/en\/auvers-oise-valley\/laissez-vous-impressionner-auvers-sur-oise\/\"},\"wordCount\":203,\"publisher\":{\"@id\":\"https:\/\/voyagesimpressionnistes.com\/en\/#organization\"},\"image\":{\"@id\":\"https:\/\/voyagesimpressionnistes.com\/en\/auvers-oise-valley\/laissez-vous-impressionner-auvers-sur-oise\/#primaryimage\"},\"thumbnailUrl\":\"https:\/\/voyagesimpressionnistes.com\/wp-content\/uploads\/2024\/03\/21011822-diaporama.jpg\",\"keywords\":[\"Diary\"],\"articleSection\":[\"Auvers &amp; the Oise valley\"],\"inLanguage\":\"en-US\"},{\"@type\":\"WebPage\",\"@id\":\"https:\/\/voyagesimpressionnistes.com\/en\/auvers-oise-valley\/laissez-vous-impressionner-auvers-sur-oise\/\",\"url\":\"https:\/\/voyagesimpressionnistes.com\/en\/auvers-oise-valley\/laissez-vous-impressionner-auvers-sur-oise\/\",\"name\":\"Laissez-vous Impressionner \u00e0 Auvers - Impressionist adventures\",\"isPartOf\":{\"@id\":\"https:\/\/voyagesimpressionnistes.com\/en\/#website\"},\"primaryImageOfPage\":{\"@id\":\"https:\/\/voyagesimpressionnistes.com\/en\/auvers-oise-valley\/laissez-vous-impressionner-auvers-sur-oise\/#primaryimage\"},\"image\":{\"@id\":\"https:\/\/voyagesimpressionnistes.com\/en\/auvers-oise-valley\/laissez-vous-impressionner-auvers-sur-oise\/#primaryimage\"},\"thumbnailUrl\":\"https:\/\/voyagesimpressionnistes.com\/wp-content\/uploads\/2024\/03\/21011822-diaporama.jpg\",\"datePublished\":\"2024-03-26T13:28:22+00:00\",\"dateModified\":\"2024-07-11T13:16:30+00:00\",\"description\":\"Inscrivez-vous pour participer \u00e0 une visite guid\u00e9e d'Auvers-sur-Oise avec Olivier Gervot, guide-conf\u00e9rencier et laissez-vous \\\"Impressionner\\\".\",\"breadcrumb\":{\"@id\":\"https:\/\/voyagesimpressionnistes.com\/en\/auvers-oise-valley\/laissez-vous-impressionner-auvers-sur-oise\/#breadcrumb\"},\"inLanguage\":\"en-US\",\"potentialAction\":[{\"@type\":\"ReadAction\",\"target\":[\"https:\/\/voyagesimpressionnistes.com\/en\/auvers-oise-valley\/laissez-vous-impressionner-auvers-sur-oise\/\"]}]},{\"@type\":\"ImageObject\",\"inLanguage\":\"en-US\",\"@id\":\"https:\/\/voyagesimpressionnistes.com\/en\/auvers-oise-valley\/laissez-vous-impressionner-auvers-sur-oise\/#primaryimage\",\"url\":\"https:\/\/voyagesimpressionnistes.com\/wp-content\/uploads\/2024\/03\/21011822-diaporama.jpg\",\"contentUrl\":\"https:\/\/voyagesimpressionnistes.com\/wp-content\/uploads\/2024\/03\/21011822-diaporama.jpg\",\"width\":900,\"height\":600,\"caption\":\"Laissez-vous \\\"Impressionner\\\" : visite guid\u00e9e \u00e0 Auvers-sur-Oise autour de l'Impressionnisme\"},{\"@type\":\"BreadcrumbList\",\"@id\":\"https:\/\/voyagesimpressionnistes.com\/en\/auvers-oise-valley\/laissez-vous-impressionner-auvers-sur-oise\/#breadcrumb\",\"itemListElement\":[{\"@type\":\"ListItem\",\"position\":1,\"name\":\"Auvers &amp; the Oise valley\",\"item\":\"https:\/\/voyagesimpressionnistes.com\/en\/auvers-oise-valley\/\"},{\"@type\":\"ListItem\",\"position\":2,\"name\":\"Laissez-vous \u00ab\u00a0Impressionner\u00a0\u00bb \u00e0 Auvers-sur-Oise\"}]},{\"@type\":\"WebSite\",\"@id\":\"https:\/\/voyagesimpressionnistes.com\/en\/#website\",\"url\":\"https:\/\/voyagesimpressionnistes.com\/en\/\",\"name\":\"Impressionist adventures\",\"description\":\"Inspiring moments\",\"publisher\":{\"@id\":\"https:\/\/voyagesimpressionnistes.com\/en\/#organization\"},\"potentialAction\":[{\"@type\":\"SearchAction\",\"target\":{\"@type\":\"EntryPoint\",\"urlTemplate\":\"https:\/\/voyagesimpressionnistes.com\/en\/?s={search_term_string}\"},\"query-input\":{\"@type\":\"PropertyValueSpecification\",\"valueRequired\":true,\"valueName\":\"search_term_string\"}}],\"inLanguage\":\"en-US\"},{\"@type\":\"Organization\",\"@id\":\"https:\/\/voyagesimpressionnistes.com\/en\/#organization\",\"name\":\"Voyages Impressionnistes\",\"url\":\"https:\/\/voyagesimpressionnistes.com\/en\/\",\"logo\":{\"@type\":\"ImageObject\",\"inLanguage\":\"en-US\",\"@id\":\"https:\/\/voyagesimpressionnistes.com\/en\/#\/schema\/logo\/image\/\",\"url\":\"https:\/\/voyagesimpressionnistes.com\/wp-content\/uploads\/2021\/06\/vi-logo-507x216-1.svg\",\"contentUrl\":\"https:\/\/voyagesimpressionnistes.com\/wp-content\/uploads\/2021\/06\/vi-logo-507x216-1.svg\",\"width\":507,\"height\":216,\"caption\":\"Voyages Impressionnistes\"},\"image\":{\"@id\":\"https:\/\/voyagesimpressionnistes.com\/en\/#\/schema\/logo\/image\/\"},\"sameAs\":[\"https:\/\/www.facebook.com\/LesVoyagesImpressionnistes\/\"]},{\"@type\":\"Person\",\"@id\":\"https:\/\/voyagesimpressionnistes.com\/en\/#\/schema\/person\/78c37c19aa7ae1bd6f4902f296c80e5f\",\"name\":\"Phane\",\"image\":{\"@type\":\"ImageObject\",\"inLanguage\":\"en-US\",\"@id\":\"https:\/\/voyagesimpressionnistes.com\/en\/#\/schema\/person\/image\/\",\"url\":\"https:\/\/secure.gravatar.com\/avatar\/ea705fa375f21b62a2facac16bc19ee8d664629e3399a374a188d355bc5d00b9?s=96&d=mm&r=g\",\"contentUrl\":\"https:\/\/secure.gravatar.com\/avatar\/ea705fa375f21b62a2facac16bc19ee8d664629e3399a374a188d355bc5d00b9?s=96&d=mm&r=g\",\"caption\":\"Phane\"}}]}<\/script>\n<!-- \/ Yoast SEO plugin. -->","yoast_head_json":{"title":"Laissez-vous Impressionner \u00e0 Auvers - Impressionist adventures","description":"Inscrivez-vous pour participer \u00e0 une visite guid\u00e9e d'Auvers-sur-Oise avec Olivier Gervot, guide-conf\u00e9rencier et laissez-vous \"Impressionner\".","robots":{"index":"index","follow":"follow","max-snippet":"max-snippet:-1","max-image-preview":"max-image-preview:large","max-video-preview":"max-video-preview:-1"},"canonical":"https:\/\/voyagesimpressionnistes.com\/en\/auvers-oise-valley\/laissez-vous-impressionner-auvers-sur-oise\/","og_locale":"en_US","og_type":"article","og_title":"Laissez-vous Impressionner \u00e0 Auvers - Impressionist adventures","og_description":"Inscrivez-vous pour participer \u00e0 une visite guid\u00e9e d'Auvers-sur-Oise avec Olivier Gervot, guide-conf\u00e9rencier et laissez-vous \"Impressionner\".","og_url":"https:\/\/voyagesimpressionnistes.com\/en\/auvers-oise-valley\/laissez-vous-impressionner-auvers-sur-oise\/","og_site_name":"Impressionist adventures","article_publisher":"https:\/\/www.facebook.com\/LesVoyagesImpressionnistes\/","article_published_time":"2024-03-26T13:28:22+00:00","article_modified_time":"2024-07-11T13:16:30+00:00","og_image":[{"width":900,"height":600,"url":"https:\/\/voyagesimpressionnistes.com\/wp-content\/uploads\/2024\/03\/21011822-diaporama.jpg","type":"image\/jpeg"}],"author":"Phane","twitter_card":"summary_large_image","twitter_misc":{"Written by":"Phane","Est. reading time":"1 minute"},"schema":{"@context":"https:\/\/schema.org","@graph":[{"@type":["Article","BlogPosting"],"@id":"https:\/\/voyagesimpressionnistes.com\/en\/auvers-oise-valley\/laissez-vous-impressionner-auvers-sur-oise\/#article","isPartOf":{"@id":"https:\/\/voyagesimpressionnistes.com\/en\/auvers-oise-valley\/laissez-vous-impressionner-auvers-sur-oise\/"},"author":{"name":"Phane","@id":"https:\/\/voyagesimpressionnistes.com\/en\/#\/schema\/person\/78c37c19aa7ae1bd6f4902f296c80e5f"},"headline":"Laissez-vous &#8220;Impressionner&#8221; \u00e0 Auvers-sur-Oise","datePublished":"2024-03-26T13:28:22+00:00","dateModified":"2024-07-11T13:16:30+00:00","mainEntityOfPage":{"@id":"https:\/\/voyagesimpressionnistes.com\/en\/auvers-oise-valley\/laissez-vous-impressionner-auvers-sur-oise\/"},"wordCount":203,"publisher":{"@id":"https:\/\/voyagesimpressionnistes.com\/en\/#organization"},"image":{"@id":"https:\/\/voyagesimpressionnistes.com\/en\/auvers-oise-valley\/laissez-vous-impressionner-auvers-sur-oise\/#primaryimage"},"thumbnailUrl":"https:\/\/voyagesimpressionnistes.com\/wp-content\/uploads\/2024\/03\/21011822-diaporama.jpg","keywords":["Diary"],"articleSection":["Auvers &amp; the Oise valley"],"inLanguage":"en-US"},{"@type":"WebPage","@id":"https:\/\/voyagesimpressionnistes.com\/en\/auvers-oise-valley\/laissez-vous-impressionner-auvers-sur-oise\/","url":"https:\/\/voyagesimpressionnistes.com\/en\/auvers-oise-valley\/laissez-vous-impressionner-auvers-sur-oise\/","name":"Laissez-vous Impressionner \u00e0 Auvers - Impressionist adventures","isPartOf":{"@id":"https:\/\/voyagesimpressionnistes.com\/en\/#website"},"primaryImageOfPage":{"@id":"https:\/\/voyagesimpressionnistes.com\/en\/auvers-oise-valley\/laissez-vous-impressionner-auvers-sur-oise\/#primaryimage"},"image":{"@id":"https:\/\/voyagesimpressionnistes.com\/en\/auvers-oise-valley\/laissez-vous-impressionner-auvers-sur-oise\/#primaryimage"},"thumbnailUrl":"https:\/\/voyagesimpressionnistes.com\/wp-content\/uploads\/2024\/03\/21011822-diaporama.jpg","datePublished":"2024-03-26T13:28:22+00:00","dateModified":"2024-07-11T13:16:30+00:00","description":"Inscrivez-vous pour participer \u00e0 une visite guid\u00e9e d'Auvers-sur-Oise avec Olivier Gervot, guide-conf\u00e9rencier et laissez-vous \"Impressionner\".","breadcrumb":{"@id":"https:\/\/voyagesimpressionnistes.com\/en\/auvers-oise-valley\/laissez-vous-impressionner-auvers-sur-oise\/#breadcrumb"},"inLanguage":"en-US","potentialAction":[{"@type":"ReadAction","target":["https:\/\/voyagesimpressionnistes.com\/en\/auvers-oise-valley\/laissez-vous-impressionner-auvers-sur-oise\/"]}]},{"@type":"ImageObject","inLanguage":"en-US","@id":"https:\/\/voyagesimpressionnistes.com\/en\/auvers-oise-valley\/laissez-vous-impressionner-auvers-sur-oise\/#primaryimage","url":"https:\/\/voyagesimpressionnistes.com\/wp-content\/uploads\/2024\/03\/21011822-diaporama.jpg","contentUrl":"https:\/\/voyagesimpressionnistes.com\/wp-content\/uploads\/2024\/03\/21011822-diaporama.jpg","width":900,"height":600,"caption":"Laissez-vous \"Impressionner\" : visite guid\u00e9e \u00e0 Auvers-sur-Oise autour de l'Impressionnisme"},{"@type":"BreadcrumbList","@id":"https:\/\/voyagesimpressionnistes.com\/en\/auvers-oise-valley\/laissez-vous-impressionner-auvers-sur-oise\/#breadcrumb","itemListElement":[{"@type":"ListItem","position":1,"name":"Auvers &amp; the Oise valley","item":"https:\/\/voyagesimpressionnistes.com\/en\/auvers-oise-valley\/"},{"@type":"ListItem","position":2,"name":"Laissez-vous \u00ab\u00a0Impressionner\u00a0\u00bb \u00e0 Auvers-sur-Oise"}]},{"@type":"WebSite","@id":"https:\/\/voyagesimpressionnistes.com\/en\/#website","url":"https:\/\/voyagesimpressionnistes.com\/en\/","name":"Impressionist adventures","description":"Inspiring moments","publisher":{"@id":"https:\/\/voyagesimpressionnistes.com\/en\/#organization"},"potentialAction":[{"@type":"SearchAction","target":{"@type":"EntryPoint","urlTemplate":"https:\/\/voyagesimpressionnistes.com\/en\/?s={search_term_string}"},"query-input":{"@type":"PropertyValueSpecification","valueRequired":true,"valueName":"search_term_string"}}],"inLanguage":"en-US"},{"@type":"Organization","@id":"https:\/\/voyagesimpressionnistes.com\/en\/#organization","name":"Voyages Impressionnistes","url":"https:\/\/voyagesimpressionnistes.com\/en\/","logo":{"@type":"ImageObject","inLanguage":"en-US","@id":"https:\/\/voyagesimpressionnistes.com\/en\/#\/schema\/logo\/image\/","url":"https:\/\/voyagesimpressionnistes.com\/wp-content\/uploads\/2021\/06\/vi-logo-507x216-1.svg","contentUrl":"https:\/\/voyagesimpressionnistes.com\/wp-content\/uploads\/2021\/06\/vi-logo-507x216-1.svg","width":507,"height":216,"caption":"Voyages Impressionnistes"},"image":{"@id":"https:\/\/voyagesimpressionnistes.com\/en\/#\/schema\/logo\/image\/"},"sameAs":["https:\/\/www.facebook.com\/LesVoyagesImpressionnistes\/"]},{"@type":"Person","@id":"https:\/\/voyagesimpressionnistes.com\/en\/#\/schema\/person\/78c37c19aa7ae1bd6f4902f296c80e5f","name":"Phane","image":{"@type":"ImageObject","inLanguage":"en-US","@id":"https:\/\/voyagesimpressionnistes.com\/en\/#\/schema\/person\/image\/","url":"https:\/\/secure.gravatar.com\/avatar\/ea705fa375f21b62a2facac16bc19ee8d664629e3399a374a188d355bc5d00b9?s=96&d=mm&r=g","contentUrl":"https:\/\/secure.gravatar.com\/avatar\/ea705fa375f21b62a2facac16bc19ee8d664629e3399a374a188d355bc5d00b9?s=96&d=mm&r=g","caption":"Phane"}}]}},"jetpack_featured_media_url":"https:\/\/voyagesimpressionnistes.com\/wp-content\/uploads\/2024\/03\/21011822-diaporama.jpg","jetpack_sharing_enabled":true,"_links":{"self":[{"href":"https:\/\/voyagesimpressionnistes.com\/en\/wp-json\/wp\/v2\/posts\/8581","targetHints":{"allow":["GET"]}}],"collection":[{"href":"https:\/\/voyagesimpressionnistes.com\/en\/wp-json\/wp\/v2\/posts"}],"about":[{"href":"https:\/\/voyagesimpressionnistes.com\/en\/wp-json\/wp\/v2\/types\/post"}],"author":[{"embeddable":true,"href":"https:\/\/voyagesimpressionnistes.com\/en\/wp-json\/wp\/v2\/users\/2"}],"replies":[{"embeddable":true,"href":"https:\/\/voyagesimpressionnistes.com\/en\/wp-json\/wp\/v2\/comments?post=8581"}],"version-history":[{"count":6,"href":"https:\/\/voyagesimpressionnistes.com\/en\/wp-json\/wp\/v2\/posts\/8581\/revisions"}],"predecessor-version":[{"id":9689,"href":"https:\/\/voyagesimpressionnistes.com\/en\/wp-json\/wp\/v2\/posts\/8581\/revisions\/9689"}],"wp:featuredmedia":[{"embeddable":true,"href":"https:\/\/voyagesimpressionnistes.com\/en\/wp-json\/wp\/v2\/media\/8576"}],"wp:attachment":[{"href":"https:\/\/voyagesimpressionnistes.com\/en\/wp-json\/wp\/v2\/media?parent=8581"}],"wp:term":[{"taxonomy":"category","embeddable":true,"href":"https:\/\/voyagesimpressionnistes.com\/en\/wp-json\/wp\/v2\/categories?post=8581"},{"taxonomy":"slider_une","embeddable":true,"href":"https:\/\/voyagesimpressionnistes.com\/en\/wp-json\/wp\/v2\/slider_une?post=8581"},{"taxonomy":"regions","embeddable":true,"href":"https:\/\/voyagesimpressionnistes.com\/en\/wp-json\/wp\/v2\/regions?post=8581"},{"taxonomy":"coups_coeur","embeddable":true,"href":"https:\/\/voyagesimpressionnistes.com\/en\/wp-json\/wp\/v2\/coups_coeur?post=8581"},{"taxonomy":"inspiration-type","embeddable":true,"href":"https:\/\/voyagesimpressionnistes.com\/en\/wp-json\/wp\/v2\/inspiration-type?post=8581"},{"taxonomy":"label","embeddable":true,"href":"https:\/\/voyagesimpressionnistes.com\/en\/wp-json\/wp\/v2\/label?post=8581"},{"taxonomy":"categories-agenda","embeddable":true,"href":"https:\/\/voyagesimpressionnistes.com\/en\/wp-json\/wp\/v2\/categories-agenda?post=8581"}],"curies":[{"name":"wp","href":"https:\/\/api.w.org\/{rel}","templated":true}]}}