{"id":8749,"date":"2024-03-19T15:51:49","date_gmt":"2024-03-19T14:51:49","guid":{"rendered":"https:\/\/voyagesimpressionnistes.com\/uncategorized\/correspondance-monet-clemenceau\/"},"modified":"2025-10-08T14:38:50","modified_gmt":"2025-10-08T12:38:50","slug":"correspondance-monet-clemenceau","status":"publish","type":"post","link":"https:\/\/voyagesimpressionnistes.com\/en\/giverny-its-surroundings\/correspondance-monet-clemenceau\/","title":{"rendered":"Correspondance Monet &#8211; Clemenceau"},"content":{"rendered":"<p>Dans le cadre du <a href=\"https:\/\/voyagesimpressionnistes.com\/en\/giverny-its-surroundings\/festival-normandie-impressionniste-2024\/\">Festival Normandie Impressionniste 2024<\/a>, le com\u00e9dien et metteur en sc\u00e8ne Olivier Martinaud a adapt\u00e9 la correspondance entre Claude Monet et Georges Clemenceau et en propose une mise en voix de 50 minutes en compagnie de la com\u00e9dienne \u00c9lodie Huber.<\/p>\n<p>Dans ces lettres, au fil d&#8217;une amiti\u00e9 de trente-sept ann\u00e9es, de 1889 \u00e0 1926, Clemenceau fait preuve d&#8217;affection et de beaucoup d&#8217;attention pour r\u00e9conforter le peintre, son ami de toujours, dont la vue baisse et qui devra subir une op\u00e9ration de la cataracte. Malgr\u00e9 la maladie qui les use tous les deux, leur amiti\u00e9 est d&#8217;une extraordinaire chaleur et intimit\u00e9.<\/p>\n<p>La passion des deux hommes pour la peinture et les jardins transpara\u00eet au fil de cette correspondance, riche d&#8217;informations historiques. Ces lettres sont une porte d&#8217;entr\u00e9e originale vers le processus de cr\u00e9ation de l&#8217;artiste, vers l&#8217;histoire de l&#8217;impressionnisme et des d\u00e9buts de la modernit\u00e9.<\/p>\n<p>Plusieurs repr\u00e9sentations auront lieu entre l&#8217;\u00cele-de-France et la Normandie :<\/p>\n<ul>\n<li>le 21 mars \u00e0 20h au <a href=\"https:\/\/voyagesimpressionnistes.com\/en\/paris-montmartre\/musee-marmottan-monet\/\">Mus\u00e9e Marmottan Monet<\/a><\/li>\n<li>le 23 mars \u00e0 15h \u00e0 la Maison et jardins de Georges Clemenceau \u00e0 Saint-Vincent-Sur-Jard<\/li>\n<li>le 9 mai \u00e0 18h au <a href=\"https:\/\/voyagesimpressionnistes.com\/en\/giverny-its-surroundings\/musee-des-impressionnismes-giverny\/\">Mus\u00e9e des impressionnismes Giverny<\/a><\/li>\n<li>le 29 juin \u00e0 15h30 au Mus\u00e9e d\u2019art et d\u2019histoire de Dreux<\/li>\n<li>le Le 4 ao\u00fbt \u00e0 Houlgate, lors des 23<sup>\u00e8mes<\/sup> Rencontres d\u2019\u00e9t\u00e9 th\u00e9\u00e2tre et culture en Normandie<\/li>\n<\/ul>\n<div class=\"fusion-button-wrapper\"><a class=\"fusion-button button-flat fusion-button-default-size button-default fusion-button-default button-1 fusion-button-default-span fusion-button-default-type\" target=\"_blank\" rel=\"noopener noreferrer\" href=\"https:\/\/web.digitick.com\/lecture-correspondance-monet-clemenceau-conference-musee-des-impressionnismes-giverny-09-mai-2024-css5-museeimpressionnismesgiverny-pg101-ri10297261.html\"><span class=\"fusion-button-text awb-button__text awb-button__text--default\">R\u00e9server mon billet sur le site du Mus\u00e9e des impressionnismes Giverny<\/span><\/a><\/div>\n","protected":false},"excerpt":{"rendered":"<p>Dans le cadre du Festival Normandie Impressionniste 2024, le com\u00e9dien  [&#8230;]<\/p>\n","protected":false},"author":2,"featured_media":8747,"comment_status":"closed","ping_status":"closed","sticky":false,"template":"","format":"standard","meta":{"_acf_changed":false,"inline_featured_image":false,"_jetpack_memberships_contains_paid_content":false,"footnotes":""},"categories":[168,87,83],"slider_une":[],"regions":[133],"coups_coeur":[],"inspiration-type":[],"label":[141,143],"categories-agenda":[173],"class_list":["post-8749","post","type-post","status-publish","format-standard","has-post-thumbnail","hentry","category-all-areas","category-paris-montmartre","category-giverny-its-surroundings","tag-diary","regions-normandy","label-150-years","label-normandie-impressionniste-en","categories-agenda-show"],"acf":[],"yoast_head":"<!-- This site is optimized with the Yoast SEO plugin v26.3 - https:\/\/yoast.com\/wordpress\/plugins\/seo\/ -->\n<title>Correspondance Monet - Clemenceau - Impressionist adventures<\/title>\n<meta name=\"description\" content=\"Assistez au spectacle mettant en sc\u00e8ne la Correspondance Monet - Clemenceau par les com\u00e9diens \u00c9lodie Huber et Olivier Martinaud.\" \/>\n<meta name=\"robots\" content=\"index, follow, max-snippet:-1, max-image-preview:large, max-video-preview:-1\" \/>\n<link rel=\"canonical\" href=\"https:\/\/voyagesimpressionnistes.com\/en\/giverny-its-surroundings\/correspondance-monet-clemenceau\/\" \/>\n<meta property=\"og:locale\" content=\"en_US\" \/>\n<meta property=\"og:type\" content=\"article\" \/>\n<meta property=\"og:title\" content=\"Correspondance Monet - Clemenceau - Impressionist adventures\" \/>\n<meta property=\"og:description\" content=\"Assistez au spectacle mettant en sc\u00e8ne la Correspondance Monet - Clemenceau par les com\u00e9diens \u00c9lodie Huber et Olivier Martinaud.\" \/>\n<meta property=\"og:url\" content=\"https:\/\/voyagesimpressionnistes.com\/en\/giverny-its-surroundings\/correspondance-monet-clemenceau\/\" \/>\n<meta property=\"og:site_name\" content=\"Impressionist adventures\" \/>\n<meta property=\"article:publisher\" content=\"https:\/\/www.facebook.com\/LesVoyagesImpressionnistes\/\" \/>\n<meta property=\"article:published_time\" content=\"2024-03-19T14:51:49+00:00\" \/>\n<meta property=\"article:modified_time\" content=\"2025-10-08T12:38:50+00:00\" \/>\n<meta property=\"og:image\" content=\"https:\/\/voyagesimpressionnistes.com\/wp-content\/uploads\/2024\/03\/Olivier-et-Elodie.jpg\" \/>\n\t<meta property=\"og:image:width\" content=\"1600\" \/>\n\t<meta property=\"og:image:height\" content=\"1066\" \/>\n\t<meta property=\"og:image:type\" content=\"image\/jpeg\" \/>\n<meta name=\"author\" content=\"Phane\" \/>\n<meta name=\"twitter:card\" content=\"summary_large_image\" \/>\n<meta name=\"twitter:label1\" content=\"Written by\" \/>\n\t<meta name=\"twitter:data1\" content=\"Phane\" \/>\n\t<meta name=\"twitter:label2\" content=\"Est. reading time\" \/>\n\t<meta name=\"twitter:data2\" content=\"2 minutes\" \/>\n<script type=\"application\/ld+json\" class=\"yoast-schema-graph\">{\"@context\":\"https:\/\/schema.org\",\"@graph\":[{\"@type\":[\"Article\",\"BlogPosting\"],\"@id\":\"https:\/\/voyagesimpressionnistes.com\/en\/giverny-its-surroundings\/correspondance-monet-clemenceau\/#article\",\"isPartOf\":{\"@id\":\"https:\/\/voyagesimpressionnistes.com\/en\/giverny-its-surroundings\/correspondance-monet-clemenceau\/\"},\"author\":{\"name\":\"Phane\",\"@id\":\"https:\/\/voyagesimpressionnistes.com\/en\/#\/schema\/person\/78c37c19aa7ae1bd6f4902f296c80e5f\"},\"headline\":\"Correspondance Monet &#8211; Clemenceau\",\"datePublished\":\"2024-03-19T14:51:49+00:00\",\"dateModified\":\"2025-10-08T12:38:50+00:00\",\"mainEntityOfPage\":{\"@id\":\"https:\/\/voyagesimpressionnistes.com\/en\/giverny-its-surroundings\/correspondance-monet-clemenceau\/\"},\"wordCount\":414,\"publisher\":{\"@id\":\"https:\/\/voyagesimpressionnistes.com\/en\/#organization\"},\"image\":{\"@id\":\"https:\/\/voyagesimpressionnistes.com\/en\/giverny-its-surroundings\/correspondance-monet-clemenceau\/#primaryimage\"},\"thumbnailUrl\":\"https:\/\/voyagesimpressionnistes.com\/wp-content\/uploads\/2024\/03\/Olivier-et-Elodie.jpg\",\"keywords\":[\"Diary\"],\"articleSection\":[\"All areas\",\"Paris &amp; Montmartre\",\"Giverny &amp; its surroundings\"],\"inLanguage\":\"en-US\"},{\"@type\":\"WebPage\",\"@id\":\"https:\/\/voyagesimpressionnistes.com\/en\/giverny-its-surroundings\/correspondance-monet-clemenceau\/\",\"url\":\"https:\/\/voyagesimpressionnistes.com\/en\/giverny-its-surroundings\/correspondance-monet-clemenceau\/\",\"name\":\"Correspondance Monet - Clemenceau - Impressionist adventures\",\"isPartOf\":{\"@id\":\"https:\/\/voyagesimpressionnistes.com\/en\/#website\"},\"primaryImageOfPage\":{\"@id\":\"https:\/\/voyagesimpressionnistes.com\/en\/giverny-its-surroundings\/correspondance-monet-clemenceau\/#primaryimage\"},\"image\":{\"@id\":\"https:\/\/voyagesimpressionnistes.com\/en\/giverny-its-surroundings\/correspondance-monet-clemenceau\/#primaryimage\"},\"thumbnailUrl\":\"https:\/\/voyagesimpressionnistes.com\/wp-content\/uploads\/2024\/03\/Olivier-et-Elodie.jpg\",\"datePublished\":\"2024-03-19T14:51:49+00:00\",\"dateModified\":\"2025-10-08T12:38:50+00:00\",\"description\":\"Assistez au spectacle mettant en sc\u00e8ne la Correspondance Monet - Clemenceau par les com\u00e9diens \u00c9lodie Huber et Olivier Martinaud.\",\"breadcrumb\":{\"@id\":\"https:\/\/voyagesimpressionnistes.com\/en\/giverny-its-surroundings\/correspondance-monet-clemenceau\/#breadcrumb\"},\"inLanguage\":\"en-US\",\"potentialAction\":[{\"@type\":\"ReadAction\",\"target\":[\"https:\/\/voyagesimpressionnistes.com\/en\/giverny-its-surroundings\/correspondance-monet-clemenceau\/\"]}]},{\"@type\":\"ImageObject\",\"inLanguage\":\"en-US\",\"@id\":\"https:\/\/voyagesimpressionnistes.com\/en\/giverny-its-surroundings\/correspondance-monet-clemenceau\/#primaryimage\",\"url\":\"https:\/\/voyagesimpressionnistes.com\/wp-content\/uploads\/2024\/03\/Olivier-et-Elodie.jpg\",\"contentUrl\":\"https:\/\/voyagesimpressionnistes.com\/wp-content\/uploads\/2024\/03\/Olivier-et-Elodie.jpg\",\"width\":1600,\"height\":1066,\"caption\":\"Correspondance Monet - Clemenceau : les com\u00e9diens\"},{\"@type\":\"BreadcrumbList\",\"@id\":\"https:\/\/voyagesimpressionnistes.com\/en\/giverny-its-surroundings\/correspondance-monet-clemenceau\/#breadcrumb\",\"itemListElement\":[{\"@type\":\"ListItem\",\"position\":1,\"name\":\"Giverny &amp; its surroundings\",\"item\":\"https:\/\/voyagesimpressionnistes.com\/en\/giverny-its-surroundings\/\"},{\"@type\":\"ListItem\",\"position\":2,\"name\":\"Correspondance Monet &#8211; Clemenceau\"}]},{\"@type\":\"WebSite\",\"@id\":\"https:\/\/voyagesimpressionnistes.com\/en\/#website\",\"url\":\"https:\/\/voyagesimpressionnistes.com\/en\/\",\"name\":\"Impressionist adventures\",\"description\":\"Inspiring moments\",\"publisher\":{\"@id\":\"https:\/\/voyagesimpressionnistes.com\/en\/#organization\"},\"potentialAction\":[{\"@type\":\"SearchAction\",\"target\":{\"@type\":\"EntryPoint\",\"urlTemplate\":\"https:\/\/voyagesimpressionnistes.com\/en\/?s={search_term_string}\"},\"query-input\":{\"@type\":\"PropertyValueSpecification\",\"valueRequired\":true,\"valueName\":\"search_term_string\"}}],\"inLanguage\":\"en-US\"},{\"@type\":\"Organization\",\"@id\":\"https:\/\/voyagesimpressionnistes.com\/en\/#organization\",\"name\":\"Voyages Impressionnistes\",\"url\":\"https:\/\/voyagesimpressionnistes.com\/en\/\",\"logo\":{\"@type\":\"ImageObject\",\"inLanguage\":\"en-US\",\"@id\":\"https:\/\/voyagesimpressionnistes.com\/en\/#\/schema\/logo\/image\/\",\"url\":\"https:\/\/voyagesimpressionnistes.com\/wp-content\/uploads\/2021\/06\/vi-logo-507x216-1.svg\",\"contentUrl\":\"https:\/\/voyagesimpressionnistes.com\/wp-content\/uploads\/2021\/06\/vi-logo-507x216-1.svg\",\"width\":507,\"height\":216,\"caption\":\"Voyages Impressionnistes\"},\"image\":{\"@id\":\"https:\/\/voyagesimpressionnistes.com\/en\/#\/schema\/logo\/image\/\"},\"sameAs\":[\"https:\/\/www.facebook.com\/LesVoyagesImpressionnistes\/\"]},{\"@type\":\"Person\",\"@id\":\"https:\/\/voyagesimpressionnistes.com\/en\/#\/schema\/person\/78c37c19aa7ae1bd6f4902f296c80e5f\",\"name\":\"Phane\",\"image\":{\"@type\":\"ImageObject\",\"inLanguage\":\"en-US\",\"@id\":\"https:\/\/voyagesimpressionnistes.com\/en\/#\/schema\/person\/image\/\",\"url\":\"https:\/\/secure.gravatar.com\/avatar\/ea705fa375f21b62a2facac16bc19ee8d664629e3399a374a188d355bc5d00b9?s=96&d=mm&r=g\",\"contentUrl\":\"https:\/\/secure.gravatar.com\/avatar\/ea705fa375f21b62a2facac16bc19ee8d664629e3399a374a188d355bc5d00b9?s=96&d=mm&r=g\",\"caption\":\"Phane\"}}]}<\/script>\n<!-- \/ Yoast SEO plugin. -->","yoast_head_json":{"title":"Correspondance Monet - Clemenceau - Impressionist adventures","description":"Assistez au spectacle mettant en sc\u00e8ne la Correspondance Monet - Clemenceau par les com\u00e9diens \u00c9lodie Huber et Olivier Martinaud.","robots":{"index":"index","follow":"follow","max-snippet":"max-snippet:-1","max-image-preview":"max-image-preview:large","max-video-preview":"max-video-preview:-1"},"canonical":"https:\/\/voyagesimpressionnistes.com\/en\/giverny-its-surroundings\/correspondance-monet-clemenceau\/","og_locale":"en_US","og_type":"article","og_title":"Correspondance Monet - Clemenceau - Impressionist adventures","og_description":"Assistez au spectacle mettant en sc\u00e8ne la Correspondance Monet - Clemenceau par les com\u00e9diens \u00c9lodie Huber et Olivier Martinaud.","og_url":"https:\/\/voyagesimpressionnistes.com\/en\/giverny-its-surroundings\/correspondance-monet-clemenceau\/","og_site_name":"Impressionist adventures","article_publisher":"https:\/\/www.facebook.com\/LesVoyagesImpressionnistes\/","article_published_time":"2024-03-19T14:51:49+00:00","article_modified_time":"2025-10-08T12:38:50+00:00","og_image":[{"width":1600,"height":1066,"url":"https:\/\/voyagesimpressionnistes.com\/wp-content\/uploads\/2024\/03\/Olivier-et-Elodie.jpg","type":"image\/jpeg"}],"author":"Phane","twitter_card":"summary_large_image","twitter_misc":{"Written by":"Phane","Est. reading time":"2 minutes"},"schema":{"@context":"https:\/\/schema.org","@graph":[{"@type":["Article","BlogPosting"],"@id":"https:\/\/voyagesimpressionnistes.com\/en\/giverny-its-surroundings\/correspondance-monet-clemenceau\/#article","isPartOf":{"@id":"https:\/\/voyagesimpressionnistes.com\/en\/giverny-its-surroundings\/correspondance-monet-clemenceau\/"},"author":{"name":"Phane","@id":"https:\/\/voyagesimpressionnistes.com\/en\/#\/schema\/person\/78c37c19aa7ae1bd6f4902f296c80e5f"},"headline":"Correspondance Monet &#8211; Clemenceau","datePublished":"2024-03-19T14:51:49+00:00","dateModified":"2025-10-08T12:38:50+00:00","mainEntityOfPage":{"@id":"https:\/\/voyagesimpressionnistes.com\/en\/giverny-its-surroundings\/correspondance-monet-clemenceau\/"},"wordCount":414,"publisher":{"@id":"https:\/\/voyagesimpressionnistes.com\/en\/#organization"},"image":{"@id":"https:\/\/voyagesimpressionnistes.com\/en\/giverny-its-surroundings\/correspondance-monet-clemenceau\/#primaryimage"},"thumbnailUrl":"https:\/\/voyagesimpressionnistes.com\/wp-content\/uploads\/2024\/03\/Olivier-et-Elodie.jpg","keywords":["Diary"],"articleSection":["All areas","Paris &amp; Montmartre","Giverny &amp; its surroundings"],"inLanguage":"en-US"},{"@type":"WebPage","@id":"https:\/\/voyagesimpressionnistes.com\/en\/giverny-its-surroundings\/correspondance-monet-clemenceau\/","url":"https:\/\/voyagesimpressionnistes.com\/en\/giverny-its-surroundings\/correspondance-monet-clemenceau\/","name":"Correspondance Monet - Clemenceau - Impressionist adventures","isPartOf":{"@id":"https:\/\/voyagesimpressionnistes.com\/en\/#website"},"primaryImageOfPage":{"@id":"https:\/\/voyagesimpressionnistes.com\/en\/giverny-its-surroundings\/correspondance-monet-clemenceau\/#primaryimage"},"image":{"@id":"https:\/\/voyagesimpressionnistes.com\/en\/giverny-its-surroundings\/correspondance-monet-clemenceau\/#primaryimage"},"thumbnailUrl":"https:\/\/voyagesimpressionnistes.com\/wp-content\/uploads\/2024\/03\/Olivier-et-Elodie.jpg","datePublished":"2024-03-19T14:51:49+00:00","dateModified":"2025-10-08T12:38:50+00:00","description":"Assistez au spectacle mettant en sc\u00e8ne la Correspondance Monet - Clemenceau par les com\u00e9diens \u00c9lodie Huber et Olivier Martinaud.","breadcrumb":{"@id":"https:\/\/voyagesimpressionnistes.com\/en\/giverny-its-surroundings\/correspondance-monet-clemenceau\/#breadcrumb"},"inLanguage":"en-US","potentialAction":[{"@type":"ReadAction","target":["https:\/\/voyagesimpressionnistes.com\/en\/giverny-its-surroundings\/correspondance-monet-clemenceau\/"]}]},{"@type":"ImageObject","inLanguage":"en-US","@id":"https:\/\/voyagesimpressionnistes.com\/en\/giverny-its-surroundings\/correspondance-monet-clemenceau\/#primaryimage","url":"https:\/\/voyagesimpressionnistes.com\/wp-content\/uploads\/2024\/03\/Olivier-et-Elodie.jpg","contentUrl":"https:\/\/voyagesimpressionnistes.com\/wp-content\/uploads\/2024\/03\/Olivier-et-Elodie.jpg","width":1600,"height":1066,"caption":"Correspondance Monet - Clemenceau : les com\u00e9diens"},{"@type":"BreadcrumbList","@id":"https:\/\/voyagesimpressionnistes.com\/en\/giverny-its-surroundings\/correspondance-monet-clemenceau\/#breadcrumb","itemListElement":[{"@type":"ListItem","position":1,"name":"Giverny &amp; its surroundings","item":"https:\/\/voyagesimpressionnistes.com\/en\/giverny-its-surroundings\/"},{"@type":"ListItem","position":2,"name":"Correspondance Monet &#8211; Clemenceau"}]},{"@type":"WebSite","@id":"https:\/\/voyagesimpressionnistes.com\/en\/#website","url":"https:\/\/voyagesimpressionnistes.com\/en\/","name":"Impressionist adventures","description":"Inspiring moments","publisher":{"@id":"https:\/\/voyagesimpressionnistes.com\/en\/#organization"},"potentialAction":[{"@type":"SearchAction","target":{"@type":"EntryPoint","urlTemplate":"https:\/\/voyagesimpressionnistes.com\/en\/?s={search_term_string}"},"query-input":{"@type":"PropertyValueSpecification","valueRequired":true,"valueName":"search_term_string"}}],"inLanguage":"en-US"},{"@type":"Organization","@id":"https:\/\/voyagesimpressionnistes.com\/en\/#organization","name":"Voyages Impressionnistes","url":"https:\/\/voyagesimpressionnistes.com\/en\/","logo":{"@type":"ImageObject","inLanguage":"en-US","@id":"https:\/\/voyagesimpressionnistes.com\/en\/#\/schema\/logo\/image\/","url":"https:\/\/voyagesimpressionnistes.com\/wp-content\/uploads\/2021\/06\/vi-logo-507x216-1.svg","contentUrl":"https:\/\/voyagesimpressionnistes.com\/wp-content\/uploads\/2021\/06\/vi-logo-507x216-1.svg","width":507,"height":216,"caption":"Voyages Impressionnistes"},"image":{"@id":"https:\/\/voyagesimpressionnistes.com\/en\/#\/schema\/logo\/image\/"},"sameAs":["https:\/\/www.facebook.com\/LesVoyagesImpressionnistes\/"]},{"@type":"Person","@id":"https:\/\/voyagesimpressionnistes.com\/en\/#\/schema\/person\/78c37c19aa7ae1bd6f4902f296c80e5f","name":"Phane","image":{"@type":"ImageObject","inLanguage":"en-US","@id":"https:\/\/voyagesimpressionnistes.com\/en\/#\/schema\/person\/image\/","url":"https:\/\/secure.gravatar.com\/avatar\/ea705fa375f21b62a2facac16bc19ee8d664629e3399a374a188d355bc5d00b9?s=96&d=mm&r=g","contentUrl":"https:\/\/secure.gravatar.com\/avatar\/ea705fa375f21b62a2facac16bc19ee8d664629e3399a374a188d355bc5d00b9?s=96&d=mm&r=g","caption":"Phane"}}]}},"jetpack_featured_media_url":"https:\/\/voyagesimpressionnistes.com\/wp-content\/uploads\/2024\/03\/Olivier-et-Elodie.jpg","jetpack_sharing_enabled":true,"_links":{"self":[{"href":"https:\/\/voyagesimpressionnistes.com\/en\/wp-json\/wp\/v2\/posts\/8749","targetHints":{"allow":["GET"]}}],"collection":[{"href":"https:\/\/voyagesimpressionnistes.com\/en\/wp-json\/wp\/v2\/posts"}],"about":[{"href":"https:\/\/voyagesimpressionnistes.com\/en\/wp-json\/wp\/v2\/types\/post"}],"author":[{"embeddable":true,"href":"https:\/\/voyagesimpressionnistes.com\/en\/wp-json\/wp\/v2\/users\/2"}],"replies":[{"embeddable":true,"href":"https:\/\/voyagesimpressionnistes.com\/en\/wp-json\/wp\/v2\/comments?post=8749"}],"version-history":[{"count":6,"href":"https:\/\/voyagesimpressionnistes.com\/en\/wp-json\/wp\/v2\/posts\/8749\/revisions"}],"predecessor-version":[{"id":13953,"href":"https:\/\/voyagesimpressionnistes.com\/en\/wp-json\/wp\/v2\/posts\/8749\/revisions\/13953"}],"wp:featuredmedia":[{"embeddable":true,"href":"https:\/\/voyagesimpressionnistes.com\/en\/wp-json\/wp\/v2\/media\/8747"}],"wp:attachment":[{"href":"https:\/\/voyagesimpressionnistes.com\/en\/wp-json\/wp\/v2\/media?parent=8749"}],"wp:term":[{"taxonomy":"category","embeddable":true,"href":"https:\/\/voyagesimpressionnistes.com\/en\/wp-json\/wp\/v2\/categories?post=8749"},{"taxonomy":"slider_une","embeddable":true,"href":"https:\/\/voyagesimpressionnistes.com\/en\/wp-json\/wp\/v2\/slider_une?post=8749"},{"taxonomy":"regions","embeddable":true,"href":"https:\/\/voyagesimpressionnistes.com\/en\/wp-json\/wp\/v2\/regions?post=8749"},{"taxonomy":"coups_coeur","embeddable":true,"href":"https:\/\/voyagesimpressionnistes.com\/en\/wp-json\/wp\/v2\/coups_coeur?post=8749"},{"taxonomy":"inspiration-type","embeddable":true,"href":"https:\/\/voyagesimpressionnistes.com\/en\/wp-json\/wp\/v2\/inspiration-type?post=8749"},{"taxonomy":"label","embeddable":true,"href":"https:\/\/voyagesimpressionnistes.com\/en\/wp-json\/wp\/v2\/label?post=8749"},{"taxonomy":"categories-agenda","embeddable":true,"href":"https:\/\/voyagesimpressionnistes.com\/en\/wp-json\/wp\/v2\/categories-agenda?post=8749"}],"curies":[{"name":"wp","href":"https:\/\/api.w.org\/{rel}","templated":true}]}}