{"id":8870,"date":"2024-04-16T16:12:06","date_gmt":"2024-04-16T14:12:06","guid":{"rendered":"https:\/\/voyagesimpressionnistes.com\/?p=8870"},"modified":"2025-02-11T16:04:49","modified_gmt":"2025-02-11T15:04:49","slug":"randonnee-culturelle-de-marly-le-roi-a-louveciennes","status":"publish","type":"post","link":"https:\/\/voyagesimpressionnistes.com\/en\/banks-seine\/randonnee-culturelle-de-marly-le-roi-a-louveciennes\/","title":{"rendered":"Randonn\u00e9e culturelle de Marly-le-Roi \u00e0 Louveciennes"},"content":{"rendered":"<p>De mars \u00e0 octobre 2024, l\u2019Office de Tourisme Intercommunal Saint Germain Boucles de Seine c\u00e9l\u00e8bre les <a href=\"https:\/\/voyagesimpressionnistes.com\/en\/banks-seine\/150-anniversary-impressionism-banks-of-the-seine\/\">150 ans de l\u2019Impressionnisme<\/a> avec une programmation exceptionnelle, dont cette randonn\u00e9e culturelle de Marly-le-Roi \u00e0 Louveciennes, sur le <a href=\"https:\/\/voyagesimpressionnistes.com\/en\/banks-seine\/chemin-des-impressionnistes\/\">chemin des Impressionnistes<\/a>.<\/p>\n<p>En parcourant &#8220;les chemins de l&#8217;amiti\u00e9&#8221; qui unissaient Renoir, Sisley, Pissarro et Monet, vous d\u00e9couvrirez Marly-le-Roi et Louveciennes. Vous emprunterez les sentes immortalis\u00e9es par l&#8217;Impressionnisme au cours de cette balade enchant\u00e9e. Vous serez guid\u00e9 par Sylvie Dubois de l&#8217;association <em>Balades-D\u00e9couvertes<\/em>, randonneuse et \u00e9rudite, qui vous distillera, au fil de la randonn\u00e9e, ses anecdotes sur la grande et la petite histoire de ces villes royales et impressionnistes !<\/p>\n<p>La randonn\u00e9e culturelle de Marly-le-Roi \u00e0 Louveciennes fait une boucle de 9 km, avec un niveau de difficult\u00e9 moyen. Elle est programm\u00e9e le dimanche 28 avril de 14h30 \u00e0 17h30.<\/p>\n","protected":false},"excerpt":{"rendered":"<p>De mars \u00e0 octobre 2024, l\u2019Office de Tourisme Intercommunal Saint  [&#8230;]<\/p>\n","protected":false},"author":2,"featured_media":8869,"comment_status":"closed","ping_status":"closed","sticky":false,"template":"","format":"standard","meta":{"_acf_changed":false,"inline_featured_image":false,"_jetpack_memberships_contains_paid_content":false,"footnotes":""},"categories":[86],"slider_une":[],"regions":[132],"coups_coeur":[],"inspiration-type":[],"label":[141],"categories-agenda":[176],"class_list":["post-8870","post","type-post","status-publish","format-standard","has-post-thumbnail","hentry","category-banks-seine","tag-diary","regions-idf-en","label-150-years","categories-agenda-guided-tour-workshop"],"acf":[],"yoast_head":"<!-- This site is optimized with the Yoast SEO plugin v26.3 - https:\/\/yoast.com\/wordpress\/plugins\/seo\/ -->\n<title>Randonn\u00e9e culturelle de Marly-le-Roy - Impressionist adventures<\/title>\n<meta name=\"description\" content=\"Prenez part \u00e0 une Randonn\u00e9e culturelle de Marly-le-Roi \u00e0 Louveciennes dans le cadre des 150 ans de l&#039;Impressionnisme.\" \/>\n<meta name=\"robots\" content=\"index, follow, max-snippet:-1, max-image-preview:large, max-video-preview:-1\" \/>\n<link rel=\"canonical\" href=\"https:\/\/voyagesimpressionnistes.com\/en\/banks-seine\/randonnee-culturelle-de-marly-le-roi-a-louveciennes\/\" \/>\n<meta property=\"og:locale\" content=\"en_US\" \/>\n<meta property=\"og:type\" content=\"article\" \/>\n<meta property=\"og:title\" content=\"Randonn\u00e9e culturelle de Marly-le-Roy - Impressionist adventures\" \/>\n<meta property=\"og:description\" content=\"Prenez part \u00e0 une Randonn\u00e9e culturelle de Marly-le-Roi \u00e0 Louveciennes dans le cadre des 150 ans de l&#039;Impressionnisme.\" \/>\n<meta property=\"og:url\" content=\"https:\/\/voyagesimpressionnistes.com\/en\/banks-seine\/randonnee-culturelle-de-marly-le-roi-a-louveciennes\/\" \/>\n<meta property=\"og:site_name\" content=\"Impressionist adventures\" \/>\n<meta property=\"article:publisher\" content=\"https:\/\/www.facebook.com\/LesVoyagesImpressionnistes\/\" \/>\n<meta property=\"article:published_time\" content=\"2024-04-16T14:12:06+00:00\" \/>\n<meta property=\"article:modified_time\" content=\"2025-02-11T15:04:49+00:00\" \/>\n<meta property=\"og:image\" content=\"https:\/\/voyagesimpressionnistes.com\/wp-content\/uploads\/2024\/03\/21533229-diaporama.jpg\" \/>\n\t<meta property=\"og:image:width\" content=\"800\" \/>\n\t<meta property=\"og:image:height\" content=\"600\" \/>\n\t<meta property=\"og:image:type\" content=\"image\/jpeg\" \/>\n<meta name=\"author\" content=\"Phane\" \/>\n<meta name=\"twitter:card\" content=\"summary_large_image\" \/>\n<meta name=\"twitter:label1\" content=\"Written by\" \/>\n\t<meta name=\"twitter:data1\" content=\"Phane\" \/>\n\t<meta name=\"twitter:label2\" content=\"Est. reading time\" \/>\n\t<meta name=\"twitter:data2\" content=\"1 minute\" \/>\n<script type=\"application\/ld+json\" class=\"yoast-schema-graph\">{\"@context\":\"https:\/\/schema.org\",\"@graph\":[{\"@type\":[\"Article\",\"BlogPosting\"],\"@id\":\"https:\/\/voyagesimpressionnistes.com\/en\/banks-seine\/randonnee-culturelle-de-marly-le-roi-a-louveciennes\/#article\",\"isPartOf\":{\"@id\":\"https:\/\/voyagesimpressionnistes.com\/en\/banks-seine\/randonnee-culturelle-de-marly-le-roi-a-louveciennes\/\"},\"author\":{\"name\":\"Phane\",\"@id\":\"https:\/\/voyagesimpressionnistes.com\/en\/#\/schema\/person\/78c37c19aa7ae1bd6f4902f296c80e5f\"},\"headline\":\"Randonn\u00e9e culturelle de Marly-le-Roi \u00e0 Louveciennes\",\"datePublished\":\"2024-04-16T14:12:06+00:00\",\"dateModified\":\"2025-02-11T15:04:49+00:00\",\"mainEntityOfPage\":{\"@id\":\"https:\/\/voyagesimpressionnistes.com\/en\/banks-seine\/randonnee-culturelle-de-marly-le-roi-a-louveciennes\/\"},\"wordCount\":146,\"publisher\":{\"@id\":\"https:\/\/voyagesimpressionnistes.com\/en\/#organization\"},\"image\":{\"@id\":\"https:\/\/voyagesimpressionnistes.com\/en\/banks-seine\/randonnee-culturelle-de-marly-le-roi-a-louveciennes\/#primaryimage\"},\"thumbnailUrl\":\"https:\/\/voyagesimpressionnistes.com\/wp-content\/uploads\/2024\/03\/21533229-diaporama.jpg\",\"keywords\":[\"Diary\"],\"articleSection\":[\"Along the Banks of the Seine\"],\"inLanguage\":\"en-US\"},{\"@type\":\"WebPage\",\"@id\":\"https:\/\/voyagesimpressionnistes.com\/en\/banks-seine\/randonnee-culturelle-de-marly-le-roi-a-louveciennes\/\",\"url\":\"https:\/\/voyagesimpressionnistes.com\/en\/banks-seine\/randonnee-culturelle-de-marly-le-roi-a-louveciennes\/\",\"name\":\"Randonn\u00e9e culturelle de Marly-le-Roy - Impressionist adventures\",\"isPartOf\":{\"@id\":\"https:\/\/voyagesimpressionnistes.com\/en\/#website\"},\"primaryImageOfPage\":{\"@id\":\"https:\/\/voyagesimpressionnistes.com\/en\/banks-seine\/randonnee-culturelle-de-marly-le-roi-a-louveciennes\/#primaryimage\"},\"image\":{\"@id\":\"https:\/\/voyagesimpressionnistes.com\/en\/banks-seine\/randonnee-culturelle-de-marly-le-roi-a-louveciennes\/#primaryimage\"},\"thumbnailUrl\":\"https:\/\/voyagesimpressionnistes.com\/wp-content\/uploads\/2024\/03\/21533229-diaporama.jpg\",\"datePublished\":\"2024-04-16T14:12:06+00:00\",\"dateModified\":\"2025-02-11T15:04:49+00:00\",\"description\":\"Prenez part \u00e0 une Randonn\u00e9e culturelle de Marly-le-Roi \u00e0 Louveciennes dans le cadre des 150 ans de l'Impressionnisme.\",\"breadcrumb\":{\"@id\":\"https:\/\/voyagesimpressionnistes.com\/en\/banks-seine\/randonnee-culturelle-de-marly-le-roi-a-louveciennes\/#breadcrumb\"},\"inLanguage\":\"en-US\",\"potentialAction\":[{\"@type\":\"ReadAction\",\"target\":[\"https:\/\/voyagesimpressionnistes.com\/en\/banks-seine\/randonnee-culturelle-de-marly-le-roi-a-louveciennes\/\"]}]},{\"@type\":\"ImageObject\",\"inLanguage\":\"en-US\",\"@id\":\"https:\/\/voyagesimpressionnistes.com\/en\/banks-seine\/randonnee-culturelle-de-marly-le-roi-a-louveciennes\/#primaryimage\",\"url\":\"https:\/\/voyagesimpressionnistes.com\/wp-content\/uploads\/2024\/03\/21533229-diaporama.jpg\",\"contentUrl\":\"https:\/\/voyagesimpressionnistes.com\/wp-content\/uploads\/2024\/03\/21533229-diaporama.jpg\",\"width\":800,\"height\":600,\"caption\":\"Randonn\u00e9e culturelle de Marly-le-Roi \u00e0 Louveciennes\"},{\"@type\":\"BreadcrumbList\",\"@id\":\"https:\/\/voyagesimpressionnistes.com\/en\/banks-seine\/randonnee-culturelle-de-marly-le-roi-a-louveciennes\/#breadcrumb\",\"itemListElement\":[{\"@type\":\"ListItem\",\"position\":1,\"name\":\"Along the Banks of the Seine\",\"item\":\"https:\/\/voyagesimpressionnistes.com\/en\/banks-seine\/\"},{\"@type\":\"ListItem\",\"position\":2,\"name\":\"Randonn\u00e9e culturelle de Marly-le-Roi \u00e0 Louveciennes\"}]},{\"@type\":\"WebSite\",\"@id\":\"https:\/\/voyagesimpressionnistes.com\/en\/#website\",\"url\":\"https:\/\/voyagesimpressionnistes.com\/en\/\",\"name\":\"Impressionist adventures\",\"description\":\"Inspiring moments\",\"publisher\":{\"@id\":\"https:\/\/voyagesimpressionnistes.com\/en\/#organization\"},\"potentialAction\":[{\"@type\":\"SearchAction\",\"target\":{\"@type\":\"EntryPoint\",\"urlTemplate\":\"https:\/\/voyagesimpressionnistes.com\/en\/?s={search_term_string}\"},\"query-input\":{\"@type\":\"PropertyValueSpecification\",\"valueRequired\":true,\"valueName\":\"search_term_string\"}}],\"inLanguage\":\"en-US\"},{\"@type\":\"Organization\",\"@id\":\"https:\/\/voyagesimpressionnistes.com\/en\/#organization\",\"name\":\"Voyages Impressionnistes\",\"url\":\"https:\/\/voyagesimpressionnistes.com\/en\/\",\"logo\":{\"@type\":\"ImageObject\",\"inLanguage\":\"en-US\",\"@id\":\"https:\/\/voyagesimpressionnistes.com\/en\/#\/schema\/logo\/image\/\",\"url\":\"https:\/\/voyagesimpressionnistes.com\/wp-content\/uploads\/2021\/06\/vi-logo-507x216-1.svg\",\"contentUrl\":\"https:\/\/voyagesimpressionnistes.com\/wp-content\/uploads\/2021\/06\/vi-logo-507x216-1.svg\",\"width\":507,\"height\":216,\"caption\":\"Voyages Impressionnistes\"},\"image\":{\"@id\":\"https:\/\/voyagesimpressionnistes.com\/en\/#\/schema\/logo\/image\/\"},\"sameAs\":[\"https:\/\/www.facebook.com\/LesVoyagesImpressionnistes\/\"]},{\"@type\":\"Person\",\"@id\":\"https:\/\/voyagesimpressionnistes.com\/en\/#\/schema\/person\/78c37c19aa7ae1bd6f4902f296c80e5f\",\"name\":\"Phane\",\"image\":{\"@type\":\"ImageObject\",\"inLanguage\":\"en-US\",\"@id\":\"https:\/\/voyagesimpressionnistes.com\/en\/#\/schema\/person\/image\/\",\"url\":\"https:\/\/secure.gravatar.com\/avatar\/ea705fa375f21b62a2facac16bc19ee8d664629e3399a374a188d355bc5d00b9?s=96&d=mm&r=g\",\"contentUrl\":\"https:\/\/secure.gravatar.com\/avatar\/ea705fa375f21b62a2facac16bc19ee8d664629e3399a374a188d355bc5d00b9?s=96&d=mm&r=g\",\"caption\":\"Phane\"}}]}<\/script>\n<!-- \/ Yoast SEO plugin. -->","yoast_head_json":{"title":"Randonn\u00e9e culturelle de Marly-le-Roy - Impressionist adventures","description":"Prenez part \u00e0 une Randonn\u00e9e culturelle de Marly-le-Roi \u00e0 Louveciennes dans le cadre des 150 ans de l'Impressionnisme.","robots":{"index":"index","follow":"follow","max-snippet":"max-snippet:-1","max-image-preview":"max-image-preview:large","max-video-preview":"max-video-preview:-1"},"canonical":"https:\/\/voyagesimpressionnistes.com\/en\/banks-seine\/randonnee-culturelle-de-marly-le-roi-a-louveciennes\/","og_locale":"en_US","og_type":"article","og_title":"Randonn\u00e9e culturelle de Marly-le-Roy - Impressionist adventures","og_description":"Prenez part \u00e0 une Randonn\u00e9e culturelle de Marly-le-Roi \u00e0 Louveciennes dans le cadre des 150 ans de l'Impressionnisme.","og_url":"https:\/\/voyagesimpressionnistes.com\/en\/banks-seine\/randonnee-culturelle-de-marly-le-roi-a-louveciennes\/","og_site_name":"Impressionist adventures","article_publisher":"https:\/\/www.facebook.com\/LesVoyagesImpressionnistes\/","article_published_time":"2024-04-16T14:12:06+00:00","article_modified_time":"2025-02-11T15:04:49+00:00","og_image":[{"width":800,"height":600,"url":"https:\/\/voyagesimpressionnistes.com\/wp-content\/uploads\/2024\/03\/21533229-diaporama.jpg","type":"image\/jpeg"}],"author":"Phane","twitter_card":"summary_large_image","twitter_misc":{"Written by":"Phane","Est. reading time":"1 minute"},"schema":{"@context":"https:\/\/schema.org","@graph":[{"@type":["Article","BlogPosting"],"@id":"https:\/\/voyagesimpressionnistes.com\/en\/banks-seine\/randonnee-culturelle-de-marly-le-roi-a-louveciennes\/#article","isPartOf":{"@id":"https:\/\/voyagesimpressionnistes.com\/en\/banks-seine\/randonnee-culturelle-de-marly-le-roi-a-louveciennes\/"},"author":{"name":"Phane","@id":"https:\/\/voyagesimpressionnistes.com\/en\/#\/schema\/person\/78c37c19aa7ae1bd6f4902f296c80e5f"},"headline":"Randonn\u00e9e culturelle de Marly-le-Roi \u00e0 Louveciennes","datePublished":"2024-04-16T14:12:06+00:00","dateModified":"2025-02-11T15:04:49+00:00","mainEntityOfPage":{"@id":"https:\/\/voyagesimpressionnistes.com\/en\/banks-seine\/randonnee-culturelle-de-marly-le-roi-a-louveciennes\/"},"wordCount":146,"publisher":{"@id":"https:\/\/voyagesimpressionnistes.com\/en\/#organization"},"image":{"@id":"https:\/\/voyagesimpressionnistes.com\/en\/banks-seine\/randonnee-culturelle-de-marly-le-roi-a-louveciennes\/#primaryimage"},"thumbnailUrl":"https:\/\/voyagesimpressionnistes.com\/wp-content\/uploads\/2024\/03\/21533229-diaporama.jpg","keywords":["Diary"],"articleSection":["Along the Banks of the Seine"],"inLanguage":"en-US"},{"@type":"WebPage","@id":"https:\/\/voyagesimpressionnistes.com\/en\/banks-seine\/randonnee-culturelle-de-marly-le-roi-a-louveciennes\/","url":"https:\/\/voyagesimpressionnistes.com\/en\/banks-seine\/randonnee-culturelle-de-marly-le-roi-a-louveciennes\/","name":"Randonn\u00e9e culturelle de Marly-le-Roy - Impressionist adventures","isPartOf":{"@id":"https:\/\/voyagesimpressionnistes.com\/en\/#website"},"primaryImageOfPage":{"@id":"https:\/\/voyagesimpressionnistes.com\/en\/banks-seine\/randonnee-culturelle-de-marly-le-roi-a-louveciennes\/#primaryimage"},"image":{"@id":"https:\/\/voyagesimpressionnistes.com\/en\/banks-seine\/randonnee-culturelle-de-marly-le-roi-a-louveciennes\/#primaryimage"},"thumbnailUrl":"https:\/\/voyagesimpressionnistes.com\/wp-content\/uploads\/2024\/03\/21533229-diaporama.jpg","datePublished":"2024-04-16T14:12:06+00:00","dateModified":"2025-02-11T15:04:49+00:00","description":"Prenez part \u00e0 une Randonn\u00e9e culturelle de Marly-le-Roi \u00e0 Louveciennes dans le cadre des 150 ans de l'Impressionnisme.","breadcrumb":{"@id":"https:\/\/voyagesimpressionnistes.com\/en\/banks-seine\/randonnee-culturelle-de-marly-le-roi-a-louveciennes\/#breadcrumb"},"inLanguage":"en-US","potentialAction":[{"@type":"ReadAction","target":["https:\/\/voyagesimpressionnistes.com\/en\/banks-seine\/randonnee-culturelle-de-marly-le-roi-a-louveciennes\/"]}]},{"@type":"ImageObject","inLanguage":"en-US","@id":"https:\/\/voyagesimpressionnistes.com\/en\/banks-seine\/randonnee-culturelle-de-marly-le-roi-a-louveciennes\/#primaryimage","url":"https:\/\/voyagesimpressionnistes.com\/wp-content\/uploads\/2024\/03\/21533229-diaporama.jpg","contentUrl":"https:\/\/voyagesimpressionnistes.com\/wp-content\/uploads\/2024\/03\/21533229-diaporama.jpg","width":800,"height":600,"caption":"Randonn\u00e9e culturelle de Marly-le-Roi \u00e0 Louveciennes"},{"@type":"BreadcrumbList","@id":"https:\/\/voyagesimpressionnistes.com\/en\/banks-seine\/randonnee-culturelle-de-marly-le-roi-a-louveciennes\/#breadcrumb","itemListElement":[{"@type":"ListItem","position":1,"name":"Along the Banks of the Seine","item":"https:\/\/voyagesimpressionnistes.com\/en\/banks-seine\/"},{"@type":"ListItem","position":2,"name":"Randonn\u00e9e culturelle de Marly-le-Roi \u00e0 Louveciennes"}]},{"@type":"WebSite","@id":"https:\/\/voyagesimpressionnistes.com\/en\/#website","url":"https:\/\/voyagesimpressionnistes.com\/en\/","name":"Impressionist adventures","description":"Inspiring moments","publisher":{"@id":"https:\/\/voyagesimpressionnistes.com\/en\/#organization"},"potentialAction":[{"@type":"SearchAction","target":{"@type":"EntryPoint","urlTemplate":"https:\/\/voyagesimpressionnistes.com\/en\/?s={search_term_string}"},"query-input":{"@type":"PropertyValueSpecification","valueRequired":true,"valueName":"search_term_string"}}],"inLanguage":"en-US"},{"@type":"Organization","@id":"https:\/\/voyagesimpressionnistes.com\/en\/#organization","name":"Voyages Impressionnistes","url":"https:\/\/voyagesimpressionnistes.com\/en\/","logo":{"@type":"ImageObject","inLanguage":"en-US","@id":"https:\/\/voyagesimpressionnistes.com\/en\/#\/schema\/logo\/image\/","url":"https:\/\/voyagesimpressionnistes.com\/wp-content\/uploads\/2021\/06\/vi-logo-507x216-1.svg","contentUrl":"https:\/\/voyagesimpressionnistes.com\/wp-content\/uploads\/2021\/06\/vi-logo-507x216-1.svg","width":507,"height":216,"caption":"Voyages Impressionnistes"},"image":{"@id":"https:\/\/voyagesimpressionnistes.com\/en\/#\/schema\/logo\/image\/"},"sameAs":["https:\/\/www.facebook.com\/LesVoyagesImpressionnistes\/"]},{"@type":"Person","@id":"https:\/\/voyagesimpressionnistes.com\/en\/#\/schema\/person\/78c37c19aa7ae1bd6f4902f296c80e5f","name":"Phane","image":{"@type":"ImageObject","inLanguage":"en-US","@id":"https:\/\/voyagesimpressionnistes.com\/en\/#\/schema\/person\/image\/","url":"https:\/\/secure.gravatar.com\/avatar\/ea705fa375f21b62a2facac16bc19ee8d664629e3399a374a188d355bc5d00b9?s=96&d=mm&r=g","contentUrl":"https:\/\/secure.gravatar.com\/avatar\/ea705fa375f21b62a2facac16bc19ee8d664629e3399a374a188d355bc5d00b9?s=96&d=mm&r=g","caption":"Phane"}}]}},"jetpack_featured_media_url":"https:\/\/voyagesimpressionnistes.com\/wp-content\/uploads\/2024\/03\/21533229-diaporama.jpg","jetpack_sharing_enabled":true,"_links":{"self":[{"href":"https:\/\/voyagesimpressionnistes.com\/en\/wp-json\/wp\/v2\/posts\/8870","targetHints":{"allow":["GET"]}}],"collection":[{"href":"https:\/\/voyagesimpressionnistes.com\/en\/wp-json\/wp\/v2\/posts"}],"about":[{"href":"https:\/\/voyagesimpressionnistes.com\/en\/wp-json\/wp\/v2\/types\/post"}],"author":[{"embeddable":true,"href":"https:\/\/voyagesimpressionnistes.com\/en\/wp-json\/wp\/v2\/users\/2"}],"replies":[{"embeddable":true,"href":"https:\/\/voyagesimpressionnistes.com\/en\/wp-json\/wp\/v2\/comments?post=8870"}],"version-history":[{"count":4,"href":"https:\/\/voyagesimpressionnistes.com\/en\/wp-json\/wp\/v2\/posts\/8870\/revisions"}],"predecessor-version":[{"id":10097,"href":"https:\/\/voyagesimpressionnistes.com\/en\/wp-json\/wp\/v2\/posts\/8870\/revisions\/10097"}],"wp:featuredmedia":[{"embeddable":true,"href":"https:\/\/voyagesimpressionnistes.com\/en\/wp-json\/wp\/v2\/media\/8869"}],"wp:attachment":[{"href":"https:\/\/voyagesimpressionnistes.com\/en\/wp-json\/wp\/v2\/media?parent=8870"}],"wp:term":[{"taxonomy":"category","embeddable":true,"href":"https:\/\/voyagesimpressionnistes.com\/en\/wp-json\/wp\/v2\/categories?post=8870"},{"taxonomy":"slider_une","embeddable":true,"href":"https:\/\/voyagesimpressionnistes.com\/en\/wp-json\/wp\/v2\/slider_une?post=8870"},{"taxonomy":"regions","embeddable":true,"href":"https:\/\/voyagesimpressionnistes.com\/en\/wp-json\/wp\/v2\/regions?post=8870"},{"taxonomy":"coups_coeur","embeddable":true,"href":"https:\/\/voyagesimpressionnistes.com\/en\/wp-json\/wp\/v2\/coups_coeur?post=8870"},{"taxonomy":"inspiration-type","embeddable":true,"href":"https:\/\/voyagesimpressionnistes.com\/en\/wp-json\/wp\/v2\/inspiration-type?post=8870"},{"taxonomy":"label","embeddable":true,"href":"https:\/\/voyagesimpressionnistes.com\/en\/wp-json\/wp\/v2\/label?post=8870"},{"taxonomy":"categories-agenda","embeddable":true,"href":"https:\/\/voyagesimpressionnistes.com\/en\/wp-json\/wp\/v2\/categories-agenda?post=8870"}],"curies":[{"name":"wp","href":"https:\/\/api.w.org\/{rel}","templated":true}]}}