{"id":8998,"date":"2024-04-12T16:47:44","date_gmt":"2024-04-12T14:47:44","guid":{"rendered":"https:\/\/voyagesimpressionnistes.com\/?p=8998"},"modified":"2024-08-27T15:43:46","modified_gmt":"2024-08-27T13:43:46","slug":"visite-guidee-etretat-inspiratrice-des-impressionnistes","status":"publish","type":"post","link":"https:\/\/voyagesimpressionnistes.com\/en\/cote-albatre\/visite-guidee-etretat-inspiratrice-des-impressionnistes\/","title":{"rendered":"Visite guid\u00e9e : \u00c9tretat, inspiratrice des Impressionnistes"},"content":{"rendered":"<p>Organis\u00e9e par Pays d&#8217;art et d&#8217;histoire, avec la compagnie La Sirandane, la visite guid\u00e9e propos\u00e9e dans le cadre du <a href=\"https:\/\/voyagesimpressionnistes.com\/en\/giverny-its-surroundings\/festival-normandie-impressionniste-2024\/\">Festival Normandie Impressionniste 2024<\/a> a pour th\u00e8me \u00c9tretat et comment la ville et ses paysages ont inspir\u00e9 les Impressionnistes.<\/p>\n<p>L&#8217;attrait des artistes pour \u00c9tretat est bien connu et nombre de peintres, notamment impressionnistes, se sont inspir\u00e9s du patrimoine et des paysages exceptionnels de la station baln\u00e9aire pour livrer des \u0153uvres d\u00e9sormais majeures. Le guide explore ces lieux d&#8217;inspiration et les \u0153uvres et artistes qui en ont fa\u00e7onn\u00e9 la l\u00e9gende.<\/p>\n<p>En version litt\u00e9raire, le guide anime le parcours accompagn\u00e9 du com\u00e9dien Jean-Pierre Guiner. Il propose des lectures de r\u00e9cits qui vous plongent dans l&#8217;atmosph\u00e8re de l&#8217;\u00e9poque.<\/p>\n<p>La visite guid\u00e9e sur \u00c9tretat et les Impressionnistes aura lieu les dimanches 14 avril et 9 juin, puis les vendredis 26 juillet et 16 ao\u00fbt 2024, pour une dur\u00e9e de 2h. La r\u00e9servation obligatoire et le lieu de rendez-vous sera communiqu\u00e9 lors de l&#8217;inscription.<\/p>\n<p>Attention, le parcours est en fort d\u00e9nivel\u00e9 : pr\u00e9voir de bonnes chaussures de marche.<\/p>\n<div class=\"fusion-button-wrapper\"><a class=\"fusion-button button-flat fusion-button-default-size button-default fusion-button-default button-1 fusion-button-default-span fusion-button-default-type\" target=\"_blank\" rel=\"noopener noreferrer\" href=\"https:\/\/www.lehavreseine-patrimoine.fr\/activites-et-agendas\/rendez-vous-du-patrimoine\/etretat-inspiratrice-des-impressionnistes\"><span class=\"fusion-button-text awb-button__text awb-button__text--default\">R\u00e9servez votre visite sur le site de Pays d&#8217;Art et d&#8217;Histoire<\/span><\/a><\/div>\n","protected":false},"excerpt":{"rendered":"<p>Organis\u00e9e par Pays d&#8217;art et d&#8217;histoire, avec la compagnie La  [&#8230;]<\/p>\n","protected":false},"author":2,"featured_media":9021,"comment_status":"closed","ping_status":"closed","sticky":false,"template":"","format":"standard","meta":{"_acf_changed":false,"inline_featured_image":false,"_jetpack_memberships_contains_paid_content":false,"footnotes":""},"categories":[85],"slider_une":[],"regions":[133],"coups_coeur":[],"inspiration-type":[],"label":[141,143],"categories-agenda":[176],"class_list":["post-8998","post","type-post","status-publish","format-standard","has-post-thumbnail","hentry","category-cote-albatre","tag-diary","regions-normandy","label-150-years","label-normandie-impressionniste-en","categories-agenda-guided-tour-workshop"],"acf":[],"yoast_head":"<!-- This site is optimized with the Yoast SEO plugin v26.3 - https:\/\/yoast.com\/wordpress\/plugins\/seo\/ -->\n<title>\u00c9tretat et les Impressionnistes - Impressionist adventures<\/title>\n<meta name=\"description\" content=\"Inscrivez-vous pour une visite guid\u00e9e de 2h sur le th\u00e8me \u00c9tretat et les Impressionnistes dans le cadre du Festival Normandie Impressionniste.\" \/>\n<meta name=\"robots\" content=\"index, follow, max-snippet:-1, max-image-preview:large, max-video-preview:-1\" \/>\n<link rel=\"canonical\" href=\"https:\/\/voyagesimpressionnistes.com\/en\/cote-albatre\/visite-guidee-etretat-inspiratrice-des-impressionnistes\/\" \/>\n<meta property=\"og:locale\" content=\"en_US\" \/>\n<meta property=\"og:type\" content=\"article\" \/>\n<meta property=\"og:title\" content=\"\u00c9tretat et les Impressionnistes - Impressionist adventures\" \/>\n<meta property=\"og:description\" content=\"Inscrivez-vous pour une visite guid\u00e9e de 2h sur le th\u00e8me \u00c9tretat et les Impressionnistes dans le cadre du Festival Normandie Impressionniste.\" \/>\n<meta property=\"og:url\" content=\"https:\/\/voyagesimpressionnistes.com\/en\/cote-albatre\/visite-guidee-etretat-inspiratrice-des-impressionnistes\/\" \/>\n<meta property=\"og:site_name\" content=\"Impressionist adventures\" \/>\n<meta property=\"article:publisher\" content=\"https:\/\/www.facebook.com\/LesVoyagesImpressionnistes\/\" \/>\n<meta property=\"article:published_time\" content=\"2024-04-12T14:47:44+00:00\" \/>\n<meta property=\"article:modified_time\" content=\"2024-08-27T13:43:46+00:00\" \/>\n<meta property=\"og:image\" content=\"https:\/\/voyagesimpressionnistes.com\/wp-content\/uploads\/2024\/04\/Etretat-panneau-impressionnisme-Vincent-Rustuel-LHET-3.jpg\" \/>\n\t<meta property=\"og:image:width\" content=\"550\" \/>\n\t<meta property=\"og:image:height\" content=\"350\" \/>\n\t<meta property=\"og:image:type\" content=\"image\/jpeg\" \/>\n<meta name=\"author\" content=\"Phane\" \/>\n<meta name=\"twitter:card\" content=\"summary_large_image\" \/>\n<meta name=\"twitter:label1\" content=\"Written by\" \/>\n\t<meta name=\"twitter:data1\" content=\"Phane\" \/>\n\t<meta name=\"twitter:label2\" content=\"Est. reading time\" \/>\n\t<meta name=\"twitter:data2\" content=\"2 minutes\" \/>\n<script type=\"application\/ld+json\" class=\"yoast-schema-graph\">{\"@context\":\"https:\/\/schema.org\",\"@graph\":[{\"@type\":[\"Article\",\"BlogPosting\"],\"@id\":\"https:\/\/voyagesimpressionnistes.com\/en\/cote-albatre\/visite-guidee-etretat-inspiratrice-des-impressionnistes\/#article\",\"isPartOf\":{\"@id\":\"https:\/\/voyagesimpressionnistes.com\/en\/cote-albatre\/visite-guidee-etretat-inspiratrice-des-impressionnistes\/\"},\"author\":{\"name\":\"Phane\",\"@id\":\"https:\/\/voyagesimpressionnistes.com\/en\/#\/schema\/person\/78c37c19aa7ae1bd6f4902f296c80e5f\"},\"headline\":\"Visite guid\u00e9e : \u00c9tretat, inspiratrice des Impressionnistes\",\"datePublished\":\"2024-04-12T14:47:44+00:00\",\"dateModified\":\"2024-08-27T13:43:46+00:00\",\"mainEntityOfPage\":{\"@id\":\"https:\/\/voyagesimpressionnistes.com\/en\/cote-albatre\/visite-guidee-etretat-inspiratrice-des-impressionnistes\/\"},\"wordCount\":376,\"publisher\":{\"@id\":\"https:\/\/voyagesimpressionnistes.com\/en\/#organization\"},\"image\":{\"@id\":\"https:\/\/voyagesimpressionnistes.com\/en\/cote-albatre\/visite-guidee-etretat-inspiratrice-des-impressionnistes\/#primaryimage\"},\"thumbnailUrl\":\"https:\/\/voyagesimpressionnistes.com\/wp-content\/uploads\/2024\/04\/Etretat-panneau-impressionnisme-Vincent-Rustuel-LHET-3.jpg\",\"keywords\":[\"Diary\"],\"articleSection\":[\"The C\u00f4te d\u2019Alb\u00e2tre\"],\"inLanguage\":\"en-US\"},{\"@type\":\"WebPage\",\"@id\":\"https:\/\/voyagesimpressionnistes.com\/en\/cote-albatre\/visite-guidee-etretat-inspiratrice-des-impressionnistes\/\",\"url\":\"https:\/\/voyagesimpressionnistes.com\/en\/cote-albatre\/visite-guidee-etretat-inspiratrice-des-impressionnistes\/\",\"name\":\"\u00c9tretat et les Impressionnistes - Impressionist adventures\",\"isPartOf\":{\"@id\":\"https:\/\/voyagesimpressionnistes.com\/en\/#website\"},\"primaryImageOfPage\":{\"@id\":\"https:\/\/voyagesimpressionnistes.com\/en\/cote-albatre\/visite-guidee-etretat-inspiratrice-des-impressionnistes\/#primaryimage\"},\"image\":{\"@id\":\"https:\/\/voyagesimpressionnistes.com\/en\/cote-albatre\/visite-guidee-etretat-inspiratrice-des-impressionnistes\/#primaryimage\"},\"thumbnailUrl\":\"https:\/\/voyagesimpressionnistes.com\/wp-content\/uploads\/2024\/04\/Etretat-panneau-impressionnisme-Vincent-Rustuel-LHET-3.jpg\",\"datePublished\":\"2024-04-12T14:47:44+00:00\",\"dateModified\":\"2024-08-27T13:43:46+00:00\",\"description\":\"Inscrivez-vous pour une visite guid\u00e9e de 2h sur le th\u00e8me \u00c9tretat et les Impressionnistes dans le cadre du Festival Normandie Impressionniste.\",\"breadcrumb\":{\"@id\":\"https:\/\/voyagesimpressionnistes.com\/en\/cote-albatre\/visite-guidee-etretat-inspiratrice-des-impressionnistes\/#breadcrumb\"},\"inLanguage\":\"en-US\",\"potentialAction\":[{\"@type\":\"ReadAction\",\"target\":[\"https:\/\/voyagesimpressionnistes.com\/en\/cote-albatre\/visite-guidee-etretat-inspiratrice-des-impressionnistes\/\"]}]},{\"@type\":\"ImageObject\",\"inLanguage\":\"en-US\",\"@id\":\"https:\/\/voyagesimpressionnistes.com\/en\/cote-albatre\/visite-guidee-etretat-inspiratrice-des-impressionnistes\/#primaryimage\",\"url\":\"https:\/\/voyagesimpressionnistes.com\/wp-content\/uploads\/2024\/04\/Etretat-panneau-impressionnisme-Vincent-Rustuel-LHET-3.jpg\",\"contentUrl\":\"https:\/\/voyagesimpressionnistes.com\/wp-content\/uploads\/2024\/04\/Etretat-panneau-impressionnisme-Vincent-Rustuel-LHET-3.jpg\",\"width\":550,\"height\":350,\"caption\":\"\u00c9tretat et les Impressionnistes\"},{\"@type\":\"BreadcrumbList\",\"@id\":\"https:\/\/voyagesimpressionnistes.com\/en\/cote-albatre\/visite-guidee-etretat-inspiratrice-des-impressionnistes\/#breadcrumb\",\"itemListElement\":[{\"@type\":\"ListItem\",\"position\":1,\"name\":\"The C\u00f4te d\u2019Alb\u00e2tre\",\"item\":\"https:\/\/voyagesimpressionnistes.com\/en\/cote-albatre\/\"},{\"@type\":\"ListItem\",\"position\":2,\"name\":\"Visite guid\u00e9e : \u00c9tretat, inspiratrice des Impressionnistes\"}]},{\"@type\":\"WebSite\",\"@id\":\"https:\/\/voyagesimpressionnistes.com\/en\/#website\",\"url\":\"https:\/\/voyagesimpressionnistes.com\/en\/\",\"name\":\"Impressionist adventures\",\"description\":\"Inspiring moments\",\"publisher\":{\"@id\":\"https:\/\/voyagesimpressionnistes.com\/en\/#organization\"},\"potentialAction\":[{\"@type\":\"SearchAction\",\"target\":{\"@type\":\"EntryPoint\",\"urlTemplate\":\"https:\/\/voyagesimpressionnistes.com\/en\/?s={search_term_string}\"},\"query-input\":{\"@type\":\"PropertyValueSpecification\",\"valueRequired\":true,\"valueName\":\"search_term_string\"}}],\"inLanguage\":\"en-US\"},{\"@type\":\"Organization\",\"@id\":\"https:\/\/voyagesimpressionnistes.com\/en\/#organization\",\"name\":\"Voyages Impressionnistes\",\"url\":\"https:\/\/voyagesimpressionnistes.com\/en\/\",\"logo\":{\"@type\":\"ImageObject\",\"inLanguage\":\"en-US\",\"@id\":\"https:\/\/voyagesimpressionnistes.com\/en\/#\/schema\/logo\/image\/\",\"url\":\"https:\/\/voyagesimpressionnistes.com\/wp-content\/uploads\/2021\/06\/vi-logo-507x216-1.svg\",\"contentUrl\":\"https:\/\/voyagesimpressionnistes.com\/wp-content\/uploads\/2021\/06\/vi-logo-507x216-1.svg\",\"width\":507,\"height\":216,\"caption\":\"Voyages Impressionnistes\"},\"image\":{\"@id\":\"https:\/\/voyagesimpressionnistes.com\/en\/#\/schema\/logo\/image\/\"},\"sameAs\":[\"https:\/\/www.facebook.com\/LesVoyagesImpressionnistes\/\"]},{\"@type\":\"Person\",\"@id\":\"https:\/\/voyagesimpressionnistes.com\/en\/#\/schema\/person\/78c37c19aa7ae1bd6f4902f296c80e5f\",\"name\":\"Phane\",\"image\":{\"@type\":\"ImageObject\",\"inLanguage\":\"en-US\",\"@id\":\"https:\/\/voyagesimpressionnistes.com\/en\/#\/schema\/person\/image\/\",\"url\":\"https:\/\/secure.gravatar.com\/avatar\/ea705fa375f21b62a2facac16bc19ee8d664629e3399a374a188d355bc5d00b9?s=96&d=mm&r=g\",\"contentUrl\":\"https:\/\/secure.gravatar.com\/avatar\/ea705fa375f21b62a2facac16bc19ee8d664629e3399a374a188d355bc5d00b9?s=96&d=mm&r=g\",\"caption\":\"Phane\"}}]}<\/script>\n<!-- \/ Yoast SEO plugin. -->","yoast_head_json":{"title":"\u00c9tretat et les Impressionnistes - Impressionist adventures","description":"Inscrivez-vous pour une visite guid\u00e9e de 2h sur le th\u00e8me \u00c9tretat et les Impressionnistes dans le cadre du Festival Normandie Impressionniste.","robots":{"index":"index","follow":"follow","max-snippet":"max-snippet:-1","max-image-preview":"max-image-preview:large","max-video-preview":"max-video-preview:-1"},"canonical":"https:\/\/voyagesimpressionnistes.com\/en\/cote-albatre\/visite-guidee-etretat-inspiratrice-des-impressionnistes\/","og_locale":"en_US","og_type":"article","og_title":"\u00c9tretat et les Impressionnistes - Impressionist adventures","og_description":"Inscrivez-vous pour une visite guid\u00e9e de 2h sur le th\u00e8me \u00c9tretat et les Impressionnistes dans le cadre du Festival Normandie Impressionniste.","og_url":"https:\/\/voyagesimpressionnistes.com\/en\/cote-albatre\/visite-guidee-etretat-inspiratrice-des-impressionnistes\/","og_site_name":"Impressionist adventures","article_publisher":"https:\/\/www.facebook.com\/LesVoyagesImpressionnistes\/","article_published_time":"2024-04-12T14:47:44+00:00","article_modified_time":"2024-08-27T13:43:46+00:00","og_image":[{"width":550,"height":350,"url":"https:\/\/voyagesimpressionnistes.com\/wp-content\/uploads\/2024\/04\/Etretat-panneau-impressionnisme-Vincent-Rustuel-LHET-3.jpg","type":"image\/jpeg"}],"author":"Phane","twitter_card":"summary_large_image","twitter_misc":{"Written by":"Phane","Est. reading time":"2 minutes"},"schema":{"@context":"https:\/\/schema.org","@graph":[{"@type":["Article","BlogPosting"],"@id":"https:\/\/voyagesimpressionnistes.com\/en\/cote-albatre\/visite-guidee-etretat-inspiratrice-des-impressionnistes\/#article","isPartOf":{"@id":"https:\/\/voyagesimpressionnistes.com\/en\/cote-albatre\/visite-guidee-etretat-inspiratrice-des-impressionnistes\/"},"author":{"name":"Phane","@id":"https:\/\/voyagesimpressionnistes.com\/en\/#\/schema\/person\/78c37c19aa7ae1bd6f4902f296c80e5f"},"headline":"Visite guid\u00e9e : \u00c9tretat, inspiratrice des Impressionnistes","datePublished":"2024-04-12T14:47:44+00:00","dateModified":"2024-08-27T13:43:46+00:00","mainEntityOfPage":{"@id":"https:\/\/voyagesimpressionnistes.com\/en\/cote-albatre\/visite-guidee-etretat-inspiratrice-des-impressionnistes\/"},"wordCount":376,"publisher":{"@id":"https:\/\/voyagesimpressionnistes.com\/en\/#organization"},"image":{"@id":"https:\/\/voyagesimpressionnistes.com\/en\/cote-albatre\/visite-guidee-etretat-inspiratrice-des-impressionnistes\/#primaryimage"},"thumbnailUrl":"https:\/\/voyagesimpressionnistes.com\/wp-content\/uploads\/2024\/04\/Etretat-panneau-impressionnisme-Vincent-Rustuel-LHET-3.jpg","keywords":["Diary"],"articleSection":["The C\u00f4te d\u2019Alb\u00e2tre"],"inLanguage":"en-US"},{"@type":"WebPage","@id":"https:\/\/voyagesimpressionnistes.com\/en\/cote-albatre\/visite-guidee-etretat-inspiratrice-des-impressionnistes\/","url":"https:\/\/voyagesimpressionnistes.com\/en\/cote-albatre\/visite-guidee-etretat-inspiratrice-des-impressionnistes\/","name":"\u00c9tretat et les Impressionnistes - Impressionist adventures","isPartOf":{"@id":"https:\/\/voyagesimpressionnistes.com\/en\/#website"},"primaryImageOfPage":{"@id":"https:\/\/voyagesimpressionnistes.com\/en\/cote-albatre\/visite-guidee-etretat-inspiratrice-des-impressionnistes\/#primaryimage"},"image":{"@id":"https:\/\/voyagesimpressionnistes.com\/en\/cote-albatre\/visite-guidee-etretat-inspiratrice-des-impressionnistes\/#primaryimage"},"thumbnailUrl":"https:\/\/voyagesimpressionnistes.com\/wp-content\/uploads\/2024\/04\/Etretat-panneau-impressionnisme-Vincent-Rustuel-LHET-3.jpg","datePublished":"2024-04-12T14:47:44+00:00","dateModified":"2024-08-27T13:43:46+00:00","description":"Inscrivez-vous pour une visite guid\u00e9e de 2h sur le th\u00e8me \u00c9tretat et les Impressionnistes dans le cadre du Festival Normandie Impressionniste.","breadcrumb":{"@id":"https:\/\/voyagesimpressionnistes.com\/en\/cote-albatre\/visite-guidee-etretat-inspiratrice-des-impressionnistes\/#breadcrumb"},"inLanguage":"en-US","potentialAction":[{"@type":"ReadAction","target":["https:\/\/voyagesimpressionnistes.com\/en\/cote-albatre\/visite-guidee-etretat-inspiratrice-des-impressionnistes\/"]}]},{"@type":"ImageObject","inLanguage":"en-US","@id":"https:\/\/voyagesimpressionnistes.com\/en\/cote-albatre\/visite-guidee-etretat-inspiratrice-des-impressionnistes\/#primaryimage","url":"https:\/\/voyagesimpressionnistes.com\/wp-content\/uploads\/2024\/04\/Etretat-panneau-impressionnisme-Vincent-Rustuel-LHET-3.jpg","contentUrl":"https:\/\/voyagesimpressionnistes.com\/wp-content\/uploads\/2024\/04\/Etretat-panneau-impressionnisme-Vincent-Rustuel-LHET-3.jpg","width":550,"height":350,"caption":"\u00c9tretat et les Impressionnistes"},{"@type":"BreadcrumbList","@id":"https:\/\/voyagesimpressionnistes.com\/en\/cote-albatre\/visite-guidee-etretat-inspiratrice-des-impressionnistes\/#breadcrumb","itemListElement":[{"@type":"ListItem","position":1,"name":"The C\u00f4te d\u2019Alb\u00e2tre","item":"https:\/\/voyagesimpressionnistes.com\/en\/cote-albatre\/"},{"@type":"ListItem","position":2,"name":"Visite guid\u00e9e : \u00c9tretat, inspiratrice des Impressionnistes"}]},{"@type":"WebSite","@id":"https:\/\/voyagesimpressionnistes.com\/en\/#website","url":"https:\/\/voyagesimpressionnistes.com\/en\/","name":"Impressionist adventures","description":"Inspiring moments","publisher":{"@id":"https:\/\/voyagesimpressionnistes.com\/en\/#organization"},"potentialAction":[{"@type":"SearchAction","target":{"@type":"EntryPoint","urlTemplate":"https:\/\/voyagesimpressionnistes.com\/en\/?s={search_term_string}"},"query-input":{"@type":"PropertyValueSpecification","valueRequired":true,"valueName":"search_term_string"}}],"inLanguage":"en-US"},{"@type":"Organization","@id":"https:\/\/voyagesimpressionnistes.com\/en\/#organization","name":"Voyages Impressionnistes","url":"https:\/\/voyagesimpressionnistes.com\/en\/","logo":{"@type":"ImageObject","inLanguage":"en-US","@id":"https:\/\/voyagesimpressionnistes.com\/en\/#\/schema\/logo\/image\/","url":"https:\/\/voyagesimpressionnistes.com\/wp-content\/uploads\/2021\/06\/vi-logo-507x216-1.svg","contentUrl":"https:\/\/voyagesimpressionnistes.com\/wp-content\/uploads\/2021\/06\/vi-logo-507x216-1.svg","width":507,"height":216,"caption":"Voyages Impressionnistes"},"image":{"@id":"https:\/\/voyagesimpressionnistes.com\/en\/#\/schema\/logo\/image\/"},"sameAs":["https:\/\/www.facebook.com\/LesVoyagesImpressionnistes\/"]},{"@type":"Person","@id":"https:\/\/voyagesimpressionnistes.com\/en\/#\/schema\/person\/78c37c19aa7ae1bd6f4902f296c80e5f","name":"Phane","image":{"@type":"ImageObject","inLanguage":"en-US","@id":"https:\/\/voyagesimpressionnistes.com\/en\/#\/schema\/person\/image\/","url":"https:\/\/secure.gravatar.com\/avatar\/ea705fa375f21b62a2facac16bc19ee8d664629e3399a374a188d355bc5d00b9?s=96&d=mm&r=g","contentUrl":"https:\/\/secure.gravatar.com\/avatar\/ea705fa375f21b62a2facac16bc19ee8d664629e3399a374a188d355bc5d00b9?s=96&d=mm&r=g","caption":"Phane"}}]}},"jetpack_featured_media_url":"https:\/\/voyagesimpressionnistes.com\/wp-content\/uploads\/2024\/04\/Etretat-panneau-impressionnisme-Vincent-Rustuel-LHET-3.jpg","jetpack_sharing_enabled":true,"_links":{"self":[{"href":"https:\/\/voyagesimpressionnistes.com\/en\/wp-json\/wp\/v2\/posts\/8998","targetHints":{"allow":["GET"]}}],"collection":[{"href":"https:\/\/voyagesimpressionnistes.com\/en\/wp-json\/wp\/v2\/posts"}],"about":[{"href":"https:\/\/voyagesimpressionnistes.com\/en\/wp-json\/wp\/v2\/types\/post"}],"author":[{"embeddable":true,"href":"https:\/\/voyagesimpressionnistes.com\/en\/wp-json\/wp\/v2\/users\/2"}],"replies":[{"embeddable":true,"href":"https:\/\/voyagesimpressionnistes.com\/en\/wp-json\/wp\/v2\/comments?post=8998"}],"version-history":[{"count":4,"href":"https:\/\/voyagesimpressionnistes.com\/en\/wp-json\/wp\/v2\/posts\/8998\/revisions"}],"predecessor-version":[{"id":12856,"href":"https:\/\/voyagesimpressionnistes.com\/en\/wp-json\/wp\/v2\/posts\/8998\/revisions\/12856"}],"wp:featuredmedia":[{"embeddable":true,"href":"https:\/\/voyagesimpressionnistes.com\/en\/wp-json\/wp\/v2\/media\/9021"}],"wp:attachment":[{"href":"https:\/\/voyagesimpressionnistes.com\/en\/wp-json\/wp\/v2\/media?parent=8998"}],"wp:term":[{"taxonomy":"category","embeddable":true,"href":"https:\/\/voyagesimpressionnistes.com\/en\/wp-json\/wp\/v2\/categories?post=8998"},{"taxonomy":"slider_une","embeddable":true,"href":"https:\/\/voyagesimpressionnistes.com\/en\/wp-json\/wp\/v2\/slider_une?post=8998"},{"taxonomy":"regions","embeddable":true,"href":"https:\/\/voyagesimpressionnistes.com\/en\/wp-json\/wp\/v2\/regions?post=8998"},{"taxonomy":"coups_coeur","embeddable":true,"href":"https:\/\/voyagesimpressionnistes.com\/en\/wp-json\/wp\/v2\/coups_coeur?post=8998"},{"taxonomy":"inspiration-type","embeddable":true,"href":"https:\/\/voyagesimpressionnistes.com\/en\/wp-json\/wp\/v2\/inspiration-type?post=8998"},{"taxonomy":"label","embeddable":true,"href":"https:\/\/voyagesimpressionnistes.com\/en\/wp-json\/wp\/v2\/label?post=8998"},{"taxonomy":"categories-agenda","embeddable":true,"href":"https:\/\/voyagesimpressionnistes.com\/en\/wp-json\/wp\/v2\/categories-agenda?post=8998"}],"curies":[{"name":"wp","href":"https:\/\/api.w.org\/{rel}","templated":true}]}}