{"id":9105,"date":"2024-05-27T12:31:01","date_gmt":"2024-05-27T10:31:01","guid":{"rendered":"https:\/\/voyagesimpressionnistes.com\/?p=9105"},"modified":"2024-08-27T15:57:40","modified_gmt":"2024-08-27T13:57:40","slug":"visites-guidees-le-havre-sous-l-objectif-des-photographes","status":"publish","type":"post","link":"https:\/\/voyagesimpressionnistes.com\/en\/seine-estuary\/visites-guidees-le-havre-sous-l-objectif-des-photographes\/","title":{"rendered":"Visite guid\u00e9e : Le Havre sous l\u2019objectif des photographes"},"content":{"rendered":"<p>Dans le cadre du <a href=\"https:\/\/voyagesimpressionnistes.com\/en\/giverny-its-surroundings\/festival-normandie-impressionniste-2024\/\">Festival Normandie Impressionniste 2024<\/a>, Pays d&#8217;art et d&#8217;histoire propose une s\u00e9rie de visites guid\u00e9es sur le th\u00e8me <em>Le Havre sous l&#8217;objectif des photographes<\/em>.<\/p>\n<p>Retranscrire l&#8217;atmosph\u00e8re, saisir les variations de la lumi\u00e8re et le mouvement sont autant de d\u00e9fis pour les peintres. Ils le sont aussi pour les pionniers de la photographie qui ne tardent pas \u00e0 les suivre dans cette voie. En \u00e9cho \u00e0 l\u2019exposition\u00a0<a href=\"https:\/\/voyagesimpressionnistes.com\/en\/seine-estuary\/photographier-en-normandie\/\">Photographier en Normandie (1840-1890)<\/a> pr\u00e9sent\u00e9e au MuMa, suivez un guide-conf\u00e9rencier sur les pas des photographes d&#8217;hier et d&#8217;aujourd\u2019hui qui ont immortalis\u00e9 la ville.<\/p>\n<p>Les visites guid\u00e9es <em>Le Havre sous l&#8217;objectif des photographes<\/em> sont sur r\u00e9servation obligatoire les dimanche 2 juin, samedi 20 juillet et mercredi 7 ao\u00fbt 2024. D&#8217;une dur\u00e9e de 2h, le lieu du rendez-vous est communiqu\u00e9 lors de l&#8217;inscription.<\/p>\n<p>Des visites d\u00e9di\u00e9es aux familles (\u00e0 partir de 8 ans) sont \u00e9galement propos\u00e9es les dimanches 7 juillet et 18 ao\u00fbt 2024 pour une dur\u00e9e d&#8217;1h30. Smartphone ou appareil photo obligatoire !<\/p>\n","protected":false},"excerpt":{"rendered":"<p>Dans le cadre du Festival Normandie Impressionniste 2024, Pays d&#8217;art  [&#8230;]<\/p>\n","protected":false},"author":2,"featured_media":9171,"comment_status":"closed","ping_status":"closed","sticky":false,"template":"","format":"standard","meta":{"_acf_changed":false,"inline_featured_image":false,"_jetpack_memberships_contains_paid_content":false,"footnotes":""},"categories":[84],"slider_une":[],"regions":[133],"coups_coeur":[],"inspiration-type":[],"label":[141,143],"categories-agenda":[176],"class_list":["post-9105","post","type-post","status-publish","format-standard","has-post-thumbnail","hentry","category-seine-estuary","tag-diary","regions-normandy","label-150-years","label-normandie-impressionniste-en","categories-agenda-guided-tour-workshop"],"acf":[],"yoast_head":"<!-- This site is optimized with the Yoast SEO plugin v26.3 - https:\/\/yoast.com\/wordpress\/plugins\/seo\/ -->\n<title>Visites guid\u00e9es Le Havre photographes - Impressionist adventures<\/title>\n<meta name=\"description\" content=\"Inscrivez-vous aux visites guid\u00e9es &quot;Le Havre sous l&#039;objectif des photographes&quot; propos\u00e9es dans le cadre du Festival Normandie Impressionniste.\" \/>\n<meta name=\"robots\" content=\"index, follow, max-snippet:-1, max-image-preview:large, max-video-preview:-1\" \/>\n<link rel=\"canonical\" href=\"https:\/\/voyagesimpressionnistes.com\/en\/seine-estuary\/visites-guidees-le-havre-sous-l-objectif-des-photographes\/\" \/>\n<meta property=\"og:locale\" content=\"en_US\" \/>\n<meta property=\"og:type\" content=\"article\" \/>\n<meta property=\"og:title\" content=\"Visites guid\u00e9es Le Havre photographes - Impressionist adventures\" \/>\n<meta property=\"og:description\" content=\"Inscrivez-vous aux visites guid\u00e9es &quot;Le Havre sous l&#039;objectif des photographes&quot; propos\u00e9es dans le cadre du Festival Normandie Impressionniste.\" \/>\n<meta property=\"og:url\" content=\"https:\/\/voyagesimpressionnistes.com\/en\/seine-estuary\/visites-guidees-le-havre-sous-l-objectif-des-photographes\/\" \/>\n<meta property=\"og:site_name\" content=\"Impressionist adventures\" \/>\n<meta property=\"article:publisher\" content=\"https:\/\/www.facebook.com\/LesVoyagesImpressionnistes\/\" \/>\n<meta property=\"article:published_time\" content=\"2024-05-27T10:31:01+00:00\" \/>\n<meta property=\"article:modified_time\" content=\"2024-08-27T13:57:40+00:00\" \/>\n<meta property=\"og:image\" content=\"https:\/\/voyagesimpressionnistes.com\/wp-content\/uploads\/2024\/04\/Sans-titre-1-387-1.jpg\" \/>\n\t<meta property=\"og:image:width\" content=\"550\" \/>\n\t<meta property=\"og:image:height\" content=\"350\" \/>\n\t<meta property=\"og:image:type\" content=\"image\/jpeg\" \/>\n<meta name=\"author\" content=\"Phane\" \/>\n<meta name=\"twitter:card\" content=\"summary_large_image\" \/>\n<meta name=\"twitter:label1\" content=\"Written by\" \/>\n\t<meta name=\"twitter:data1\" content=\"Phane\" \/>\n\t<meta name=\"twitter:label2\" content=\"Est. reading time\" \/>\n\t<meta name=\"twitter:data2\" content=\"1 minute\" \/>\n<script type=\"application\/ld+json\" class=\"yoast-schema-graph\">{\"@context\":\"https:\/\/schema.org\",\"@graph\":[{\"@type\":[\"Article\",\"BlogPosting\"],\"@id\":\"https:\/\/voyagesimpressionnistes.com\/en\/seine-estuary\/visites-guidees-le-havre-sous-l-objectif-des-photographes\/#article\",\"isPartOf\":{\"@id\":\"https:\/\/voyagesimpressionnistes.com\/en\/seine-estuary\/visites-guidees-le-havre-sous-l-objectif-des-photographes\/\"},\"author\":{\"name\":\"Phane\",\"@id\":\"https:\/\/voyagesimpressionnistes.com\/en\/#\/schema\/person\/78c37c19aa7ae1bd6f4902f296c80e5f\"},\"headline\":\"Visite guid\u00e9e : Le Havre sous l\u2019objectif des photographes\",\"datePublished\":\"2024-05-27T10:31:01+00:00\",\"dateModified\":\"2024-08-27T13:57:40+00:00\",\"mainEntityOfPage\":{\"@id\":\"https:\/\/voyagesimpressionnistes.com\/en\/seine-estuary\/visites-guidees-le-havre-sous-l-objectif-des-photographes\/\"},\"wordCount\":188,\"publisher\":{\"@id\":\"https:\/\/voyagesimpressionnistes.com\/en\/#organization\"},\"image\":{\"@id\":\"https:\/\/voyagesimpressionnistes.com\/en\/seine-estuary\/visites-guidees-le-havre-sous-l-objectif-des-photographes\/#primaryimage\"},\"thumbnailUrl\":\"https:\/\/voyagesimpressionnistes.com\/wp-content\/uploads\/2024\/04\/Sans-titre-1-387-1.jpg\",\"keywords\":[\"Diary\"],\"articleSection\":[\"The Seine Estuary\"],\"inLanguage\":\"en-US\"},{\"@type\":\"WebPage\",\"@id\":\"https:\/\/voyagesimpressionnistes.com\/en\/seine-estuary\/visites-guidees-le-havre-sous-l-objectif-des-photographes\/\",\"url\":\"https:\/\/voyagesimpressionnistes.com\/en\/seine-estuary\/visites-guidees-le-havre-sous-l-objectif-des-photographes\/\",\"name\":\"Visites guid\u00e9es Le Havre photographes - Impressionist adventures\",\"isPartOf\":{\"@id\":\"https:\/\/voyagesimpressionnistes.com\/en\/#website\"},\"primaryImageOfPage\":{\"@id\":\"https:\/\/voyagesimpressionnistes.com\/en\/seine-estuary\/visites-guidees-le-havre-sous-l-objectif-des-photographes\/#primaryimage\"},\"image\":{\"@id\":\"https:\/\/voyagesimpressionnistes.com\/en\/seine-estuary\/visites-guidees-le-havre-sous-l-objectif-des-photographes\/#primaryimage\"},\"thumbnailUrl\":\"https:\/\/voyagesimpressionnistes.com\/wp-content\/uploads\/2024\/04\/Sans-titre-1-387-1.jpg\",\"datePublished\":\"2024-05-27T10:31:01+00:00\",\"dateModified\":\"2024-08-27T13:57:40+00:00\",\"description\":\"Inscrivez-vous aux visites guid\u00e9es \\\"Le Havre sous l'objectif des photographes\\\" propos\u00e9es dans le cadre du Festival Normandie Impressionniste.\",\"breadcrumb\":{\"@id\":\"https:\/\/voyagesimpressionnistes.com\/en\/seine-estuary\/visites-guidees-le-havre-sous-l-objectif-des-photographes\/#breadcrumb\"},\"inLanguage\":\"en-US\",\"potentialAction\":[{\"@type\":\"ReadAction\",\"target\":[\"https:\/\/voyagesimpressionnistes.com\/en\/seine-estuary\/visites-guidees-le-havre-sous-l-objectif-des-photographes\/\"]}]},{\"@type\":\"ImageObject\",\"inLanguage\":\"en-US\",\"@id\":\"https:\/\/voyagesimpressionnistes.com\/en\/seine-estuary\/visites-guidees-le-havre-sous-l-objectif-des-photographes\/#primaryimage\",\"url\":\"https:\/\/voyagesimpressionnistes.com\/wp-content\/uploads\/2024\/04\/Sans-titre-1-387-1.jpg\",\"contentUrl\":\"https:\/\/voyagesimpressionnistes.com\/wp-content\/uploads\/2024\/04\/Sans-titre-1-387-1.jpg\",\"width\":550,\"height\":350,\"caption\":\"Visite guid\u00e9e : Le Havre sous l\u2019objectif des photographes\"},{\"@type\":\"BreadcrumbList\",\"@id\":\"https:\/\/voyagesimpressionnistes.com\/en\/seine-estuary\/visites-guidees-le-havre-sous-l-objectif-des-photographes\/#breadcrumb\",\"itemListElement\":[{\"@type\":\"ListItem\",\"position\":1,\"name\":\"The Seine Estuary\",\"item\":\"https:\/\/voyagesimpressionnistes.com\/en\/seine-estuary\/\"},{\"@type\":\"ListItem\",\"position\":2,\"name\":\"Visite guid\u00e9e : Le Havre sous l\u2019objectif des photographes\"}]},{\"@type\":\"WebSite\",\"@id\":\"https:\/\/voyagesimpressionnistes.com\/en\/#website\",\"url\":\"https:\/\/voyagesimpressionnistes.com\/en\/\",\"name\":\"Impressionist adventures\",\"description\":\"Inspiring moments\",\"publisher\":{\"@id\":\"https:\/\/voyagesimpressionnistes.com\/en\/#organization\"},\"potentialAction\":[{\"@type\":\"SearchAction\",\"target\":{\"@type\":\"EntryPoint\",\"urlTemplate\":\"https:\/\/voyagesimpressionnistes.com\/en\/?s={search_term_string}\"},\"query-input\":{\"@type\":\"PropertyValueSpecification\",\"valueRequired\":true,\"valueName\":\"search_term_string\"}}],\"inLanguage\":\"en-US\"},{\"@type\":\"Organization\",\"@id\":\"https:\/\/voyagesimpressionnistes.com\/en\/#organization\",\"name\":\"Voyages Impressionnistes\",\"url\":\"https:\/\/voyagesimpressionnistes.com\/en\/\",\"logo\":{\"@type\":\"ImageObject\",\"inLanguage\":\"en-US\",\"@id\":\"https:\/\/voyagesimpressionnistes.com\/en\/#\/schema\/logo\/image\/\",\"url\":\"https:\/\/voyagesimpressionnistes.com\/wp-content\/uploads\/2021\/06\/vi-logo-507x216-1.svg\",\"contentUrl\":\"https:\/\/voyagesimpressionnistes.com\/wp-content\/uploads\/2021\/06\/vi-logo-507x216-1.svg\",\"width\":507,\"height\":216,\"caption\":\"Voyages Impressionnistes\"},\"image\":{\"@id\":\"https:\/\/voyagesimpressionnistes.com\/en\/#\/schema\/logo\/image\/\"},\"sameAs\":[\"https:\/\/www.facebook.com\/LesVoyagesImpressionnistes\/\"]},{\"@type\":\"Person\",\"@id\":\"https:\/\/voyagesimpressionnistes.com\/en\/#\/schema\/person\/78c37c19aa7ae1bd6f4902f296c80e5f\",\"name\":\"Phane\",\"image\":{\"@type\":\"ImageObject\",\"inLanguage\":\"en-US\",\"@id\":\"https:\/\/voyagesimpressionnistes.com\/en\/#\/schema\/person\/image\/\",\"url\":\"https:\/\/secure.gravatar.com\/avatar\/ea705fa375f21b62a2facac16bc19ee8d664629e3399a374a188d355bc5d00b9?s=96&d=mm&r=g\",\"contentUrl\":\"https:\/\/secure.gravatar.com\/avatar\/ea705fa375f21b62a2facac16bc19ee8d664629e3399a374a188d355bc5d00b9?s=96&d=mm&r=g\",\"caption\":\"Phane\"}}]}<\/script>\n<!-- \/ Yoast SEO plugin. -->","yoast_head_json":{"title":"Visites guid\u00e9es Le Havre photographes - Impressionist adventures","description":"Inscrivez-vous aux visites guid\u00e9es \"Le Havre sous l'objectif des photographes\" propos\u00e9es dans le cadre du Festival Normandie Impressionniste.","robots":{"index":"index","follow":"follow","max-snippet":"max-snippet:-1","max-image-preview":"max-image-preview:large","max-video-preview":"max-video-preview:-1"},"canonical":"https:\/\/voyagesimpressionnistes.com\/en\/seine-estuary\/visites-guidees-le-havre-sous-l-objectif-des-photographes\/","og_locale":"en_US","og_type":"article","og_title":"Visites guid\u00e9es Le Havre photographes - Impressionist adventures","og_description":"Inscrivez-vous aux visites guid\u00e9es \"Le Havre sous l'objectif des photographes\" propos\u00e9es dans le cadre du Festival Normandie Impressionniste.","og_url":"https:\/\/voyagesimpressionnistes.com\/en\/seine-estuary\/visites-guidees-le-havre-sous-l-objectif-des-photographes\/","og_site_name":"Impressionist adventures","article_publisher":"https:\/\/www.facebook.com\/LesVoyagesImpressionnistes\/","article_published_time":"2024-05-27T10:31:01+00:00","article_modified_time":"2024-08-27T13:57:40+00:00","og_image":[{"width":550,"height":350,"url":"https:\/\/voyagesimpressionnistes.com\/wp-content\/uploads\/2024\/04\/Sans-titre-1-387-1.jpg","type":"image\/jpeg"}],"author":"Phane","twitter_card":"summary_large_image","twitter_misc":{"Written by":"Phane","Est. reading time":"1 minute"},"schema":{"@context":"https:\/\/schema.org","@graph":[{"@type":["Article","BlogPosting"],"@id":"https:\/\/voyagesimpressionnistes.com\/en\/seine-estuary\/visites-guidees-le-havre-sous-l-objectif-des-photographes\/#article","isPartOf":{"@id":"https:\/\/voyagesimpressionnistes.com\/en\/seine-estuary\/visites-guidees-le-havre-sous-l-objectif-des-photographes\/"},"author":{"name":"Phane","@id":"https:\/\/voyagesimpressionnistes.com\/en\/#\/schema\/person\/78c37c19aa7ae1bd6f4902f296c80e5f"},"headline":"Visite guid\u00e9e : Le Havre sous l\u2019objectif des photographes","datePublished":"2024-05-27T10:31:01+00:00","dateModified":"2024-08-27T13:57:40+00:00","mainEntityOfPage":{"@id":"https:\/\/voyagesimpressionnistes.com\/en\/seine-estuary\/visites-guidees-le-havre-sous-l-objectif-des-photographes\/"},"wordCount":188,"publisher":{"@id":"https:\/\/voyagesimpressionnistes.com\/en\/#organization"},"image":{"@id":"https:\/\/voyagesimpressionnistes.com\/en\/seine-estuary\/visites-guidees-le-havre-sous-l-objectif-des-photographes\/#primaryimage"},"thumbnailUrl":"https:\/\/voyagesimpressionnistes.com\/wp-content\/uploads\/2024\/04\/Sans-titre-1-387-1.jpg","keywords":["Diary"],"articleSection":["The Seine Estuary"],"inLanguage":"en-US"},{"@type":"WebPage","@id":"https:\/\/voyagesimpressionnistes.com\/en\/seine-estuary\/visites-guidees-le-havre-sous-l-objectif-des-photographes\/","url":"https:\/\/voyagesimpressionnistes.com\/en\/seine-estuary\/visites-guidees-le-havre-sous-l-objectif-des-photographes\/","name":"Visites guid\u00e9es Le Havre photographes - Impressionist adventures","isPartOf":{"@id":"https:\/\/voyagesimpressionnistes.com\/en\/#website"},"primaryImageOfPage":{"@id":"https:\/\/voyagesimpressionnistes.com\/en\/seine-estuary\/visites-guidees-le-havre-sous-l-objectif-des-photographes\/#primaryimage"},"image":{"@id":"https:\/\/voyagesimpressionnistes.com\/en\/seine-estuary\/visites-guidees-le-havre-sous-l-objectif-des-photographes\/#primaryimage"},"thumbnailUrl":"https:\/\/voyagesimpressionnistes.com\/wp-content\/uploads\/2024\/04\/Sans-titre-1-387-1.jpg","datePublished":"2024-05-27T10:31:01+00:00","dateModified":"2024-08-27T13:57:40+00:00","description":"Inscrivez-vous aux visites guid\u00e9es \"Le Havre sous l'objectif des photographes\" propos\u00e9es dans le cadre du Festival Normandie Impressionniste.","breadcrumb":{"@id":"https:\/\/voyagesimpressionnistes.com\/en\/seine-estuary\/visites-guidees-le-havre-sous-l-objectif-des-photographes\/#breadcrumb"},"inLanguage":"en-US","potentialAction":[{"@type":"ReadAction","target":["https:\/\/voyagesimpressionnistes.com\/en\/seine-estuary\/visites-guidees-le-havre-sous-l-objectif-des-photographes\/"]}]},{"@type":"ImageObject","inLanguage":"en-US","@id":"https:\/\/voyagesimpressionnistes.com\/en\/seine-estuary\/visites-guidees-le-havre-sous-l-objectif-des-photographes\/#primaryimage","url":"https:\/\/voyagesimpressionnistes.com\/wp-content\/uploads\/2024\/04\/Sans-titre-1-387-1.jpg","contentUrl":"https:\/\/voyagesimpressionnistes.com\/wp-content\/uploads\/2024\/04\/Sans-titre-1-387-1.jpg","width":550,"height":350,"caption":"Visite guid\u00e9e : Le Havre sous l\u2019objectif des photographes"},{"@type":"BreadcrumbList","@id":"https:\/\/voyagesimpressionnistes.com\/en\/seine-estuary\/visites-guidees-le-havre-sous-l-objectif-des-photographes\/#breadcrumb","itemListElement":[{"@type":"ListItem","position":1,"name":"The Seine Estuary","item":"https:\/\/voyagesimpressionnistes.com\/en\/seine-estuary\/"},{"@type":"ListItem","position":2,"name":"Visite guid\u00e9e : Le Havre sous l\u2019objectif des photographes"}]},{"@type":"WebSite","@id":"https:\/\/voyagesimpressionnistes.com\/en\/#website","url":"https:\/\/voyagesimpressionnistes.com\/en\/","name":"Impressionist adventures","description":"Inspiring moments","publisher":{"@id":"https:\/\/voyagesimpressionnistes.com\/en\/#organization"},"potentialAction":[{"@type":"SearchAction","target":{"@type":"EntryPoint","urlTemplate":"https:\/\/voyagesimpressionnistes.com\/en\/?s={search_term_string}"},"query-input":{"@type":"PropertyValueSpecification","valueRequired":true,"valueName":"search_term_string"}}],"inLanguage":"en-US"},{"@type":"Organization","@id":"https:\/\/voyagesimpressionnistes.com\/en\/#organization","name":"Voyages Impressionnistes","url":"https:\/\/voyagesimpressionnistes.com\/en\/","logo":{"@type":"ImageObject","inLanguage":"en-US","@id":"https:\/\/voyagesimpressionnistes.com\/en\/#\/schema\/logo\/image\/","url":"https:\/\/voyagesimpressionnistes.com\/wp-content\/uploads\/2021\/06\/vi-logo-507x216-1.svg","contentUrl":"https:\/\/voyagesimpressionnistes.com\/wp-content\/uploads\/2021\/06\/vi-logo-507x216-1.svg","width":507,"height":216,"caption":"Voyages Impressionnistes"},"image":{"@id":"https:\/\/voyagesimpressionnistes.com\/en\/#\/schema\/logo\/image\/"},"sameAs":["https:\/\/www.facebook.com\/LesVoyagesImpressionnistes\/"]},{"@type":"Person","@id":"https:\/\/voyagesimpressionnistes.com\/en\/#\/schema\/person\/78c37c19aa7ae1bd6f4902f296c80e5f","name":"Phane","image":{"@type":"ImageObject","inLanguage":"en-US","@id":"https:\/\/voyagesimpressionnistes.com\/en\/#\/schema\/person\/image\/","url":"https:\/\/secure.gravatar.com\/avatar\/ea705fa375f21b62a2facac16bc19ee8d664629e3399a374a188d355bc5d00b9?s=96&d=mm&r=g","contentUrl":"https:\/\/secure.gravatar.com\/avatar\/ea705fa375f21b62a2facac16bc19ee8d664629e3399a374a188d355bc5d00b9?s=96&d=mm&r=g","caption":"Phane"}}]}},"jetpack_featured_media_url":"https:\/\/voyagesimpressionnistes.com\/wp-content\/uploads\/2024\/04\/Sans-titre-1-387-1.jpg","jetpack_sharing_enabled":true,"_links":{"self":[{"href":"https:\/\/voyagesimpressionnistes.com\/en\/wp-json\/wp\/v2\/posts\/9105","targetHints":{"allow":["GET"]}}],"collection":[{"href":"https:\/\/voyagesimpressionnistes.com\/en\/wp-json\/wp\/v2\/posts"}],"about":[{"href":"https:\/\/voyagesimpressionnistes.com\/en\/wp-json\/wp\/v2\/types\/post"}],"author":[{"embeddable":true,"href":"https:\/\/voyagesimpressionnistes.com\/en\/wp-json\/wp\/v2\/users\/2"}],"replies":[{"embeddable":true,"href":"https:\/\/voyagesimpressionnistes.com\/en\/wp-json\/wp\/v2\/comments?post=9105"}],"version-history":[{"count":7,"href":"https:\/\/voyagesimpressionnistes.com\/en\/wp-json\/wp\/v2\/posts\/9105\/revisions"}],"predecessor-version":[{"id":12866,"href":"https:\/\/voyagesimpressionnistes.com\/en\/wp-json\/wp\/v2\/posts\/9105\/revisions\/12866"}],"wp:featuredmedia":[{"embeddable":true,"href":"https:\/\/voyagesimpressionnistes.com\/en\/wp-json\/wp\/v2\/media\/9171"}],"wp:attachment":[{"href":"https:\/\/voyagesimpressionnistes.com\/en\/wp-json\/wp\/v2\/media?parent=9105"}],"wp:term":[{"taxonomy":"category","embeddable":true,"href":"https:\/\/voyagesimpressionnistes.com\/en\/wp-json\/wp\/v2\/categories?post=9105"},{"taxonomy":"slider_une","embeddable":true,"href":"https:\/\/voyagesimpressionnistes.com\/en\/wp-json\/wp\/v2\/slider_une?post=9105"},{"taxonomy":"regions","embeddable":true,"href":"https:\/\/voyagesimpressionnistes.com\/en\/wp-json\/wp\/v2\/regions?post=9105"},{"taxonomy":"coups_coeur","embeddable":true,"href":"https:\/\/voyagesimpressionnistes.com\/en\/wp-json\/wp\/v2\/coups_coeur?post=9105"},{"taxonomy":"inspiration-type","embeddable":true,"href":"https:\/\/voyagesimpressionnistes.com\/en\/wp-json\/wp\/v2\/inspiration-type?post=9105"},{"taxonomy":"label","embeddable":true,"href":"https:\/\/voyagesimpressionnistes.com\/en\/wp-json\/wp\/v2\/label?post=9105"},{"taxonomy":"categories-agenda","embeddable":true,"href":"https:\/\/voyagesimpressionnistes.com\/en\/wp-json\/wp\/v2\/categories-agenda?post=9105"}],"curies":[{"name":"wp","href":"https:\/\/api.w.org\/{rel}","templated":true}]}}