{"id":9231,"date":"2024-04-03T10:55:45","date_gmt":"2024-04-03T08:55:45","guid":{"rendered":"https:\/\/voyagesimpressionnistes.com\/?p=9231"},"modified":"2025-02-11T15:56:15","modified_gmt":"2025-02-11T14:56:15","slug":"beatrice-helg-un-monde-lumineux","status":"publish","type":"post","link":"https:\/\/voyagesimpressionnistes.com\/en\/barbizon-yerres\/beatrice-helg-un-monde-lumineux\/","title":{"rendered":"B\u00e9atrice Helg. Un monde lumineux"},"content":{"rendered":"<p>Dans l\u2019Orangerie de la Maison Caillebotte, l&#8217;artiste suisse B\u00e9atrice Helg pr\u00e9sentera une s\u00e9lection d&#8217;\u0153uvres de grands formats des s\u00e9ries <em>Cosmos, R\u00e9sonance<\/em> et des photographies in\u00e9dites de la s\u00e9rie <em>Natura, 2023,<\/em>\u00a0\u00e0 l&#8217;occasion des <a href=\"https:\/\/voyagesimpressionnistes.com\/en\/barbizon-yerres\/150-ans-de-limpressionnisme-de-barbizon-a-yerres-en-passant-par-moret-sur-loing\/\">150 ans de l&#8217;Impressionnisme<\/a>.<\/p>\n<p>L&#8217;\u0153uvre de B\u00e9atrice Helg occupe une place singuli\u00e8re dans la tradition de la photographie mise en sc\u00e8ne qui a vu le jour dans les ann\u00e9es 1980. En effet, bien loin des \u0153uvres hyperr\u00e9alistes ou narratives, des reconstitutions de sc\u00e8nes de la vie quotidienne, son travail donne \u00e0 voir des formes abstraites, des mondes lumineux.<\/p>\n<p>Influenc\u00e9e par l&#8217;avant-garde russe et le constructivisme, passionn\u00e9e de musique, sensible aux notions d&#8217;espace et de temps, \u00e0 l&#8217;architecture, \u00e0 la mise en sc\u00e8ne de th\u00e9\u00e2tre et d&#8217;op\u00e9ra, l&#8217;artiste cr\u00e9e des espaces monumentaux o\u00f9 la sculpture, la peinture, l&#8217;installation et surtout la lumi\u00e8re interagissent.<\/p>\n<p>&#8220;Quelle est cette lumi\u00e8re hors de la mesure du temps qui na\u00eet du silence et agrandit l&#8217;espace ?&#8221;, s&#8217;interrogeait le metteur en sc\u00e8ne Claude R\u00e9gy dans <em>L&#8217;\u00e9tat d&#8217;incertitude<\/em>.<\/p>\n<p>Plus que tout autre, la lumi\u00e8re est ici le mat\u00e9riau sans quoi l&#8217;\u0153uvre n&#8217;existe pas. Elle est le m\u00e9dium par lequel toute r\u00e9v\u00e9lation est possible. Ses photographies pr\u00e9sentent des univers d&#8217;ombre et de clart\u00e9 d&#8217;une \u00e9trange beaut\u00e9, aussi po\u00e9tiques que spirituels.<\/p>\n<p>Il y une qualit\u00e9 presque sacr\u00e9e dans ces \u0153uvres r\u00e9centes qui \u00e9voquent la vuln\u00e9rabilit\u00e9 de la nature mill\u00e9naire et nous rappellent que notre esprit, notre \u00e2me sont indissociables de la nature et de notre environnement.<\/p>\n<p>B\u00e9atrice Helg est n\u00e9e \u00e0 Gen\u00e8ve en 1956. Elle \u00e9tudie la photographie aux \u00c9tats-Unis et travaille dans le d\u00e9partement des expositions de l&#8217;International Center of Photography (ICP) \u00e0 New York. D\u00e8s ses d\u00e9buts, l&#8217;artiste d\u00e9veloppe une \u00e9criture sp\u00e9cifique d&#8217;espace, lumi\u00e8re, mati\u00e8re, qui sera reconnue au niveau international.<\/p>\n<p>Plus de soixante-cinq expositions personnelles ont \u00e9t\u00e9 consacr\u00e9es \u00e0 son \u0153uvre en Europe, aux \u00c9tats-Unis et au Japon, parmi lesquelles une exposition au Palazzo Fortuny, Venise ; au mus\u00e9e Tinguely, B\u00e2le ; \u00e0 l&#8217;IVAM \u2013 Institut Valenci\u00e0 d&#8217;Art Modern, Valence ; au Museum of Contemporary Photography, Chicago ; au Museum of Photographic Arts, San Diego ; \u00e0 Paris Photo et aux Rencontres d&#8217;Arles.<\/p>\n<p>Ses \u0153uvres figurent dans de nombreuses collections renomm\u00e9es : la Biblioth\u00e8que nationale de France et la Maison europ\u00e9enne de la photographie, Paris ; la Fondation Martin Bodmer, Cologny (Gen\u00e8ve) ; Photo Elys\u00e9e, Lausanne; le Brooklyn Museum et l&#8217;International Center of Photography, New York ; le Los Angeles County Museum of Art et Museum of Fine Arts, Houston, le Mus\u00e9e des beaux-arts du Canada, Ottawa.<\/p>\n<p>Parmi ses r\u00e9centes publications, citons l&#8217;importante monographie B\u00e9atrice Helg, avec un po\u00e8me d\u00e9dicace de Robert Wilson, des textes de Serge Linar\u00e8s et Philippe Piguet, un po\u00e8me de Sylviane Dupuis parue chez 5 Continents Editions, Milan.<\/p>\n<p>\u00c0 l&#8217;occasion de l&#8217;exposition <em>B\u00e9atrice Helg. Un monde lumineux<\/em>, la <a href=\"https:\/\/voyagesimpressionnistes.com\/en\/barbizon-yerres\/maison-caillebotte\/\">Maison Caillebotte<\/a> publie un catalogue d\u2019exposition comprenant un texte de B\u00e9atrice Andrieux, commissaire d&#8217;exposition ind\u00e9pendante, sp\u00e9cialis\u00e9e en photographie et en art contemporain, un entretien de Val\u00e9rie Dupont-Aignan avec B\u00e9atrice Helg, une biographie de l&#8217;artiste et la reproduction de toutes les \u0153uvres expos\u00e9es.<\/p>\n","protected":false},"excerpt":{"rendered":"<p>Dans l\u2019Orangerie de la Maison Caillebotte, l&#8217;artiste suisse B\u00e9atrice Helg  [&#8230;]<\/p>\n","protected":false},"author":2,"featured_media":13857,"comment_status":"closed","ping_status":"closed","sticky":false,"template":"","format":"standard","meta":{"_acf_changed":false,"inline_featured_image":false,"_jetpack_memberships_contains_paid_content":false,"footnotes":""},"categories":[81],"slider_une":[],"regions":[132],"coups_coeur":[],"inspiration-type":[],"label":[141],"categories-agenda":[175],"class_list":["post-9231","post","type-post","status-publish","format-standard","has-post-thumbnail","hentry","category-barbizon-yerres","tag-diary","regions-idf-en","label-150-years","categories-agenda-contemporary-art-contemporain"],"acf":[],"yoast_head":"<!-- This site is optimized with the Yoast SEO plugin v26.3 - https:\/\/yoast.com\/wordpress\/plugins\/seo\/ -->\n<title>B\u00e9atrice Helg. Un monde lumineux - Impressionist adventures<\/title>\n<meta name=\"description\" content=\"Venez visiter l&#039;exposition &quot;B\u00e9atrice Helg. Un monde lumineux&quot; \u00e0 l&#039;Orangerie de la Maison Caillebotte pour les 150 ans de l&#039;Impressionnisme.\" \/>\n<meta name=\"robots\" content=\"index, follow, max-snippet:-1, max-image-preview:large, max-video-preview:-1\" \/>\n<link rel=\"canonical\" href=\"https:\/\/voyagesimpressionnistes.com\/en\/barbizon-yerres\/beatrice-helg-un-monde-lumineux\/\" \/>\n<meta property=\"og:locale\" content=\"en_US\" \/>\n<meta property=\"og:type\" content=\"article\" \/>\n<meta property=\"og:title\" content=\"B\u00e9atrice Helg. Un monde lumineux - Impressionist adventures\" \/>\n<meta property=\"og:description\" content=\"Venez visiter l&#039;exposition &quot;B\u00e9atrice Helg. Un monde lumineux&quot; \u00e0 l&#039;Orangerie de la Maison Caillebotte pour les 150 ans de l&#039;Impressionnisme.\" \/>\n<meta property=\"og:url\" content=\"https:\/\/voyagesimpressionnistes.com\/en\/barbizon-yerres\/beatrice-helg-un-monde-lumineux\/\" \/>\n<meta property=\"og:site_name\" content=\"Impressionist adventures\" \/>\n<meta property=\"article:publisher\" content=\"https:\/\/www.facebook.com\/LesVoyagesImpressionnistes\/\" \/>\n<meta property=\"article:published_time\" content=\"2024-04-03T08:55:45+00:00\" \/>\n<meta property=\"article:modified_time\" content=\"2025-02-11T14:56:15+00:00\" \/>\n<meta property=\"og:image\" content=\"https:\/\/voyagesimpressionnistes.com\/wp-content\/uploads\/2024\/04\/21359179-diaporama.jpg\" \/>\n\t<meta property=\"og:image:width\" content=\"756\" \/>\n\t<meta property=\"og:image:height\" content=\"600\" \/>\n\t<meta property=\"og:image:type\" content=\"image\/jpeg\" \/>\n<meta name=\"author\" content=\"Phane\" \/>\n<meta name=\"twitter:card\" content=\"summary_large_image\" \/>\n<meta name=\"twitter:label1\" content=\"Written by\" \/>\n\t<meta name=\"twitter:data1\" content=\"Phane\" \/>\n\t<meta name=\"twitter:label2\" content=\"Est. reading time\" \/>\n\t<meta name=\"twitter:data2\" content=\"3 minutes\" \/>\n<script type=\"application\/ld+json\" class=\"yoast-schema-graph\">{\"@context\":\"https:\/\/schema.org\",\"@graph\":[{\"@type\":[\"Article\",\"BlogPosting\"],\"@id\":\"https:\/\/voyagesimpressionnistes.com\/en\/barbizon-yerres\/beatrice-helg-un-monde-lumineux\/#article\",\"isPartOf\":{\"@id\":\"https:\/\/voyagesimpressionnistes.com\/en\/barbizon-yerres\/beatrice-helg-un-monde-lumineux\/\"},\"author\":{\"name\":\"Phane\",\"@id\":\"https:\/\/voyagesimpressionnistes.com\/en\/#\/schema\/person\/78c37c19aa7ae1bd6f4902f296c80e5f\"},\"headline\":\"B\u00e9atrice Helg. Un monde lumineux\",\"datePublished\":\"2024-04-03T08:55:45+00:00\",\"dateModified\":\"2025-02-11T14:56:15+00:00\",\"mainEntityOfPage\":{\"@id\":\"https:\/\/voyagesimpressionnistes.com\/en\/barbizon-yerres\/beatrice-helg-un-monde-lumineux\/\"},\"wordCount\":581,\"publisher\":{\"@id\":\"https:\/\/voyagesimpressionnistes.com\/en\/#organization\"},\"image\":{\"@id\":\"https:\/\/voyagesimpressionnistes.com\/en\/barbizon-yerres\/beatrice-helg-un-monde-lumineux\/#primaryimage\"},\"thumbnailUrl\":\"https:\/\/voyagesimpressionnistes.com\/wp-content\/uploads\/2024\/04\/affiche-beatrice-helg-un-monde-lumineux.jpg\",\"keywords\":[\"Diary\"],\"articleSection\":[\"Barbizon, its surrounds &amp; Yerres\"],\"inLanguage\":\"en-US\"},{\"@type\":\"WebPage\",\"@id\":\"https:\/\/voyagesimpressionnistes.com\/en\/barbizon-yerres\/beatrice-helg-un-monde-lumineux\/\",\"url\":\"https:\/\/voyagesimpressionnistes.com\/en\/barbizon-yerres\/beatrice-helg-un-monde-lumineux\/\",\"name\":\"B\u00e9atrice Helg. Un monde lumineux - Impressionist adventures\",\"isPartOf\":{\"@id\":\"https:\/\/voyagesimpressionnistes.com\/en\/#website\"},\"primaryImageOfPage\":{\"@id\":\"https:\/\/voyagesimpressionnistes.com\/en\/barbizon-yerres\/beatrice-helg-un-monde-lumineux\/#primaryimage\"},\"image\":{\"@id\":\"https:\/\/voyagesimpressionnistes.com\/en\/barbizon-yerres\/beatrice-helg-un-monde-lumineux\/#primaryimage\"},\"thumbnailUrl\":\"https:\/\/voyagesimpressionnistes.com\/wp-content\/uploads\/2024\/04\/affiche-beatrice-helg-un-monde-lumineux.jpg\",\"datePublished\":\"2024-04-03T08:55:45+00:00\",\"dateModified\":\"2025-02-11T14:56:15+00:00\",\"description\":\"Venez visiter l'exposition \\\"B\u00e9atrice Helg. Un monde lumineux\\\" \u00e0 l'Orangerie de la Maison Caillebotte pour les 150 ans de l'Impressionnisme.\",\"breadcrumb\":{\"@id\":\"https:\/\/voyagesimpressionnistes.com\/en\/barbizon-yerres\/beatrice-helg-un-monde-lumineux\/#breadcrumb\"},\"inLanguage\":\"en-US\",\"potentialAction\":[{\"@type\":\"ReadAction\",\"target\":[\"https:\/\/voyagesimpressionnistes.com\/en\/barbizon-yerres\/beatrice-helg-un-monde-lumineux\/\"]}]},{\"@type\":\"ImageObject\",\"inLanguage\":\"en-US\",\"@id\":\"https:\/\/voyagesimpressionnistes.com\/en\/barbizon-yerres\/beatrice-helg-un-monde-lumineux\/#primaryimage\",\"url\":\"https:\/\/voyagesimpressionnistes.com\/wp-content\/uploads\/2024\/04\/affiche-beatrice-helg-un-monde-lumineux.jpg\",\"contentUrl\":\"https:\/\/voyagesimpressionnistes.com\/wp-content\/uploads\/2024\/04\/affiche-beatrice-helg-un-monde-lumineux.jpg\",\"width\":326,\"height\":452,\"caption\":\"B\u00e9atrice Helg : Un monde lumineux, affiche de l'exposition \u00e0 la Maison Caillebotte\"},{\"@type\":\"BreadcrumbList\",\"@id\":\"https:\/\/voyagesimpressionnistes.com\/en\/barbizon-yerres\/beatrice-helg-un-monde-lumineux\/#breadcrumb\",\"itemListElement\":[{\"@type\":\"ListItem\",\"position\":1,\"name\":\"Barbizon, its surrounds &amp; Yerres\",\"item\":\"https:\/\/voyagesimpressionnistes.com\/en\/barbizon-yerres\/\"},{\"@type\":\"ListItem\",\"position\":2,\"name\":\"B\u00e9atrice Helg. Un monde lumineux\"}]},{\"@type\":\"WebSite\",\"@id\":\"https:\/\/voyagesimpressionnistes.com\/en\/#website\",\"url\":\"https:\/\/voyagesimpressionnistes.com\/en\/\",\"name\":\"Impressionist adventures\",\"description\":\"Inspiring moments\",\"publisher\":{\"@id\":\"https:\/\/voyagesimpressionnistes.com\/en\/#organization\"},\"potentialAction\":[{\"@type\":\"SearchAction\",\"target\":{\"@type\":\"EntryPoint\",\"urlTemplate\":\"https:\/\/voyagesimpressionnistes.com\/en\/?s={search_term_string}\"},\"query-input\":{\"@type\":\"PropertyValueSpecification\",\"valueRequired\":true,\"valueName\":\"search_term_string\"}}],\"inLanguage\":\"en-US\"},{\"@type\":\"Organization\",\"@id\":\"https:\/\/voyagesimpressionnistes.com\/en\/#organization\",\"name\":\"Voyages Impressionnistes\",\"url\":\"https:\/\/voyagesimpressionnistes.com\/en\/\",\"logo\":{\"@type\":\"ImageObject\",\"inLanguage\":\"en-US\",\"@id\":\"https:\/\/voyagesimpressionnistes.com\/en\/#\/schema\/logo\/image\/\",\"url\":\"https:\/\/voyagesimpressionnistes.com\/wp-content\/uploads\/2021\/06\/vi-logo-507x216-1.svg\",\"contentUrl\":\"https:\/\/voyagesimpressionnistes.com\/wp-content\/uploads\/2021\/06\/vi-logo-507x216-1.svg\",\"width\":507,\"height\":216,\"caption\":\"Voyages Impressionnistes\"},\"image\":{\"@id\":\"https:\/\/voyagesimpressionnistes.com\/en\/#\/schema\/logo\/image\/\"},\"sameAs\":[\"https:\/\/www.facebook.com\/LesVoyagesImpressionnistes\/\"]},{\"@type\":\"Person\",\"@id\":\"https:\/\/voyagesimpressionnistes.com\/en\/#\/schema\/person\/78c37c19aa7ae1bd6f4902f296c80e5f\",\"name\":\"Phane\",\"image\":{\"@type\":\"ImageObject\",\"inLanguage\":\"en-US\",\"@id\":\"https:\/\/voyagesimpressionnistes.com\/en\/#\/schema\/person\/image\/\",\"url\":\"https:\/\/secure.gravatar.com\/avatar\/ea705fa375f21b62a2facac16bc19ee8d664629e3399a374a188d355bc5d00b9?s=96&d=mm&r=g\",\"contentUrl\":\"https:\/\/secure.gravatar.com\/avatar\/ea705fa375f21b62a2facac16bc19ee8d664629e3399a374a188d355bc5d00b9?s=96&d=mm&r=g\",\"caption\":\"Phane\"}}]}<\/script>\n<!-- \/ Yoast SEO plugin. -->","yoast_head_json":{"title":"B\u00e9atrice Helg. Un monde lumineux - Impressionist adventures","description":"Venez visiter l'exposition \"B\u00e9atrice Helg. Un monde lumineux\" \u00e0 l'Orangerie de la Maison Caillebotte pour les 150 ans de l'Impressionnisme.","robots":{"index":"index","follow":"follow","max-snippet":"max-snippet:-1","max-image-preview":"max-image-preview:large","max-video-preview":"max-video-preview:-1"},"canonical":"https:\/\/voyagesimpressionnistes.com\/en\/barbizon-yerres\/beatrice-helg-un-monde-lumineux\/","og_locale":"en_US","og_type":"article","og_title":"B\u00e9atrice Helg. Un monde lumineux - Impressionist adventures","og_description":"Venez visiter l'exposition \"B\u00e9atrice Helg. Un monde lumineux\" \u00e0 l'Orangerie de la Maison Caillebotte pour les 150 ans de l'Impressionnisme.","og_url":"https:\/\/voyagesimpressionnistes.com\/en\/barbizon-yerres\/beatrice-helg-un-monde-lumineux\/","og_site_name":"Impressionist adventures","article_publisher":"https:\/\/www.facebook.com\/LesVoyagesImpressionnistes\/","article_published_time":"2024-04-03T08:55:45+00:00","article_modified_time":"2025-02-11T14:56:15+00:00","og_image":[{"width":756,"height":600,"url":"https:\/\/voyagesimpressionnistes.com\/wp-content\/uploads\/2024\/04\/21359179-diaporama.jpg","type":"image\/jpeg"}],"author":"Phane","twitter_card":"summary_large_image","twitter_misc":{"Written by":"Phane","Est. reading time":"3 minutes"},"schema":{"@context":"https:\/\/schema.org","@graph":[{"@type":["Article","BlogPosting"],"@id":"https:\/\/voyagesimpressionnistes.com\/en\/barbizon-yerres\/beatrice-helg-un-monde-lumineux\/#article","isPartOf":{"@id":"https:\/\/voyagesimpressionnistes.com\/en\/barbizon-yerres\/beatrice-helg-un-monde-lumineux\/"},"author":{"name":"Phane","@id":"https:\/\/voyagesimpressionnistes.com\/en\/#\/schema\/person\/78c37c19aa7ae1bd6f4902f296c80e5f"},"headline":"B\u00e9atrice Helg. Un monde lumineux","datePublished":"2024-04-03T08:55:45+00:00","dateModified":"2025-02-11T14:56:15+00:00","mainEntityOfPage":{"@id":"https:\/\/voyagesimpressionnistes.com\/en\/barbizon-yerres\/beatrice-helg-un-monde-lumineux\/"},"wordCount":581,"publisher":{"@id":"https:\/\/voyagesimpressionnistes.com\/en\/#organization"},"image":{"@id":"https:\/\/voyagesimpressionnistes.com\/en\/barbizon-yerres\/beatrice-helg-un-monde-lumineux\/#primaryimage"},"thumbnailUrl":"https:\/\/voyagesimpressionnistes.com\/wp-content\/uploads\/2024\/04\/affiche-beatrice-helg-un-monde-lumineux.jpg","keywords":["Diary"],"articleSection":["Barbizon, its surrounds &amp; Yerres"],"inLanguage":"en-US"},{"@type":"WebPage","@id":"https:\/\/voyagesimpressionnistes.com\/en\/barbizon-yerres\/beatrice-helg-un-monde-lumineux\/","url":"https:\/\/voyagesimpressionnistes.com\/en\/barbizon-yerres\/beatrice-helg-un-monde-lumineux\/","name":"B\u00e9atrice Helg. Un monde lumineux - Impressionist adventures","isPartOf":{"@id":"https:\/\/voyagesimpressionnistes.com\/en\/#website"},"primaryImageOfPage":{"@id":"https:\/\/voyagesimpressionnistes.com\/en\/barbizon-yerres\/beatrice-helg-un-monde-lumineux\/#primaryimage"},"image":{"@id":"https:\/\/voyagesimpressionnistes.com\/en\/barbizon-yerres\/beatrice-helg-un-monde-lumineux\/#primaryimage"},"thumbnailUrl":"https:\/\/voyagesimpressionnistes.com\/wp-content\/uploads\/2024\/04\/affiche-beatrice-helg-un-monde-lumineux.jpg","datePublished":"2024-04-03T08:55:45+00:00","dateModified":"2025-02-11T14:56:15+00:00","description":"Venez visiter l'exposition \"B\u00e9atrice Helg. Un monde lumineux\" \u00e0 l'Orangerie de la Maison Caillebotte pour les 150 ans de l'Impressionnisme.","breadcrumb":{"@id":"https:\/\/voyagesimpressionnistes.com\/en\/barbizon-yerres\/beatrice-helg-un-monde-lumineux\/#breadcrumb"},"inLanguage":"en-US","potentialAction":[{"@type":"ReadAction","target":["https:\/\/voyagesimpressionnistes.com\/en\/barbizon-yerres\/beatrice-helg-un-monde-lumineux\/"]}]},{"@type":"ImageObject","inLanguage":"en-US","@id":"https:\/\/voyagesimpressionnistes.com\/en\/barbizon-yerres\/beatrice-helg-un-monde-lumineux\/#primaryimage","url":"https:\/\/voyagesimpressionnistes.com\/wp-content\/uploads\/2024\/04\/affiche-beatrice-helg-un-monde-lumineux.jpg","contentUrl":"https:\/\/voyagesimpressionnistes.com\/wp-content\/uploads\/2024\/04\/affiche-beatrice-helg-un-monde-lumineux.jpg","width":326,"height":452,"caption":"B\u00e9atrice Helg : Un monde lumineux, affiche de l'exposition \u00e0 la Maison Caillebotte"},{"@type":"BreadcrumbList","@id":"https:\/\/voyagesimpressionnistes.com\/en\/barbizon-yerres\/beatrice-helg-un-monde-lumineux\/#breadcrumb","itemListElement":[{"@type":"ListItem","position":1,"name":"Barbizon, its surrounds &amp; Yerres","item":"https:\/\/voyagesimpressionnistes.com\/en\/barbizon-yerres\/"},{"@type":"ListItem","position":2,"name":"B\u00e9atrice Helg. Un monde lumineux"}]},{"@type":"WebSite","@id":"https:\/\/voyagesimpressionnistes.com\/en\/#website","url":"https:\/\/voyagesimpressionnistes.com\/en\/","name":"Impressionist adventures","description":"Inspiring moments","publisher":{"@id":"https:\/\/voyagesimpressionnistes.com\/en\/#organization"},"potentialAction":[{"@type":"SearchAction","target":{"@type":"EntryPoint","urlTemplate":"https:\/\/voyagesimpressionnistes.com\/en\/?s={search_term_string}"},"query-input":{"@type":"PropertyValueSpecification","valueRequired":true,"valueName":"search_term_string"}}],"inLanguage":"en-US"},{"@type":"Organization","@id":"https:\/\/voyagesimpressionnistes.com\/en\/#organization","name":"Voyages Impressionnistes","url":"https:\/\/voyagesimpressionnistes.com\/en\/","logo":{"@type":"ImageObject","inLanguage":"en-US","@id":"https:\/\/voyagesimpressionnistes.com\/en\/#\/schema\/logo\/image\/","url":"https:\/\/voyagesimpressionnistes.com\/wp-content\/uploads\/2021\/06\/vi-logo-507x216-1.svg","contentUrl":"https:\/\/voyagesimpressionnistes.com\/wp-content\/uploads\/2021\/06\/vi-logo-507x216-1.svg","width":507,"height":216,"caption":"Voyages Impressionnistes"},"image":{"@id":"https:\/\/voyagesimpressionnistes.com\/en\/#\/schema\/logo\/image\/"},"sameAs":["https:\/\/www.facebook.com\/LesVoyagesImpressionnistes\/"]},{"@type":"Person","@id":"https:\/\/voyagesimpressionnistes.com\/en\/#\/schema\/person\/78c37c19aa7ae1bd6f4902f296c80e5f","name":"Phane","image":{"@type":"ImageObject","inLanguage":"en-US","@id":"https:\/\/voyagesimpressionnistes.com\/en\/#\/schema\/person\/image\/","url":"https:\/\/secure.gravatar.com\/avatar\/ea705fa375f21b62a2facac16bc19ee8d664629e3399a374a188d355bc5d00b9?s=96&d=mm&r=g","contentUrl":"https:\/\/secure.gravatar.com\/avatar\/ea705fa375f21b62a2facac16bc19ee8d664629e3399a374a188d355bc5d00b9?s=96&d=mm&r=g","caption":"Phane"}}]}},"jetpack_featured_media_url":"https:\/\/voyagesimpressionnistes.com\/wp-content\/uploads\/2024\/04\/affiche-beatrice-helg-un-monde-lumineux.jpg","jetpack_sharing_enabled":true,"_links":{"self":[{"href":"https:\/\/voyagesimpressionnistes.com\/en\/wp-json\/wp\/v2\/posts\/9231","targetHints":{"allow":["GET"]}}],"collection":[{"href":"https:\/\/voyagesimpressionnistes.com\/en\/wp-json\/wp\/v2\/posts"}],"about":[{"href":"https:\/\/voyagesimpressionnistes.com\/en\/wp-json\/wp\/v2\/types\/post"}],"author":[{"embeddable":true,"href":"https:\/\/voyagesimpressionnistes.com\/en\/wp-json\/wp\/v2\/users\/2"}],"replies":[{"embeddable":true,"href":"https:\/\/voyagesimpressionnistes.com\/en\/wp-json\/wp\/v2\/comments?post=9231"}],"version-history":[{"count":7,"href":"https:\/\/voyagesimpressionnistes.com\/en\/wp-json\/wp\/v2\/posts\/9231\/revisions"}],"predecessor-version":[{"id":11800,"href":"https:\/\/voyagesimpressionnistes.com\/en\/wp-json\/wp\/v2\/posts\/9231\/revisions\/11800"}],"wp:featuredmedia":[{"embeddable":true,"href":"https:\/\/voyagesimpressionnistes.com\/en\/wp-json\/wp\/v2\/media\/13857"}],"wp:attachment":[{"href":"https:\/\/voyagesimpressionnistes.com\/en\/wp-json\/wp\/v2\/media?parent=9231"}],"wp:term":[{"taxonomy":"category","embeddable":true,"href":"https:\/\/voyagesimpressionnistes.com\/en\/wp-json\/wp\/v2\/categories?post=9231"},{"taxonomy":"slider_une","embeddable":true,"href":"https:\/\/voyagesimpressionnistes.com\/en\/wp-json\/wp\/v2\/slider_une?post=9231"},{"taxonomy":"regions","embeddable":true,"href":"https:\/\/voyagesimpressionnistes.com\/en\/wp-json\/wp\/v2\/regions?post=9231"},{"taxonomy":"coups_coeur","embeddable":true,"href":"https:\/\/voyagesimpressionnistes.com\/en\/wp-json\/wp\/v2\/coups_coeur?post=9231"},{"taxonomy":"inspiration-type","embeddable":true,"href":"https:\/\/voyagesimpressionnistes.com\/en\/wp-json\/wp\/v2\/inspiration-type?post=9231"},{"taxonomy":"label","embeddable":true,"href":"https:\/\/voyagesimpressionnistes.com\/en\/wp-json\/wp\/v2\/label?post=9231"},{"taxonomy":"categories-agenda","embeddable":true,"href":"https:\/\/voyagesimpressionnistes.com\/en\/wp-json\/wp\/v2\/categories-agenda?post=9231"}],"curies":[{"name":"wp","href":"https:\/\/api.w.org\/{rel}","templated":true}]}}