{"id":9239,"date":"2024-05-06T12:23:29","date_gmt":"2024-05-06T10:23:29","guid":{"rendered":"https:\/\/voyagesimpressionnistes.com\/?p=9239"},"modified":"2025-03-31T18:11:15","modified_gmt":"2025-03-31T16:11:15","slug":"se-souvenir-de-theodore-rousseau","status":"publish","type":"post","link":"https:\/\/voyagesimpressionnistes.com\/en\/barbizon-yerres\/se-souvenir-de-theodore-rousseau\/","title":{"rendered":"Se souvenir de Th\u00e9odore Rousseau (1812-1867)"},"content":{"rendered":"<p>D\u00e9couvrez l&#8217;exposition <em>Se souvenir de Th\u00e9odore Rousseau (1812-1867) <\/em>qui aura lieu dans ce qui fut la maison et l\u2019atelier du peintre \u00e0 Barbizon, elle rend hommage \u00e0 celui qui fut consid\u00e9r\u00e9 comme l\u2019un des fondateurs de l\u2019\u00e9cole de Barbizon.<\/p>\n<p>En \u00e9cho \u00e0 la r\u00e9trospective <em>Th\u00e9odore Rousseau : la voix de la for\u00eat<\/em>, pr\u00e9sent\u00e9e au Petit Palais \u00e0 Paris, le <a href=\"https:\/\/voyagesimpressionnistes.com\/en\/barbizon-yerres\/musee-departemental-des-peintres-de-barbizon\/\">mus\u00e9e d\u00e9partemental des peintres de Barbizon<\/a> organise cette exposition visant \u00e0 faire revivre son lieu de vie et de travail, \u00e0 souligner la force de son \u0153uvre et \u00e0 interroger l&#8217;empreinte laiss\u00e9e par l\u2019artiste apr\u00e8s sa mort dans l\u2019imaginaire collectif.<\/p>\n<p>Elle c\u00e9l\u00e8bre \u00e9galement le pionnier de la d\u00e9fense de la for\u00eat de Fontainebleau, qui obtint de l\u2019empereur, avec le soutien de maints artistes et intellectuels, dont George Sand, la cr\u00e9ation de la premi\u00e8re r\u00e9serve artistique.<\/p>\n<p>Cette exposition incite \u00e0 red\u00e9couvrir la personnalit\u00e9 et l\u2019art de Th\u00e9odore Rousseau \u00e0 travers des \u0153uvres contemporaines command\u00e9es sp\u00e9cialement pour l\u2019occasion \u00e0 de jeunes artistes.<\/p>\n<h3>Autour de l&#8217;exposition <em>Se souvenir de Th\u00e9odore Rousseau<\/em><\/h3>\n<ul>\n<li>Des visites guid\u00e9es de l&#8217;exposition sont propos\u00e9es tous les dimanches (sauf le 31\/03) \u00e0 15h du 12\/03 au 16\/06,<\/li>\n<li>Une visite guid\u00e9e de l&#8217;exposition &#8220;Mus\u00e9e en famille&#8221; le dimanche 21 avril pour les plus grands et atelier artistique ou cr\u00e9atif pour les plus jeunes,<\/li>\n<li>Des visites promenades en for\u00eat, &#8220;Sur les pas de Th\u00e9odore Rousseau&#8221; les samedi 27 avril et dimanche 9 juin \u00e0 14h30<\/li>\n<li>Une grande randonn\u00e9e en for\u00eat, &#8220;Par Monts et par Bois&#8221; le samedi 15 juin. R\u00e9serv\u00e9e aux marcheurs confirm\u00e9s (30 km, possibilit\u00e9 de s&#8217;arr\u00eater \u00e0 mi-parcours) au d\u00e9part de la Mare aux F\u00e9es, les Amis de la For\u00eat de Fontainebleau organisent une randonn\u00e9e reconduisant la c\u00e9l\u00e8bre promenade de Th\u00e9odore Rousseau et Th\u00e9ophile Thor\u00e9 narr\u00e9e.<\/li>\n<li>Des lectures :\n<ul>\n<li>le dimanche 28 avril \u00e0 deux voix, en for\u00eat, <em>George Sand, une jardini\u00e8re passionn\u00e9e<\/em> par l&#8217;association Paroles Publiques,<\/li>\n<li>le dimanche 26 mai de Gr\u00e9gory Buchert , artiste auteur de <em>Peindre des lieux-dits, dire des lieux peints<\/em> et de <em>Paysages en r\u00e9serve<\/em> pr\u00e9sent\u00e9s dans l&#8217;exposition,<\/li>\n<li>le samedi 8 juin d&#8217;Anouk Lejczyk, autrice de <em>Copeaux de bois : carnets d&#8217;une apprentie b\u00fbcheronne<\/em>.<\/li>\n<\/ul>\n<\/li>\n<\/ul>\n","protected":false},"excerpt":{"rendered":"<p>D\u00e9couvrez l&#8217;exposition Se souvenir de Th\u00e9odore Rousseau (1812-1867) qui aura  [&#8230;]<\/p>\n","protected":false},"author":2,"featured_media":9236,"comment_status":"closed","ping_status":"closed","sticky":false,"template":"","format":"standard","meta":{"_acf_changed":false,"inline_featured_image":false,"_jetpack_memberships_contains_paid_content":false,"footnotes":""},"categories":[81],"slider_une":[],"regions":[132],"coups_coeur":[],"inspiration-type":[],"label":[141],"categories-agenda":[172],"class_list":["post-9239","post","type-post","status-publish","format-standard","has-post-thumbnail","hentry","category-barbizon-yerres","tag-diary","regions-idf-en","label-150-years","categories-agenda-exhibition"],"acf":[],"yoast_head":"<!-- This site is optimized with the Yoast SEO plugin v26.3 - https:\/\/yoast.com\/wordpress\/plugins\/seo\/ -->\n<title>Se souvenir de Th\u00e9odore Rousseau - Impressionist adventures<\/title>\n<meta name=\"description\" content=\"Venez visiter l&#039;exposition &quot;Se souvenir de Th\u00e9odore Rousseau&quot; au mus\u00e9e des peintres de Barbizon pour les 150 ans de l&#039;Impressionnisme.\" \/>\n<meta name=\"robots\" content=\"index, follow, max-snippet:-1, max-image-preview:large, max-video-preview:-1\" \/>\n<link rel=\"canonical\" href=\"https:\/\/voyagesimpressionnistes.com\/en\/barbizon-yerres\/se-souvenir-de-theodore-rousseau\/\" \/>\n<meta property=\"og:locale\" content=\"en_US\" \/>\n<meta property=\"og:type\" content=\"article\" \/>\n<meta property=\"og:title\" content=\"Se souvenir de Th\u00e9odore Rousseau - Impressionist adventures\" \/>\n<meta property=\"og:description\" content=\"Venez visiter l&#039;exposition &quot;Se souvenir de Th\u00e9odore Rousseau&quot; au mus\u00e9e des peintres de Barbizon pour les 150 ans de l&#039;Impressionnisme.\" \/>\n<meta property=\"og:url\" content=\"https:\/\/voyagesimpressionnistes.com\/en\/barbizon-yerres\/se-souvenir-de-theodore-rousseau\/\" \/>\n<meta property=\"og:site_name\" content=\"Impressionist adventures\" \/>\n<meta property=\"article:publisher\" content=\"https:\/\/www.facebook.com\/LesVoyagesImpressionnistes\/\" \/>\n<meta property=\"article:published_time\" content=\"2024-05-06T10:23:29+00:00\" \/>\n<meta property=\"article:modified_time\" content=\"2025-03-31T16:11:15+00:00\" \/>\n<meta property=\"og:image\" content=\"https:\/\/voyagesimpressionnistes.com\/wp-content\/uploads\/2024\/04\/21906626-diaporama.jpg\" \/>\n\t<meta property=\"og:image:width\" content=\"556\" \/>\n\t<meta property=\"og:image:height\" content=\"600\" \/>\n\t<meta property=\"og:image:type\" content=\"image\/jpeg\" \/>\n<meta name=\"author\" content=\"Phane\" \/>\n<meta name=\"twitter:card\" content=\"summary_large_image\" \/>\n<meta name=\"twitter:label1\" content=\"Written by\" \/>\n\t<meta name=\"twitter:data1\" content=\"Phane\" \/>\n\t<meta name=\"twitter:label2\" content=\"Est. reading time\" \/>\n\t<meta name=\"twitter:data2\" content=\"2 minutes\" \/>\n<script type=\"application\/ld+json\" class=\"yoast-schema-graph\">{\"@context\":\"https:\/\/schema.org\",\"@graph\":[{\"@type\":[\"Article\",\"BlogPosting\"],\"@id\":\"https:\/\/voyagesimpressionnistes.com\/en\/barbizon-yerres\/se-souvenir-de-theodore-rousseau\/#article\",\"isPartOf\":{\"@id\":\"https:\/\/voyagesimpressionnistes.com\/en\/barbizon-yerres\/se-souvenir-de-theodore-rousseau\/\"},\"author\":{\"name\":\"Phane\",\"@id\":\"https:\/\/voyagesimpressionnistes.com\/en\/#\/schema\/person\/78c37c19aa7ae1bd6f4902f296c80e5f\"},\"headline\":\"Se souvenir de Th\u00e9odore Rousseau (1812-1867)\",\"datePublished\":\"2024-05-06T10:23:29+00:00\",\"dateModified\":\"2025-03-31T16:11:15+00:00\",\"mainEntityOfPage\":{\"@id\":\"https:\/\/voyagesimpressionnistes.com\/en\/barbizon-yerres\/se-souvenir-de-theodore-rousseau\/\"},\"wordCount\":398,\"publisher\":{\"@id\":\"https:\/\/voyagesimpressionnistes.com\/en\/#organization\"},\"image\":{\"@id\":\"https:\/\/voyagesimpressionnistes.com\/en\/barbizon-yerres\/se-souvenir-de-theodore-rousseau\/#primaryimage\"},\"thumbnailUrl\":\"https:\/\/voyagesimpressionnistes.com\/wp-content\/uploads\/2024\/04\/21906626-diaporama.jpg\",\"keywords\":[\"Diary\"],\"articleSection\":[\"Barbizon, its surrounds &amp; Yerres\"],\"inLanguage\":\"en-US\"},{\"@type\":\"WebPage\",\"@id\":\"https:\/\/voyagesimpressionnistes.com\/en\/barbizon-yerres\/se-souvenir-de-theodore-rousseau\/\",\"url\":\"https:\/\/voyagesimpressionnistes.com\/en\/barbizon-yerres\/se-souvenir-de-theodore-rousseau\/\",\"name\":\"Se souvenir de Th\u00e9odore Rousseau - Impressionist adventures\",\"isPartOf\":{\"@id\":\"https:\/\/voyagesimpressionnistes.com\/en\/#website\"},\"primaryImageOfPage\":{\"@id\":\"https:\/\/voyagesimpressionnistes.com\/en\/barbizon-yerres\/se-souvenir-de-theodore-rousseau\/#primaryimage\"},\"image\":{\"@id\":\"https:\/\/voyagesimpressionnistes.com\/en\/barbizon-yerres\/se-souvenir-de-theodore-rousseau\/#primaryimage\"},\"thumbnailUrl\":\"https:\/\/voyagesimpressionnistes.com\/wp-content\/uploads\/2024\/04\/21906626-diaporama.jpg\",\"datePublished\":\"2024-05-06T10:23:29+00:00\",\"dateModified\":\"2025-03-31T16:11:15+00:00\",\"description\":\"Venez visiter l'exposition \\\"Se souvenir de Th\u00e9odore Rousseau\\\" au mus\u00e9e des peintres de Barbizon pour les 150 ans de l'Impressionnisme.\",\"breadcrumb\":{\"@id\":\"https:\/\/voyagesimpressionnistes.com\/en\/barbizon-yerres\/se-souvenir-de-theodore-rousseau\/#breadcrumb\"},\"inLanguage\":\"en-US\",\"potentialAction\":[{\"@type\":\"ReadAction\",\"target\":[\"https:\/\/voyagesimpressionnistes.com\/en\/barbizon-yerres\/se-souvenir-de-theodore-rousseau\/\"]}]},{\"@type\":\"ImageObject\",\"inLanguage\":\"en-US\",\"@id\":\"https:\/\/voyagesimpressionnistes.com\/en\/barbizon-yerres\/se-souvenir-de-theodore-rousseau\/#primaryimage\",\"url\":\"https:\/\/voyagesimpressionnistes.com\/wp-content\/uploads\/2024\/04\/21906626-diaporama.jpg\",\"contentUrl\":\"https:\/\/voyagesimpressionnistes.com\/wp-content\/uploads\/2024\/04\/21906626-diaporama.jpg\",\"width\":556,\"height\":600,\"caption\":\"Se souvenir de Th\u00e9odore Rousseau : affiche de l'exposition\"},{\"@type\":\"BreadcrumbList\",\"@id\":\"https:\/\/voyagesimpressionnistes.com\/en\/barbizon-yerres\/se-souvenir-de-theodore-rousseau\/#breadcrumb\",\"itemListElement\":[{\"@type\":\"ListItem\",\"position\":1,\"name\":\"Barbizon, its surrounds &amp; Yerres\",\"item\":\"https:\/\/voyagesimpressionnistes.com\/en\/barbizon-yerres\/\"},{\"@type\":\"ListItem\",\"position\":2,\"name\":\"Se souvenir de Th\u00e9odore Rousseau (1812-1867)\"}]},{\"@type\":\"WebSite\",\"@id\":\"https:\/\/voyagesimpressionnistes.com\/en\/#website\",\"url\":\"https:\/\/voyagesimpressionnistes.com\/en\/\",\"name\":\"Impressionist adventures\",\"description\":\"Inspiring moments\",\"publisher\":{\"@id\":\"https:\/\/voyagesimpressionnistes.com\/en\/#organization\"},\"potentialAction\":[{\"@type\":\"SearchAction\",\"target\":{\"@type\":\"EntryPoint\",\"urlTemplate\":\"https:\/\/voyagesimpressionnistes.com\/en\/?s={search_term_string}\"},\"query-input\":{\"@type\":\"PropertyValueSpecification\",\"valueRequired\":true,\"valueName\":\"search_term_string\"}}],\"inLanguage\":\"en-US\"},{\"@type\":\"Organization\",\"@id\":\"https:\/\/voyagesimpressionnistes.com\/en\/#organization\",\"name\":\"Voyages Impressionnistes\",\"url\":\"https:\/\/voyagesimpressionnistes.com\/en\/\",\"logo\":{\"@type\":\"ImageObject\",\"inLanguage\":\"en-US\",\"@id\":\"https:\/\/voyagesimpressionnistes.com\/en\/#\/schema\/logo\/image\/\",\"url\":\"https:\/\/voyagesimpressionnistes.com\/wp-content\/uploads\/2021\/06\/vi-logo-507x216-1.svg\",\"contentUrl\":\"https:\/\/voyagesimpressionnistes.com\/wp-content\/uploads\/2021\/06\/vi-logo-507x216-1.svg\",\"width\":507,\"height\":216,\"caption\":\"Voyages Impressionnistes\"},\"image\":{\"@id\":\"https:\/\/voyagesimpressionnistes.com\/en\/#\/schema\/logo\/image\/\"},\"sameAs\":[\"https:\/\/www.facebook.com\/LesVoyagesImpressionnistes\/\"]},{\"@type\":\"Person\",\"@id\":\"https:\/\/voyagesimpressionnistes.com\/en\/#\/schema\/person\/78c37c19aa7ae1bd6f4902f296c80e5f\",\"name\":\"Phane\",\"image\":{\"@type\":\"ImageObject\",\"inLanguage\":\"en-US\",\"@id\":\"https:\/\/voyagesimpressionnistes.com\/en\/#\/schema\/person\/image\/\",\"url\":\"https:\/\/secure.gravatar.com\/avatar\/ea705fa375f21b62a2facac16bc19ee8d664629e3399a374a188d355bc5d00b9?s=96&d=mm&r=g\",\"contentUrl\":\"https:\/\/secure.gravatar.com\/avatar\/ea705fa375f21b62a2facac16bc19ee8d664629e3399a374a188d355bc5d00b9?s=96&d=mm&r=g\",\"caption\":\"Phane\"}}]}<\/script>\n<!-- \/ Yoast SEO plugin. -->","yoast_head_json":{"title":"Se souvenir de Th\u00e9odore Rousseau - Impressionist adventures","description":"Venez visiter l'exposition \"Se souvenir de Th\u00e9odore Rousseau\" au mus\u00e9e des peintres de Barbizon pour les 150 ans de l'Impressionnisme.","robots":{"index":"index","follow":"follow","max-snippet":"max-snippet:-1","max-image-preview":"max-image-preview:large","max-video-preview":"max-video-preview:-1"},"canonical":"https:\/\/voyagesimpressionnistes.com\/en\/barbizon-yerres\/se-souvenir-de-theodore-rousseau\/","og_locale":"en_US","og_type":"article","og_title":"Se souvenir de Th\u00e9odore Rousseau - Impressionist adventures","og_description":"Venez visiter l'exposition \"Se souvenir de Th\u00e9odore Rousseau\" au mus\u00e9e des peintres de Barbizon pour les 150 ans de l'Impressionnisme.","og_url":"https:\/\/voyagesimpressionnistes.com\/en\/barbizon-yerres\/se-souvenir-de-theodore-rousseau\/","og_site_name":"Impressionist adventures","article_publisher":"https:\/\/www.facebook.com\/LesVoyagesImpressionnistes\/","article_published_time":"2024-05-06T10:23:29+00:00","article_modified_time":"2025-03-31T16:11:15+00:00","og_image":[{"width":556,"height":600,"url":"https:\/\/voyagesimpressionnistes.com\/wp-content\/uploads\/2024\/04\/21906626-diaporama.jpg","type":"image\/jpeg"}],"author":"Phane","twitter_card":"summary_large_image","twitter_misc":{"Written by":"Phane","Est. reading time":"2 minutes"},"schema":{"@context":"https:\/\/schema.org","@graph":[{"@type":["Article","BlogPosting"],"@id":"https:\/\/voyagesimpressionnistes.com\/en\/barbizon-yerres\/se-souvenir-de-theodore-rousseau\/#article","isPartOf":{"@id":"https:\/\/voyagesimpressionnistes.com\/en\/barbizon-yerres\/se-souvenir-de-theodore-rousseau\/"},"author":{"name":"Phane","@id":"https:\/\/voyagesimpressionnistes.com\/en\/#\/schema\/person\/78c37c19aa7ae1bd6f4902f296c80e5f"},"headline":"Se souvenir de Th\u00e9odore Rousseau (1812-1867)","datePublished":"2024-05-06T10:23:29+00:00","dateModified":"2025-03-31T16:11:15+00:00","mainEntityOfPage":{"@id":"https:\/\/voyagesimpressionnistes.com\/en\/barbizon-yerres\/se-souvenir-de-theodore-rousseau\/"},"wordCount":398,"publisher":{"@id":"https:\/\/voyagesimpressionnistes.com\/en\/#organization"},"image":{"@id":"https:\/\/voyagesimpressionnistes.com\/en\/barbizon-yerres\/se-souvenir-de-theodore-rousseau\/#primaryimage"},"thumbnailUrl":"https:\/\/voyagesimpressionnistes.com\/wp-content\/uploads\/2024\/04\/21906626-diaporama.jpg","keywords":["Diary"],"articleSection":["Barbizon, its surrounds &amp; Yerres"],"inLanguage":"en-US"},{"@type":"WebPage","@id":"https:\/\/voyagesimpressionnistes.com\/en\/barbizon-yerres\/se-souvenir-de-theodore-rousseau\/","url":"https:\/\/voyagesimpressionnistes.com\/en\/barbizon-yerres\/se-souvenir-de-theodore-rousseau\/","name":"Se souvenir de Th\u00e9odore Rousseau - Impressionist adventures","isPartOf":{"@id":"https:\/\/voyagesimpressionnistes.com\/en\/#website"},"primaryImageOfPage":{"@id":"https:\/\/voyagesimpressionnistes.com\/en\/barbizon-yerres\/se-souvenir-de-theodore-rousseau\/#primaryimage"},"image":{"@id":"https:\/\/voyagesimpressionnistes.com\/en\/barbizon-yerres\/se-souvenir-de-theodore-rousseau\/#primaryimage"},"thumbnailUrl":"https:\/\/voyagesimpressionnistes.com\/wp-content\/uploads\/2024\/04\/21906626-diaporama.jpg","datePublished":"2024-05-06T10:23:29+00:00","dateModified":"2025-03-31T16:11:15+00:00","description":"Venez visiter l'exposition \"Se souvenir de Th\u00e9odore Rousseau\" au mus\u00e9e des peintres de Barbizon pour les 150 ans de l'Impressionnisme.","breadcrumb":{"@id":"https:\/\/voyagesimpressionnistes.com\/en\/barbizon-yerres\/se-souvenir-de-theodore-rousseau\/#breadcrumb"},"inLanguage":"en-US","potentialAction":[{"@type":"ReadAction","target":["https:\/\/voyagesimpressionnistes.com\/en\/barbizon-yerres\/se-souvenir-de-theodore-rousseau\/"]}]},{"@type":"ImageObject","inLanguage":"en-US","@id":"https:\/\/voyagesimpressionnistes.com\/en\/barbizon-yerres\/se-souvenir-de-theodore-rousseau\/#primaryimage","url":"https:\/\/voyagesimpressionnistes.com\/wp-content\/uploads\/2024\/04\/21906626-diaporama.jpg","contentUrl":"https:\/\/voyagesimpressionnistes.com\/wp-content\/uploads\/2024\/04\/21906626-diaporama.jpg","width":556,"height":600,"caption":"Se souvenir de Th\u00e9odore Rousseau : affiche de l'exposition"},{"@type":"BreadcrumbList","@id":"https:\/\/voyagesimpressionnistes.com\/en\/barbizon-yerres\/se-souvenir-de-theodore-rousseau\/#breadcrumb","itemListElement":[{"@type":"ListItem","position":1,"name":"Barbizon, its surrounds &amp; Yerres","item":"https:\/\/voyagesimpressionnistes.com\/en\/barbizon-yerres\/"},{"@type":"ListItem","position":2,"name":"Se souvenir de Th\u00e9odore Rousseau (1812-1867)"}]},{"@type":"WebSite","@id":"https:\/\/voyagesimpressionnistes.com\/en\/#website","url":"https:\/\/voyagesimpressionnistes.com\/en\/","name":"Impressionist adventures","description":"Inspiring moments","publisher":{"@id":"https:\/\/voyagesimpressionnistes.com\/en\/#organization"},"potentialAction":[{"@type":"SearchAction","target":{"@type":"EntryPoint","urlTemplate":"https:\/\/voyagesimpressionnistes.com\/en\/?s={search_term_string}"},"query-input":{"@type":"PropertyValueSpecification","valueRequired":true,"valueName":"search_term_string"}}],"inLanguage":"en-US"},{"@type":"Organization","@id":"https:\/\/voyagesimpressionnistes.com\/en\/#organization","name":"Voyages Impressionnistes","url":"https:\/\/voyagesimpressionnistes.com\/en\/","logo":{"@type":"ImageObject","inLanguage":"en-US","@id":"https:\/\/voyagesimpressionnistes.com\/en\/#\/schema\/logo\/image\/","url":"https:\/\/voyagesimpressionnistes.com\/wp-content\/uploads\/2021\/06\/vi-logo-507x216-1.svg","contentUrl":"https:\/\/voyagesimpressionnistes.com\/wp-content\/uploads\/2021\/06\/vi-logo-507x216-1.svg","width":507,"height":216,"caption":"Voyages Impressionnistes"},"image":{"@id":"https:\/\/voyagesimpressionnistes.com\/en\/#\/schema\/logo\/image\/"},"sameAs":["https:\/\/www.facebook.com\/LesVoyagesImpressionnistes\/"]},{"@type":"Person","@id":"https:\/\/voyagesimpressionnistes.com\/en\/#\/schema\/person\/78c37c19aa7ae1bd6f4902f296c80e5f","name":"Phane","image":{"@type":"ImageObject","inLanguage":"en-US","@id":"https:\/\/voyagesimpressionnistes.com\/en\/#\/schema\/person\/image\/","url":"https:\/\/secure.gravatar.com\/avatar\/ea705fa375f21b62a2facac16bc19ee8d664629e3399a374a188d355bc5d00b9?s=96&d=mm&r=g","contentUrl":"https:\/\/secure.gravatar.com\/avatar\/ea705fa375f21b62a2facac16bc19ee8d664629e3399a374a188d355bc5d00b9?s=96&d=mm&r=g","caption":"Phane"}}]}},"jetpack_featured_media_url":"https:\/\/voyagesimpressionnistes.com\/wp-content\/uploads\/2024\/04\/21906626-diaporama.jpg","jetpack_sharing_enabled":true,"_links":{"self":[{"href":"https:\/\/voyagesimpressionnistes.com\/en\/wp-json\/wp\/v2\/posts\/9239","targetHints":{"allow":["GET"]}}],"collection":[{"href":"https:\/\/voyagesimpressionnistes.com\/en\/wp-json\/wp\/v2\/posts"}],"about":[{"href":"https:\/\/voyagesimpressionnistes.com\/en\/wp-json\/wp\/v2\/types\/post"}],"author":[{"embeddable":true,"href":"https:\/\/voyagesimpressionnistes.com\/en\/wp-json\/wp\/v2\/users\/2"}],"replies":[{"embeddable":true,"href":"https:\/\/voyagesimpressionnistes.com\/en\/wp-json\/wp\/v2\/comments?post=9239"}],"version-history":[{"count":10,"href":"https:\/\/voyagesimpressionnistes.com\/en\/wp-json\/wp\/v2\/posts\/9239\/revisions"}],"predecessor-version":[{"id":14139,"href":"https:\/\/voyagesimpressionnistes.com\/en\/wp-json\/wp\/v2\/posts\/9239\/revisions\/14139"}],"wp:featuredmedia":[{"embeddable":true,"href":"https:\/\/voyagesimpressionnistes.com\/en\/wp-json\/wp\/v2\/media\/9236"}],"wp:attachment":[{"href":"https:\/\/voyagesimpressionnistes.com\/en\/wp-json\/wp\/v2\/media?parent=9239"}],"wp:term":[{"taxonomy":"category","embeddable":true,"href":"https:\/\/voyagesimpressionnistes.com\/en\/wp-json\/wp\/v2\/categories?post=9239"},{"taxonomy":"slider_une","embeddable":true,"href":"https:\/\/voyagesimpressionnistes.com\/en\/wp-json\/wp\/v2\/slider_une?post=9239"},{"taxonomy":"regions","embeddable":true,"href":"https:\/\/voyagesimpressionnistes.com\/en\/wp-json\/wp\/v2\/regions?post=9239"},{"taxonomy":"coups_coeur","embeddable":true,"href":"https:\/\/voyagesimpressionnistes.com\/en\/wp-json\/wp\/v2\/coups_coeur?post=9239"},{"taxonomy":"inspiration-type","embeddable":true,"href":"https:\/\/voyagesimpressionnistes.com\/en\/wp-json\/wp\/v2\/inspiration-type?post=9239"},{"taxonomy":"label","embeddable":true,"href":"https:\/\/voyagesimpressionnistes.com\/en\/wp-json\/wp\/v2\/label?post=9239"},{"taxonomy":"categories-agenda","embeddable":true,"href":"https:\/\/voyagesimpressionnistes.com\/en\/wp-json\/wp\/v2\/categories-agenda?post=9239"}],"curies":[{"name":"wp","href":"https:\/\/api.w.org\/{rel}","templated":true}]}}