{"id":9245,"date":"2024-05-06T12:45:59","date_gmt":"2024-05-06T10:45:59","guid":{"rendered":"https:\/\/voyagesimpressionnistes.com\/?p=9245"},"modified":"2025-02-28T16:00:02","modified_gmt":"2025-02-28T15:00:02","slug":"constant-pape-1865-1920-la-banlieue-post-impressionniste","status":"publish","type":"post","link":"https:\/\/voyagesimpressionnistes.com\/en\/banks-seine\/constant-pape-1865-1920-la-banlieue-post-impressionniste\/","title":{"rendered":"Constant Pape (1865-1920). La banlieue post-impressionniste"},"content":{"rendered":"<p>\u00c0 l&#8217;occasion des 150 ans de l&#8217;Impressionnisme, le Mus\u00e9e Fran\u00e7ais de la carte \u00e0 jouer d&#8217;Issy-les-Moulineaux organise avec le <a href=\"https:\/\/voyagesimpressionnistes.com\/en\/banks-seine\/musee-dart-et-dhistoire-de-meudon\/\">Mus\u00e9e d\u2019art et d\u2019histoire de Meudon<\/a> l&#8217;exposition <em>Constant Pape (1865-1920). La banlieue post-impressionniste<\/em>.<\/p>\n<p>Cet important paysagiste francilien, inspir\u00e9 par l\u2019\u00c9cole de Barbizon et les Impressionnistes, a consacr\u00e9 sa vie aux paysages de l\u2019ouest parisien au tournant du si\u00e8cle, livrant une image fid\u00e8le de la banlieue entre sous-bois, paysages de carri\u00e8res et f\u00eates champ\u00eatres.<\/p>\n<p>L\u2019exposition a \u00e9t\u00e9 rendue possible par une campagne de restauration d\u2019envergure des \u0153uvres de l\u2019artiste conserv\u00e9es dans plusieurs mus\u00e9es et mairies d\u2019\u00cele-de-France, men\u00e9e par le Mus\u00e9e Fran\u00e7ais de la Carte \u00e0 Jouer.<\/p>\n<p>N\u00e9 \u00e0 Meudon en 1865, Constant Pape c\u00f4toie d\u00e8s son jeune \u00e2ge les peintres de plein-air qui viennent poser leur chevalet dans les clairi\u00e8res et sous-bois de Meudon et Clamart. Son p\u00e8re tient en effet une auberge o\u00f9 convergent des paysagistes rattach\u00e9s \u00e0 l\u2019\u00c9cole de Barbizon comme Louis Fran\u00e7ais, l\u2019ami et protecteur des Impressionnistes Antoine Guillemet, ou encore Paul Trouillebert. \u00c0 leur contact, il d\u00e9veloppe un go\u00fbt prononc\u00e9 pour la peinture de paysage qu\u2019il aiguise en suivant l\u2019enseignement de Fran\u00e7ais puis de Guillemet.<\/p>\n<p>Un s\u00e9jour \u00e0 Auvers-sur-Oise l\u2019am\u00e8ne \u00e0 s\u2019int\u00e9resser aux motifs chers aux Impressionnistes et \u00e0 \u00e9claircir sa palette, dans des compositions au larges ciels ou de petites pochades prises sur le vif o\u00f9 il \u00e9tudie les effets de la lumi\u00e8re sur l\u2019eau, gardant toutefois une fid\u00e9lit\u00e9 au style classique h\u00e9rit\u00e9 de ses ma\u00eetres, nourrissant une profonde admiration pour Corot.<\/p>\n<p>Ses vues de l\u2019ouest francilien sont pr\u00e9sent\u00e9es chaque ann\u00e9e au Salon des Artistes fran\u00e7ais de 1886 \u00e0 1914, puis en 1920 (et \u00e0 titre posthume en 1921), et il obtient une m\u00e9daille d\u2019Or pour un grand paysage intitul\u00e9 <em>Les Brillants \u00e0 Meudon<\/em> en 1913, conserv\u00e9 \u00e0 Issy-les-Moulineaux. Il compl\u00e8te ses revenus en exer\u00e7ant comme restaurateur d\u2019\u0153uvres d\u2019art tout en \u00e9tant actif sur les grands chantiers de d\u00e9cor de mairies de banlieue (Villemomble, Noisy-le-Sec, Clamart, Fresnes, Vanves). Il effectue un s\u00e9jour dans le Cotentin o\u00f9 il peint sur le motif (Saint-Vaast-la-Hougue et Barfleur) puis \u00e0 l\u2019\u00eele d\u2019Yeu et au Luxembourg apr\u00e8s avoir re\u00e7u un prix de peinture.<\/p>\n<p>Trois grands formats de Salon conserv\u00e9s dans les collections municipales (H\u00f4tel de Ville) qui seront exceptionnellement pr\u00e9sent\u00e9s au mus\u00e9e, avaient \u00e9t\u00e9 restaur\u00e9s ces derni\u00e8res ann\u00e9es, dont sa m\u00e9daille d\u2019or au Salon des Artistes fran\u00e7ais de 1913, <em>Les Brillants \u00e0 Meudon<\/em>.<\/p>\n<p>L\u2019exposition <em>Constant Pape (1865-1920). La banlieue post-impressionniste<\/em> se prolongera \u00e0 Meudon, au Mus\u00e9e d\u2019art et d\u2019histoire avec une s\u00e9lection d\u2019\u0153uvres diff\u00e9rentes \u00e0 partir du 14 septembre 2024 jusqu\u2019au 26 janvier 2025.<\/p>\n<p>Un catalogue co\u00e9dit\u00e9 avec les \u00e9ditions Li\u00e9nart et une programmation culturelle d\u00e9di\u00e9e (conf\u00e9rences, actions de m\u00e9diation) accompagneront l\u2019exposition.<\/p>\n","protected":false},"excerpt":{"rendered":"<p>\u00c0 l&#8217;occasion des 150 ans de l&#8217;Impressionnisme, le Mus\u00e9e Fran\u00e7ais  [&#8230;]<\/p>\n","protected":false},"author":2,"featured_media":9607,"comment_status":"closed","ping_status":"closed","sticky":false,"template":"","format":"standard","meta":{"_acf_changed":false,"inline_featured_image":false,"_jetpack_memberships_contains_paid_content":false,"footnotes":""},"categories":[86],"slider_une":[],"regions":[132],"coups_coeur":[],"inspiration-type":[],"label":[141],"categories-agenda":[172],"class_list":["post-9245","post","type-post","status-publish","format-standard","has-post-thumbnail","hentry","category-banks-seine","tag-diary","regions-idf-en","label-150-years","categories-agenda-exhibition"],"acf":[],"yoast_head":"<!-- This site is optimized with the Yoast SEO plugin v26.3 - https:\/\/yoast.com\/wordpress\/plugins\/seo\/ -->\n<title>La banlieue post-impressionniste - Impressionist adventures<\/title>\n<meta name=\"description\" content=\"D\u00e9couvrez l&#039;exposition &quot;Constant Pape (1865-1920). La banlieue post-impressionniste&quot; au Mus\u00e9e de la carte \u00e0 jouer d&#039;Issy-les-Moulineaux.\" \/>\n<meta name=\"robots\" content=\"index, follow, max-snippet:-1, max-image-preview:large, max-video-preview:-1\" \/>\n<link rel=\"canonical\" href=\"https:\/\/voyagesimpressionnistes.com\/en\/banks-seine\/constant-pape-1865-1920-la-banlieue-post-impressionniste\/\" \/>\n<meta property=\"og:locale\" content=\"en_US\" \/>\n<meta property=\"og:type\" content=\"article\" \/>\n<meta property=\"og:title\" content=\"La banlieue post-impressionniste - Impressionist adventures\" \/>\n<meta property=\"og:description\" content=\"D\u00e9couvrez l&#039;exposition &quot;Constant Pape (1865-1920). La banlieue post-impressionniste&quot; au Mus\u00e9e de la carte \u00e0 jouer d&#039;Issy-les-Moulineaux.\" \/>\n<meta property=\"og:url\" content=\"https:\/\/voyagesimpressionnistes.com\/en\/banks-seine\/constant-pape-1865-1920-la-banlieue-post-impressionniste\/\" \/>\n<meta property=\"og:site_name\" content=\"Impressionist adventures\" \/>\n<meta property=\"article:publisher\" content=\"https:\/\/www.facebook.com\/LesVoyagesImpressionnistes\/\" \/>\n<meta property=\"article:published_time\" content=\"2024-05-06T10:45:59+00:00\" \/>\n<meta property=\"article:modified_time\" content=\"2025-02-28T15:00:02+00:00\" \/>\n<meta property=\"og:image\" content=\"https:\/\/voyagesimpressionnistes.com\/wp-content\/uploads\/2024\/04\/constant-pape.jpg\" \/>\n\t<meta property=\"og:image:width\" content=\"761\" \/>\n\t<meta property=\"og:image:height\" content=\"1142\" \/>\n\t<meta property=\"og:image:type\" content=\"image\/jpeg\" \/>\n<meta name=\"author\" content=\"Phane\" \/>\n<meta name=\"twitter:card\" content=\"summary_large_image\" \/>\n<meta name=\"twitter:label1\" content=\"Written by\" \/>\n\t<meta name=\"twitter:data1\" content=\"Phane\" \/>\n\t<meta name=\"twitter:label2\" content=\"Est. reading time\" \/>\n\t<meta name=\"twitter:data2\" content=\"2 minutes\" \/>\n<script type=\"application\/ld+json\" class=\"yoast-schema-graph\">{\"@context\":\"https:\/\/schema.org\",\"@graph\":[{\"@type\":[\"Article\",\"BlogPosting\"],\"@id\":\"https:\/\/voyagesimpressionnistes.com\/en\/banks-seine\/constant-pape-1865-1920-la-banlieue-post-impressionniste\/#article\",\"isPartOf\":{\"@id\":\"https:\/\/voyagesimpressionnistes.com\/en\/banks-seine\/constant-pape-1865-1920-la-banlieue-post-impressionniste\/\"},\"author\":{\"name\":\"Phane\",\"@id\":\"https:\/\/voyagesimpressionnistes.com\/en\/#\/schema\/person\/78c37c19aa7ae1bd6f4902f296c80e5f\"},\"headline\":\"Constant Pape (1865-1920). La banlieue post-impressionniste\",\"datePublished\":\"2024-05-06T10:45:59+00:00\",\"dateModified\":\"2025-02-28T15:00:02+00:00\",\"mainEntityOfPage\":{\"@id\":\"https:\/\/voyagesimpressionnistes.com\/en\/banks-seine\/constant-pape-1865-1920-la-banlieue-post-impressionniste\/\"},\"wordCount\":508,\"publisher\":{\"@id\":\"https:\/\/voyagesimpressionnistes.com\/en\/#organization\"},\"image\":{\"@id\":\"https:\/\/voyagesimpressionnistes.com\/en\/banks-seine\/constant-pape-1865-1920-la-banlieue-post-impressionniste\/#primaryimage\"},\"thumbnailUrl\":\"https:\/\/voyagesimpressionnistes.com\/wp-content\/uploads\/2024\/04\/constant-pape.jpg\",\"keywords\":[\"Diary\"],\"articleSection\":[\"Along the Banks of the Seine\"],\"inLanguage\":\"en-US\"},{\"@type\":\"WebPage\",\"@id\":\"https:\/\/voyagesimpressionnistes.com\/en\/banks-seine\/constant-pape-1865-1920-la-banlieue-post-impressionniste\/\",\"url\":\"https:\/\/voyagesimpressionnistes.com\/en\/banks-seine\/constant-pape-1865-1920-la-banlieue-post-impressionniste\/\",\"name\":\"La banlieue post-impressionniste - Impressionist adventures\",\"isPartOf\":{\"@id\":\"https:\/\/voyagesimpressionnistes.com\/en\/#website\"},\"primaryImageOfPage\":{\"@id\":\"https:\/\/voyagesimpressionnistes.com\/en\/banks-seine\/constant-pape-1865-1920-la-banlieue-post-impressionniste\/#primaryimage\"},\"image\":{\"@id\":\"https:\/\/voyagesimpressionnistes.com\/en\/banks-seine\/constant-pape-1865-1920-la-banlieue-post-impressionniste\/#primaryimage\"},\"thumbnailUrl\":\"https:\/\/voyagesimpressionnistes.com\/wp-content\/uploads\/2024\/04\/constant-pape.jpg\",\"datePublished\":\"2024-05-06T10:45:59+00:00\",\"dateModified\":\"2025-02-28T15:00:02+00:00\",\"description\":\"D\u00e9couvrez l'exposition \\\"Constant Pape (1865-1920). La banlieue post-impressionniste\\\" au Mus\u00e9e de la carte \u00e0 jouer d'Issy-les-Moulineaux.\",\"breadcrumb\":{\"@id\":\"https:\/\/voyagesimpressionnistes.com\/en\/banks-seine\/constant-pape-1865-1920-la-banlieue-post-impressionniste\/#breadcrumb\"},\"inLanguage\":\"en-US\",\"potentialAction\":[{\"@type\":\"ReadAction\",\"target\":[\"https:\/\/voyagesimpressionnistes.com\/en\/banks-seine\/constant-pape-1865-1920-la-banlieue-post-impressionniste\/\"]}]},{\"@type\":\"ImageObject\",\"inLanguage\":\"en-US\",\"@id\":\"https:\/\/voyagesimpressionnistes.com\/en\/banks-seine\/constant-pape-1865-1920-la-banlieue-post-impressionniste\/#primaryimage\",\"url\":\"https:\/\/voyagesimpressionnistes.com\/wp-content\/uploads\/2024\/04\/constant-pape.jpg\",\"contentUrl\":\"https:\/\/voyagesimpressionnistes.com\/wp-content\/uploads\/2024\/04\/constant-pape.jpg\",\"width\":761,\"height\":1142,\"caption\":\"Constant Pape. La banlieue post-impressionniste : affiche de l'exposition\"},{\"@type\":\"BreadcrumbList\",\"@id\":\"https:\/\/voyagesimpressionnistes.com\/en\/banks-seine\/constant-pape-1865-1920-la-banlieue-post-impressionniste\/#breadcrumb\",\"itemListElement\":[{\"@type\":\"ListItem\",\"position\":1,\"name\":\"Along the Banks of the Seine\",\"item\":\"https:\/\/voyagesimpressionnistes.com\/en\/banks-seine\/\"},{\"@type\":\"ListItem\",\"position\":2,\"name\":\"Constant Pape (1865-1920). La banlieue post-impressionniste\"}]},{\"@type\":\"WebSite\",\"@id\":\"https:\/\/voyagesimpressionnistes.com\/en\/#website\",\"url\":\"https:\/\/voyagesimpressionnistes.com\/en\/\",\"name\":\"Impressionist adventures\",\"description\":\"Inspiring moments\",\"publisher\":{\"@id\":\"https:\/\/voyagesimpressionnistes.com\/en\/#organization\"},\"potentialAction\":[{\"@type\":\"SearchAction\",\"target\":{\"@type\":\"EntryPoint\",\"urlTemplate\":\"https:\/\/voyagesimpressionnistes.com\/en\/?s={search_term_string}\"},\"query-input\":{\"@type\":\"PropertyValueSpecification\",\"valueRequired\":true,\"valueName\":\"search_term_string\"}}],\"inLanguage\":\"en-US\"},{\"@type\":\"Organization\",\"@id\":\"https:\/\/voyagesimpressionnistes.com\/en\/#organization\",\"name\":\"Voyages Impressionnistes\",\"url\":\"https:\/\/voyagesimpressionnistes.com\/en\/\",\"logo\":{\"@type\":\"ImageObject\",\"inLanguage\":\"en-US\",\"@id\":\"https:\/\/voyagesimpressionnistes.com\/en\/#\/schema\/logo\/image\/\",\"url\":\"https:\/\/voyagesimpressionnistes.com\/wp-content\/uploads\/2021\/06\/vi-logo-507x216-1.svg\",\"contentUrl\":\"https:\/\/voyagesimpressionnistes.com\/wp-content\/uploads\/2021\/06\/vi-logo-507x216-1.svg\",\"width\":507,\"height\":216,\"caption\":\"Voyages Impressionnistes\"},\"image\":{\"@id\":\"https:\/\/voyagesimpressionnistes.com\/en\/#\/schema\/logo\/image\/\"},\"sameAs\":[\"https:\/\/www.facebook.com\/LesVoyagesImpressionnistes\/\"]},{\"@type\":\"Person\",\"@id\":\"https:\/\/voyagesimpressionnistes.com\/en\/#\/schema\/person\/78c37c19aa7ae1bd6f4902f296c80e5f\",\"name\":\"Phane\",\"image\":{\"@type\":\"ImageObject\",\"inLanguage\":\"en-US\",\"@id\":\"https:\/\/voyagesimpressionnistes.com\/en\/#\/schema\/person\/image\/\",\"url\":\"https:\/\/secure.gravatar.com\/avatar\/ea705fa375f21b62a2facac16bc19ee8d664629e3399a374a188d355bc5d00b9?s=96&d=mm&r=g\",\"contentUrl\":\"https:\/\/secure.gravatar.com\/avatar\/ea705fa375f21b62a2facac16bc19ee8d664629e3399a374a188d355bc5d00b9?s=96&d=mm&r=g\",\"caption\":\"Phane\"}}]}<\/script>\n<!-- \/ Yoast SEO plugin. -->","yoast_head_json":{"title":"La banlieue post-impressionniste - Impressionist adventures","description":"D\u00e9couvrez l'exposition \"Constant Pape (1865-1920). La banlieue post-impressionniste\" au Mus\u00e9e de la carte \u00e0 jouer d'Issy-les-Moulineaux.","robots":{"index":"index","follow":"follow","max-snippet":"max-snippet:-1","max-image-preview":"max-image-preview:large","max-video-preview":"max-video-preview:-1"},"canonical":"https:\/\/voyagesimpressionnistes.com\/en\/banks-seine\/constant-pape-1865-1920-la-banlieue-post-impressionniste\/","og_locale":"en_US","og_type":"article","og_title":"La banlieue post-impressionniste - Impressionist adventures","og_description":"D\u00e9couvrez l'exposition \"Constant Pape (1865-1920). La banlieue post-impressionniste\" au Mus\u00e9e de la carte \u00e0 jouer d'Issy-les-Moulineaux.","og_url":"https:\/\/voyagesimpressionnistes.com\/en\/banks-seine\/constant-pape-1865-1920-la-banlieue-post-impressionniste\/","og_site_name":"Impressionist adventures","article_publisher":"https:\/\/www.facebook.com\/LesVoyagesImpressionnistes\/","article_published_time":"2024-05-06T10:45:59+00:00","article_modified_time":"2025-02-28T15:00:02+00:00","og_image":[{"width":761,"height":1142,"url":"https:\/\/voyagesimpressionnistes.com\/wp-content\/uploads\/2024\/04\/constant-pape.jpg","type":"image\/jpeg"}],"author":"Phane","twitter_card":"summary_large_image","twitter_misc":{"Written by":"Phane","Est. reading time":"2 minutes"},"schema":{"@context":"https:\/\/schema.org","@graph":[{"@type":["Article","BlogPosting"],"@id":"https:\/\/voyagesimpressionnistes.com\/en\/banks-seine\/constant-pape-1865-1920-la-banlieue-post-impressionniste\/#article","isPartOf":{"@id":"https:\/\/voyagesimpressionnistes.com\/en\/banks-seine\/constant-pape-1865-1920-la-banlieue-post-impressionniste\/"},"author":{"name":"Phane","@id":"https:\/\/voyagesimpressionnistes.com\/en\/#\/schema\/person\/78c37c19aa7ae1bd6f4902f296c80e5f"},"headline":"Constant Pape (1865-1920). La banlieue post-impressionniste","datePublished":"2024-05-06T10:45:59+00:00","dateModified":"2025-02-28T15:00:02+00:00","mainEntityOfPage":{"@id":"https:\/\/voyagesimpressionnistes.com\/en\/banks-seine\/constant-pape-1865-1920-la-banlieue-post-impressionniste\/"},"wordCount":508,"publisher":{"@id":"https:\/\/voyagesimpressionnistes.com\/en\/#organization"},"image":{"@id":"https:\/\/voyagesimpressionnistes.com\/en\/banks-seine\/constant-pape-1865-1920-la-banlieue-post-impressionniste\/#primaryimage"},"thumbnailUrl":"https:\/\/voyagesimpressionnistes.com\/wp-content\/uploads\/2024\/04\/constant-pape.jpg","keywords":["Diary"],"articleSection":["Along the Banks of the Seine"],"inLanguage":"en-US"},{"@type":"WebPage","@id":"https:\/\/voyagesimpressionnistes.com\/en\/banks-seine\/constant-pape-1865-1920-la-banlieue-post-impressionniste\/","url":"https:\/\/voyagesimpressionnistes.com\/en\/banks-seine\/constant-pape-1865-1920-la-banlieue-post-impressionniste\/","name":"La banlieue post-impressionniste - Impressionist adventures","isPartOf":{"@id":"https:\/\/voyagesimpressionnistes.com\/en\/#website"},"primaryImageOfPage":{"@id":"https:\/\/voyagesimpressionnistes.com\/en\/banks-seine\/constant-pape-1865-1920-la-banlieue-post-impressionniste\/#primaryimage"},"image":{"@id":"https:\/\/voyagesimpressionnistes.com\/en\/banks-seine\/constant-pape-1865-1920-la-banlieue-post-impressionniste\/#primaryimage"},"thumbnailUrl":"https:\/\/voyagesimpressionnistes.com\/wp-content\/uploads\/2024\/04\/constant-pape.jpg","datePublished":"2024-05-06T10:45:59+00:00","dateModified":"2025-02-28T15:00:02+00:00","description":"D\u00e9couvrez l'exposition \"Constant Pape (1865-1920). La banlieue post-impressionniste\" au Mus\u00e9e de la carte \u00e0 jouer d'Issy-les-Moulineaux.","breadcrumb":{"@id":"https:\/\/voyagesimpressionnistes.com\/en\/banks-seine\/constant-pape-1865-1920-la-banlieue-post-impressionniste\/#breadcrumb"},"inLanguage":"en-US","potentialAction":[{"@type":"ReadAction","target":["https:\/\/voyagesimpressionnistes.com\/en\/banks-seine\/constant-pape-1865-1920-la-banlieue-post-impressionniste\/"]}]},{"@type":"ImageObject","inLanguage":"en-US","@id":"https:\/\/voyagesimpressionnistes.com\/en\/banks-seine\/constant-pape-1865-1920-la-banlieue-post-impressionniste\/#primaryimage","url":"https:\/\/voyagesimpressionnistes.com\/wp-content\/uploads\/2024\/04\/constant-pape.jpg","contentUrl":"https:\/\/voyagesimpressionnistes.com\/wp-content\/uploads\/2024\/04\/constant-pape.jpg","width":761,"height":1142,"caption":"Constant Pape. La banlieue post-impressionniste : affiche de l'exposition"},{"@type":"BreadcrumbList","@id":"https:\/\/voyagesimpressionnistes.com\/en\/banks-seine\/constant-pape-1865-1920-la-banlieue-post-impressionniste\/#breadcrumb","itemListElement":[{"@type":"ListItem","position":1,"name":"Along the Banks of the Seine","item":"https:\/\/voyagesimpressionnistes.com\/en\/banks-seine\/"},{"@type":"ListItem","position":2,"name":"Constant Pape (1865-1920). La banlieue post-impressionniste"}]},{"@type":"WebSite","@id":"https:\/\/voyagesimpressionnistes.com\/en\/#website","url":"https:\/\/voyagesimpressionnistes.com\/en\/","name":"Impressionist adventures","description":"Inspiring moments","publisher":{"@id":"https:\/\/voyagesimpressionnistes.com\/en\/#organization"},"potentialAction":[{"@type":"SearchAction","target":{"@type":"EntryPoint","urlTemplate":"https:\/\/voyagesimpressionnistes.com\/en\/?s={search_term_string}"},"query-input":{"@type":"PropertyValueSpecification","valueRequired":true,"valueName":"search_term_string"}}],"inLanguage":"en-US"},{"@type":"Organization","@id":"https:\/\/voyagesimpressionnistes.com\/en\/#organization","name":"Voyages Impressionnistes","url":"https:\/\/voyagesimpressionnistes.com\/en\/","logo":{"@type":"ImageObject","inLanguage":"en-US","@id":"https:\/\/voyagesimpressionnistes.com\/en\/#\/schema\/logo\/image\/","url":"https:\/\/voyagesimpressionnistes.com\/wp-content\/uploads\/2021\/06\/vi-logo-507x216-1.svg","contentUrl":"https:\/\/voyagesimpressionnistes.com\/wp-content\/uploads\/2021\/06\/vi-logo-507x216-1.svg","width":507,"height":216,"caption":"Voyages Impressionnistes"},"image":{"@id":"https:\/\/voyagesimpressionnistes.com\/en\/#\/schema\/logo\/image\/"},"sameAs":["https:\/\/www.facebook.com\/LesVoyagesImpressionnistes\/"]},{"@type":"Person","@id":"https:\/\/voyagesimpressionnistes.com\/en\/#\/schema\/person\/78c37c19aa7ae1bd6f4902f296c80e5f","name":"Phane","image":{"@type":"ImageObject","inLanguage":"en-US","@id":"https:\/\/voyagesimpressionnistes.com\/en\/#\/schema\/person\/image\/","url":"https:\/\/secure.gravatar.com\/avatar\/ea705fa375f21b62a2facac16bc19ee8d664629e3399a374a188d355bc5d00b9?s=96&d=mm&r=g","contentUrl":"https:\/\/secure.gravatar.com\/avatar\/ea705fa375f21b62a2facac16bc19ee8d664629e3399a374a188d355bc5d00b9?s=96&d=mm&r=g","caption":"Phane"}}]}},"jetpack_featured_media_url":"https:\/\/voyagesimpressionnistes.com\/wp-content\/uploads\/2024\/04\/constant-pape.jpg","jetpack_sharing_enabled":true,"_links":{"self":[{"href":"https:\/\/voyagesimpressionnistes.com\/en\/wp-json\/wp\/v2\/posts\/9245","targetHints":{"allow":["GET"]}}],"collection":[{"href":"https:\/\/voyagesimpressionnistes.com\/en\/wp-json\/wp\/v2\/posts"}],"about":[{"href":"https:\/\/voyagesimpressionnistes.com\/en\/wp-json\/wp\/v2\/types\/post"}],"author":[{"embeddable":true,"href":"https:\/\/voyagesimpressionnistes.com\/en\/wp-json\/wp\/v2\/users\/2"}],"replies":[{"embeddable":true,"href":"https:\/\/voyagesimpressionnistes.com\/en\/wp-json\/wp\/v2\/comments?post=9245"}],"version-history":[{"count":7,"href":"https:\/\/voyagesimpressionnistes.com\/en\/wp-json\/wp\/v2\/posts\/9245\/revisions"}],"predecessor-version":[{"id":13929,"href":"https:\/\/voyagesimpressionnistes.com\/en\/wp-json\/wp\/v2\/posts\/9245\/revisions\/13929"}],"wp:featuredmedia":[{"embeddable":true,"href":"https:\/\/voyagesimpressionnistes.com\/en\/wp-json\/wp\/v2\/media\/9607"}],"wp:attachment":[{"href":"https:\/\/voyagesimpressionnistes.com\/en\/wp-json\/wp\/v2\/media?parent=9245"}],"wp:term":[{"taxonomy":"category","embeddable":true,"href":"https:\/\/voyagesimpressionnistes.com\/en\/wp-json\/wp\/v2\/categories?post=9245"},{"taxonomy":"slider_une","embeddable":true,"href":"https:\/\/voyagesimpressionnistes.com\/en\/wp-json\/wp\/v2\/slider_une?post=9245"},{"taxonomy":"regions","embeddable":true,"href":"https:\/\/voyagesimpressionnistes.com\/en\/wp-json\/wp\/v2\/regions?post=9245"},{"taxonomy":"coups_coeur","embeddable":true,"href":"https:\/\/voyagesimpressionnistes.com\/en\/wp-json\/wp\/v2\/coups_coeur?post=9245"},{"taxonomy":"inspiration-type","embeddable":true,"href":"https:\/\/voyagesimpressionnistes.com\/en\/wp-json\/wp\/v2\/inspiration-type?post=9245"},{"taxonomy":"label","embeddable":true,"href":"https:\/\/voyagesimpressionnistes.com\/en\/wp-json\/wp\/v2\/label?post=9245"},{"taxonomy":"categories-agenda","embeddable":true,"href":"https:\/\/voyagesimpressionnistes.com\/en\/wp-json\/wp\/v2\/categories-agenda?post=9245"}],"curies":[{"name":"wp","href":"https:\/\/api.w.org\/{rel}","templated":true}]}}