{"id":9251,"date":"2024-03-20T13:02:11","date_gmt":"2024-03-20T12:02:11","guid":{"rendered":"https:\/\/voyagesimpressionnistes.com\/?p=9251"},"modified":"2025-02-28T16:40:02","modified_gmt":"2025-02-28T15:40:02","slug":"de-l-atelier-au-paysage-fabrique-impressionnisme","status":"publish","type":"post","link":"https:\/\/voyagesimpressionnistes.com\/en\/auvers-oise-valley\/de-l-atelier-au-paysage-fabrique-impressionnisme\/","title":{"rendered":"De l&#8217;atelier au paysage, fabrique de l&#8217;Impressionnisme"},"content":{"rendered":"<p>\u00c0 l&#8217;occasion des <a href=\"https:\/\/voyagesimpressionnistes.com\/en\/auvers-oise-valley\/naissance-impressionnisme-vallee-oise\/\">150 ans de l&#8217;Impressionnisme<\/a>, l&#8217;exposition <em>De l&#8217;atelier au paysage, fabrique de l&#8217;Impressionnisme<\/em> pr\u00e9sente les peintres impressionnistes qui, dans le sillage de Daubigny et de Pissarro, ont peint \u00e0 Auvers-sur-Oise.<\/p>\n<p>Lieu de vill\u00e9giature pris\u00e9 des artistes du 19<sup>\u00e8me<\/sup> si\u00e8cle, Auvers-sur-Oise occupe une place de choix dans l\u2019Histoire de l\u2019Impressionnisme. Dans le sillage de Charles Fran\u00e7ois Daubigny puis de Camille Pissarro, de nombreux peintres vont s\u2019y installer, charm\u00e9s par la diversit\u00e9 de ses paysages et par l\u2019ambiance qui y r\u00e8gne.<\/p>\n<p>Leur palette, plus claire que celle de la g\u00e9n\u00e9ration pr\u00e9c\u00e9dente se nourrit des nouvelles th\u00e9ories sur la couleur et fait la part belle \u00e0 la lumi\u00e8re.<\/p>\n<p>Dans l&#8217;exposition <em>De l&#8217;atelier au paysage, fabrique de l&#8217;Impressionnisme<\/em>, pr\u00e9sent\u00e9e au <a href=\"https:\/\/voyagesimpressionnistes.com\/en\/auvers-oise-valley\/musee-daubigny\/\">mus\u00e9e Daubigny<\/a> d&#8217;Auvers-sur-Oise, les peintres Victor Vignon, Charles Sprague Pearce, L\u00e9on Giran Max, Louis Hayet sont mis \u00e0 l\u2019honneur, du 23 mars 2024 au 23 f\u00e9vrier 2025.<\/p>\n<p>Les 28 avril, 23 juin, 7 juillet et 25 ao\u00fbt, \u00e0 11h ou 16h, sur pr\u00e9sentation du billet d&#8217;entr\u00e9e du mus\u00e9e et sans r\u00e9servation, d\u00e9couvrez l\u2019exposition \u00e0 l&#8217;occasion d&#8217;une visite guid\u00e9e gratuite de 40 mn !<\/p>\n<p>Les 10 avril,\u00a0 5 mai,\u00a0 5 juin,\u00a0 23 juin, 6 juillet, 14 ao\u00fbt et 21 septembre, suivez le guide dans l\u2019exposition, puis dans la ville pour vous impr\u00e9gner du pass\u00e9 artistique des paysages auversois, pendant 2h.<\/p>\n<p>Le 10 ao\u00fbt, suivez les aventures du petit Marius au mus\u00e9e et partagez un moment de calme et de d\u00e9couverte avec votre enfant avant l&#8217;ouverture au public. Ce cr\u00e9neau est r\u00e9serv\u00e9 aux enfants de 3 \u00e0 5 ans, accompagn\u00e9s d&#8217;un adulte, sur r\u00e9servation obligatoire.<\/p>\n","protected":false},"excerpt":{"rendered":"<p>\u00c0 l&#8217;occasion des 150 ans de l&#8217;Impressionnisme, l&#8217;exposition De l&#8217;atelier  [&#8230;]<\/p>\n","protected":false},"author":2,"featured_media":9250,"comment_status":"closed","ping_status":"closed","sticky":false,"template":"","format":"standard","meta":{"_acf_changed":false,"inline_featured_image":false,"_jetpack_memberships_contains_paid_content":false,"footnotes":""},"categories":[80],"slider_une":[],"regions":[132],"coups_coeur":[],"inspiration-type":[],"label":[141],"categories-agenda":[172],"class_list":["post-9251","post","type-post","status-publish","format-standard","has-post-thumbnail","hentry","category-auvers-oise-valley","tag-diary","regions-idf-en","label-150-years","categories-agenda-exhibition"],"acf":[],"yoast_head":"<!-- This site is optimized with the Yoast SEO plugin v26.3 - https:\/\/yoast.com\/wordpress\/plugins\/seo\/ -->\n<title>De l&#039;atelier au paysage - exposition - Impressionist adventures<\/title>\n<meta name=\"description\" content=\"Venez visiter l&#039;exposition &quot;De l&#039;atelier au paysage, fabrique de l&#039;Impressionnisme&quot; au mus\u00e9e Daubigny pour les 150 ans de l&#039;Impressionnisme.\" \/>\n<meta name=\"robots\" content=\"index, follow, max-snippet:-1, max-image-preview:large, max-video-preview:-1\" \/>\n<link rel=\"canonical\" href=\"https:\/\/voyagesimpressionnistes.com\/en\/auvers-oise-valley\/de-l-atelier-au-paysage-fabrique-impressionnisme\/\" \/>\n<meta property=\"og:locale\" content=\"en_US\" \/>\n<meta property=\"og:type\" content=\"article\" \/>\n<meta property=\"og:title\" content=\"De l&#039;atelier au paysage - exposition - Impressionist adventures\" \/>\n<meta property=\"og:description\" content=\"Venez visiter l&#039;exposition &quot;De l&#039;atelier au paysage, fabrique de l&#039;Impressionnisme&quot; au mus\u00e9e Daubigny pour les 150 ans de l&#039;Impressionnisme.\" \/>\n<meta property=\"og:url\" content=\"https:\/\/voyagesimpressionnistes.com\/en\/auvers-oise-valley\/de-l-atelier-au-paysage-fabrique-impressionnisme\/\" \/>\n<meta property=\"og:site_name\" content=\"Impressionist adventures\" \/>\n<meta property=\"article:publisher\" content=\"https:\/\/www.facebook.com\/LesVoyagesImpressionnistes\/\" \/>\n<meta property=\"article:published_time\" content=\"2024-03-20T12:02:11+00:00\" \/>\n<meta property=\"article:modified_time\" content=\"2025-02-28T15:40:02+00:00\" \/>\n<meta property=\"og:image\" content=\"https:\/\/voyagesimpressionnistes.com\/wp-content\/uploads\/2024\/04\/21849547-diaporama.jpg\" \/>\n\t<meta property=\"og:image:width\" content=\"423\" \/>\n\t<meta property=\"og:image:height\" content=\"600\" \/>\n\t<meta property=\"og:image:type\" content=\"image\/jpeg\" \/>\n<meta name=\"author\" content=\"Phane\" \/>\n<meta name=\"twitter:card\" content=\"summary_large_image\" \/>\n<meta name=\"twitter:label1\" content=\"Written by\" \/>\n\t<meta name=\"twitter:data1\" content=\"Phane\" \/>\n\t<meta name=\"twitter:label2\" content=\"Est. reading time\" \/>\n\t<meta name=\"twitter:data2\" content=\"1 minute\" \/>\n<script type=\"application\/ld+json\" class=\"yoast-schema-graph\">{\"@context\":\"https:\/\/schema.org\",\"@graph\":[{\"@type\":[\"Article\",\"BlogPosting\"],\"@id\":\"https:\/\/voyagesimpressionnistes.com\/en\/auvers-oise-valley\/de-l-atelier-au-paysage-fabrique-impressionnisme\/#article\",\"isPartOf\":{\"@id\":\"https:\/\/voyagesimpressionnistes.com\/en\/auvers-oise-valley\/de-l-atelier-au-paysage-fabrique-impressionnisme\/\"},\"author\":{\"name\":\"Phane\",\"@id\":\"https:\/\/voyagesimpressionnistes.com\/en\/#\/schema\/person\/78c37c19aa7ae1bd6f4902f296c80e5f\"},\"headline\":\"De l&#8217;atelier au paysage, fabrique de l&#8217;Impressionnisme\",\"datePublished\":\"2024-03-20T12:02:11+00:00\",\"dateModified\":\"2025-02-28T15:40:02+00:00\",\"mainEntityOfPage\":{\"@id\":\"https:\/\/voyagesimpressionnistes.com\/en\/auvers-oise-valley\/de-l-atelier-au-paysage-fabrique-impressionnisme\/\"},\"wordCount\":296,\"publisher\":{\"@id\":\"https:\/\/voyagesimpressionnistes.com\/en\/#organization\"},\"image\":{\"@id\":\"https:\/\/voyagesimpressionnistes.com\/en\/auvers-oise-valley\/de-l-atelier-au-paysage-fabrique-impressionnisme\/#primaryimage\"},\"thumbnailUrl\":\"https:\/\/voyagesimpressionnistes.com\/wp-content\/uploads\/2024\/04\/21849547-diaporama.jpg\",\"keywords\":[\"Diary\"],\"articleSection\":[\"Auvers &amp; the Oise valley\"],\"inLanguage\":\"en-US\"},{\"@type\":\"WebPage\",\"@id\":\"https:\/\/voyagesimpressionnistes.com\/en\/auvers-oise-valley\/de-l-atelier-au-paysage-fabrique-impressionnisme\/\",\"url\":\"https:\/\/voyagesimpressionnistes.com\/en\/auvers-oise-valley\/de-l-atelier-au-paysage-fabrique-impressionnisme\/\",\"name\":\"De l'atelier au paysage - exposition - Impressionist adventures\",\"isPartOf\":{\"@id\":\"https:\/\/voyagesimpressionnistes.com\/en\/#website\"},\"primaryImageOfPage\":{\"@id\":\"https:\/\/voyagesimpressionnistes.com\/en\/auvers-oise-valley\/de-l-atelier-au-paysage-fabrique-impressionnisme\/#primaryimage\"},\"image\":{\"@id\":\"https:\/\/voyagesimpressionnistes.com\/en\/auvers-oise-valley\/de-l-atelier-au-paysage-fabrique-impressionnisme\/#primaryimage\"},\"thumbnailUrl\":\"https:\/\/voyagesimpressionnistes.com\/wp-content\/uploads\/2024\/04\/21849547-diaporama.jpg\",\"datePublished\":\"2024-03-20T12:02:11+00:00\",\"dateModified\":\"2025-02-28T15:40:02+00:00\",\"description\":\"Venez visiter l'exposition \\\"De l'atelier au paysage, fabrique de l'Impressionnisme\\\" au mus\u00e9e Daubigny pour les 150 ans de l'Impressionnisme.\",\"breadcrumb\":{\"@id\":\"https:\/\/voyagesimpressionnistes.com\/en\/auvers-oise-valley\/de-l-atelier-au-paysage-fabrique-impressionnisme\/#breadcrumb\"},\"inLanguage\":\"en-US\",\"potentialAction\":[{\"@type\":\"ReadAction\",\"target\":[\"https:\/\/voyagesimpressionnistes.com\/en\/auvers-oise-valley\/de-l-atelier-au-paysage-fabrique-impressionnisme\/\"]}]},{\"@type\":\"ImageObject\",\"inLanguage\":\"en-US\",\"@id\":\"https:\/\/voyagesimpressionnistes.com\/en\/auvers-oise-valley\/de-l-atelier-au-paysage-fabrique-impressionnisme\/#primaryimage\",\"url\":\"https:\/\/voyagesimpressionnistes.com\/wp-content\/uploads\/2024\/04\/21849547-diaporama.jpg\",\"contentUrl\":\"https:\/\/voyagesimpressionnistes.com\/wp-content\/uploads\/2024\/04\/21849547-diaporama.jpg\",\"width\":423,\"height\":600,\"caption\":\"De l'atelier au paysage, fabrique de l'Impressionnisme : affiche de l'exposition\"},{\"@type\":\"BreadcrumbList\",\"@id\":\"https:\/\/voyagesimpressionnistes.com\/en\/auvers-oise-valley\/de-l-atelier-au-paysage-fabrique-impressionnisme\/#breadcrumb\",\"itemListElement\":[{\"@type\":\"ListItem\",\"position\":1,\"name\":\"Auvers &amp; the Oise valley\",\"item\":\"https:\/\/voyagesimpressionnistes.com\/en\/auvers-oise-valley\/\"},{\"@type\":\"ListItem\",\"position\":2,\"name\":\"De l&rsquo;atelier au paysage, fabrique de l&rsquo;Impressionnisme\"}]},{\"@type\":\"WebSite\",\"@id\":\"https:\/\/voyagesimpressionnistes.com\/en\/#website\",\"url\":\"https:\/\/voyagesimpressionnistes.com\/en\/\",\"name\":\"Impressionist adventures\",\"description\":\"Inspiring moments\",\"publisher\":{\"@id\":\"https:\/\/voyagesimpressionnistes.com\/en\/#organization\"},\"potentialAction\":[{\"@type\":\"SearchAction\",\"target\":{\"@type\":\"EntryPoint\",\"urlTemplate\":\"https:\/\/voyagesimpressionnistes.com\/en\/?s={search_term_string}\"},\"query-input\":{\"@type\":\"PropertyValueSpecification\",\"valueRequired\":true,\"valueName\":\"search_term_string\"}}],\"inLanguage\":\"en-US\"},{\"@type\":\"Organization\",\"@id\":\"https:\/\/voyagesimpressionnistes.com\/en\/#organization\",\"name\":\"Voyages Impressionnistes\",\"url\":\"https:\/\/voyagesimpressionnistes.com\/en\/\",\"logo\":{\"@type\":\"ImageObject\",\"inLanguage\":\"en-US\",\"@id\":\"https:\/\/voyagesimpressionnistes.com\/en\/#\/schema\/logo\/image\/\",\"url\":\"https:\/\/voyagesimpressionnistes.com\/wp-content\/uploads\/2021\/06\/vi-logo-507x216-1.svg\",\"contentUrl\":\"https:\/\/voyagesimpressionnistes.com\/wp-content\/uploads\/2021\/06\/vi-logo-507x216-1.svg\",\"width\":507,\"height\":216,\"caption\":\"Voyages Impressionnistes\"},\"image\":{\"@id\":\"https:\/\/voyagesimpressionnistes.com\/en\/#\/schema\/logo\/image\/\"},\"sameAs\":[\"https:\/\/www.facebook.com\/LesVoyagesImpressionnistes\/\"]},{\"@type\":\"Person\",\"@id\":\"https:\/\/voyagesimpressionnistes.com\/en\/#\/schema\/person\/78c37c19aa7ae1bd6f4902f296c80e5f\",\"name\":\"Phane\",\"image\":{\"@type\":\"ImageObject\",\"inLanguage\":\"en-US\",\"@id\":\"https:\/\/voyagesimpressionnistes.com\/en\/#\/schema\/person\/image\/\",\"url\":\"https:\/\/secure.gravatar.com\/avatar\/ea705fa375f21b62a2facac16bc19ee8d664629e3399a374a188d355bc5d00b9?s=96&d=mm&r=g\",\"contentUrl\":\"https:\/\/secure.gravatar.com\/avatar\/ea705fa375f21b62a2facac16bc19ee8d664629e3399a374a188d355bc5d00b9?s=96&d=mm&r=g\",\"caption\":\"Phane\"}}]}<\/script>\n<!-- \/ Yoast SEO plugin. -->","yoast_head_json":{"title":"De l'atelier au paysage - exposition - Impressionist adventures","description":"Venez visiter l'exposition \"De l'atelier au paysage, fabrique de l'Impressionnisme\" au mus\u00e9e Daubigny pour les 150 ans de l'Impressionnisme.","robots":{"index":"index","follow":"follow","max-snippet":"max-snippet:-1","max-image-preview":"max-image-preview:large","max-video-preview":"max-video-preview:-1"},"canonical":"https:\/\/voyagesimpressionnistes.com\/en\/auvers-oise-valley\/de-l-atelier-au-paysage-fabrique-impressionnisme\/","og_locale":"en_US","og_type":"article","og_title":"De l'atelier au paysage - exposition - Impressionist adventures","og_description":"Venez visiter l'exposition \"De l'atelier au paysage, fabrique de l'Impressionnisme\" au mus\u00e9e Daubigny pour les 150 ans de l'Impressionnisme.","og_url":"https:\/\/voyagesimpressionnistes.com\/en\/auvers-oise-valley\/de-l-atelier-au-paysage-fabrique-impressionnisme\/","og_site_name":"Impressionist adventures","article_publisher":"https:\/\/www.facebook.com\/LesVoyagesImpressionnistes\/","article_published_time":"2024-03-20T12:02:11+00:00","article_modified_time":"2025-02-28T15:40:02+00:00","og_image":[{"width":423,"height":600,"url":"https:\/\/voyagesimpressionnistes.com\/wp-content\/uploads\/2024\/04\/21849547-diaporama.jpg","type":"image\/jpeg"}],"author":"Phane","twitter_card":"summary_large_image","twitter_misc":{"Written by":"Phane","Est. reading time":"1 minute"},"schema":{"@context":"https:\/\/schema.org","@graph":[{"@type":["Article","BlogPosting"],"@id":"https:\/\/voyagesimpressionnistes.com\/en\/auvers-oise-valley\/de-l-atelier-au-paysage-fabrique-impressionnisme\/#article","isPartOf":{"@id":"https:\/\/voyagesimpressionnistes.com\/en\/auvers-oise-valley\/de-l-atelier-au-paysage-fabrique-impressionnisme\/"},"author":{"name":"Phane","@id":"https:\/\/voyagesimpressionnistes.com\/en\/#\/schema\/person\/78c37c19aa7ae1bd6f4902f296c80e5f"},"headline":"De l&#8217;atelier au paysage, fabrique de l&#8217;Impressionnisme","datePublished":"2024-03-20T12:02:11+00:00","dateModified":"2025-02-28T15:40:02+00:00","mainEntityOfPage":{"@id":"https:\/\/voyagesimpressionnistes.com\/en\/auvers-oise-valley\/de-l-atelier-au-paysage-fabrique-impressionnisme\/"},"wordCount":296,"publisher":{"@id":"https:\/\/voyagesimpressionnistes.com\/en\/#organization"},"image":{"@id":"https:\/\/voyagesimpressionnistes.com\/en\/auvers-oise-valley\/de-l-atelier-au-paysage-fabrique-impressionnisme\/#primaryimage"},"thumbnailUrl":"https:\/\/voyagesimpressionnistes.com\/wp-content\/uploads\/2024\/04\/21849547-diaporama.jpg","keywords":["Diary"],"articleSection":["Auvers &amp; the Oise valley"],"inLanguage":"en-US"},{"@type":"WebPage","@id":"https:\/\/voyagesimpressionnistes.com\/en\/auvers-oise-valley\/de-l-atelier-au-paysage-fabrique-impressionnisme\/","url":"https:\/\/voyagesimpressionnistes.com\/en\/auvers-oise-valley\/de-l-atelier-au-paysage-fabrique-impressionnisme\/","name":"De l'atelier au paysage - exposition - Impressionist adventures","isPartOf":{"@id":"https:\/\/voyagesimpressionnistes.com\/en\/#website"},"primaryImageOfPage":{"@id":"https:\/\/voyagesimpressionnistes.com\/en\/auvers-oise-valley\/de-l-atelier-au-paysage-fabrique-impressionnisme\/#primaryimage"},"image":{"@id":"https:\/\/voyagesimpressionnistes.com\/en\/auvers-oise-valley\/de-l-atelier-au-paysage-fabrique-impressionnisme\/#primaryimage"},"thumbnailUrl":"https:\/\/voyagesimpressionnistes.com\/wp-content\/uploads\/2024\/04\/21849547-diaporama.jpg","datePublished":"2024-03-20T12:02:11+00:00","dateModified":"2025-02-28T15:40:02+00:00","description":"Venez visiter l'exposition \"De l'atelier au paysage, fabrique de l'Impressionnisme\" au mus\u00e9e Daubigny pour les 150 ans de l'Impressionnisme.","breadcrumb":{"@id":"https:\/\/voyagesimpressionnistes.com\/en\/auvers-oise-valley\/de-l-atelier-au-paysage-fabrique-impressionnisme\/#breadcrumb"},"inLanguage":"en-US","potentialAction":[{"@type":"ReadAction","target":["https:\/\/voyagesimpressionnistes.com\/en\/auvers-oise-valley\/de-l-atelier-au-paysage-fabrique-impressionnisme\/"]}]},{"@type":"ImageObject","inLanguage":"en-US","@id":"https:\/\/voyagesimpressionnistes.com\/en\/auvers-oise-valley\/de-l-atelier-au-paysage-fabrique-impressionnisme\/#primaryimage","url":"https:\/\/voyagesimpressionnistes.com\/wp-content\/uploads\/2024\/04\/21849547-diaporama.jpg","contentUrl":"https:\/\/voyagesimpressionnistes.com\/wp-content\/uploads\/2024\/04\/21849547-diaporama.jpg","width":423,"height":600,"caption":"De l'atelier au paysage, fabrique de l'Impressionnisme : affiche de l'exposition"},{"@type":"BreadcrumbList","@id":"https:\/\/voyagesimpressionnistes.com\/en\/auvers-oise-valley\/de-l-atelier-au-paysage-fabrique-impressionnisme\/#breadcrumb","itemListElement":[{"@type":"ListItem","position":1,"name":"Auvers &amp; the Oise valley","item":"https:\/\/voyagesimpressionnistes.com\/en\/auvers-oise-valley\/"},{"@type":"ListItem","position":2,"name":"De l&rsquo;atelier au paysage, fabrique de l&rsquo;Impressionnisme"}]},{"@type":"WebSite","@id":"https:\/\/voyagesimpressionnistes.com\/en\/#website","url":"https:\/\/voyagesimpressionnistes.com\/en\/","name":"Impressionist adventures","description":"Inspiring moments","publisher":{"@id":"https:\/\/voyagesimpressionnistes.com\/en\/#organization"},"potentialAction":[{"@type":"SearchAction","target":{"@type":"EntryPoint","urlTemplate":"https:\/\/voyagesimpressionnistes.com\/en\/?s={search_term_string}"},"query-input":{"@type":"PropertyValueSpecification","valueRequired":true,"valueName":"search_term_string"}}],"inLanguage":"en-US"},{"@type":"Organization","@id":"https:\/\/voyagesimpressionnistes.com\/en\/#organization","name":"Voyages Impressionnistes","url":"https:\/\/voyagesimpressionnistes.com\/en\/","logo":{"@type":"ImageObject","inLanguage":"en-US","@id":"https:\/\/voyagesimpressionnistes.com\/en\/#\/schema\/logo\/image\/","url":"https:\/\/voyagesimpressionnistes.com\/wp-content\/uploads\/2021\/06\/vi-logo-507x216-1.svg","contentUrl":"https:\/\/voyagesimpressionnistes.com\/wp-content\/uploads\/2021\/06\/vi-logo-507x216-1.svg","width":507,"height":216,"caption":"Voyages Impressionnistes"},"image":{"@id":"https:\/\/voyagesimpressionnistes.com\/en\/#\/schema\/logo\/image\/"},"sameAs":["https:\/\/www.facebook.com\/LesVoyagesImpressionnistes\/"]},{"@type":"Person","@id":"https:\/\/voyagesimpressionnistes.com\/en\/#\/schema\/person\/78c37c19aa7ae1bd6f4902f296c80e5f","name":"Phane","image":{"@type":"ImageObject","inLanguage":"en-US","@id":"https:\/\/voyagesimpressionnistes.com\/en\/#\/schema\/person\/image\/","url":"https:\/\/secure.gravatar.com\/avatar\/ea705fa375f21b62a2facac16bc19ee8d664629e3399a374a188d355bc5d00b9?s=96&d=mm&r=g","contentUrl":"https:\/\/secure.gravatar.com\/avatar\/ea705fa375f21b62a2facac16bc19ee8d664629e3399a374a188d355bc5d00b9?s=96&d=mm&r=g","caption":"Phane"}}]}},"jetpack_featured_media_url":"https:\/\/voyagesimpressionnistes.com\/wp-content\/uploads\/2024\/04\/21849547-diaporama.jpg","jetpack_sharing_enabled":true,"_links":{"self":[{"href":"https:\/\/voyagesimpressionnistes.com\/en\/wp-json\/wp\/v2\/posts\/9251","targetHints":{"allow":["GET"]}}],"collection":[{"href":"https:\/\/voyagesimpressionnistes.com\/en\/wp-json\/wp\/v2\/posts"}],"about":[{"href":"https:\/\/voyagesimpressionnistes.com\/en\/wp-json\/wp\/v2\/types\/post"}],"author":[{"embeddable":true,"href":"https:\/\/voyagesimpressionnistes.com\/en\/wp-json\/wp\/v2\/users\/2"}],"replies":[{"embeddable":true,"href":"https:\/\/voyagesimpressionnistes.com\/en\/wp-json\/wp\/v2\/comments?post=9251"}],"version-history":[{"count":14,"href":"https:\/\/voyagesimpressionnistes.com\/en\/wp-json\/wp\/v2\/posts\/9251\/revisions"}],"predecessor-version":[{"id":13905,"href":"https:\/\/voyagesimpressionnistes.com\/en\/wp-json\/wp\/v2\/posts\/9251\/revisions\/13905"}],"wp:featuredmedia":[{"embeddable":true,"href":"https:\/\/voyagesimpressionnistes.com\/en\/wp-json\/wp\/v2\/media\/9250"}],"wp:attachment":[{"href":"https:\/\/voyagesimpressionnistes.com\/en\/wp-json\/wp\/v2\/media?parent=9251"}],"wp:term":[{"taxonomy":"category","embeddable":true,"href":"https:\/\/voyagesimpressionnistes.com\/en\/wp-json\/wp\/v2\/categories?post=9251"},{"taxonomy":"slider_une","embeddable":true,"href":"https:\/\/voyagesimpressionnistes.com\/en\/wp-json\/wp\/v2\/slider_une?post=9251"},{"taxonomy":"regions","embeddable":true,"href":"https:\/\/voyagesimpressionnistes.com\/en\/wp-json\/wp\/v2\/regions?post=9251"},{"taxonomy":"coups_coeur","embeddable":true,"href":"https:\/\/voyagesimpressionnistes.com\/en\/wp-json\/wp\/v2\/coups_coeur?post=9251"},{"taxonomy":"inspiration-type","embeddable":true,"href":"https:\/\/voyagesimpressionnistes.com\/en\/wp-json\/wp\/v2\/inspiration-type?post=9251"},{"taxonomy":"label","embeddable":true,"href":"https:\/\/voyagesimpressionnistes.com\/en\/wp-json\/wp\/v2\/label?post=9251"},{"taxonomy":"categories-agenda","embeddable":true,"href":"https:\/\/voyagesimpressionnistes.com\/en\/wp-json\/wp\/v2\/categories-agenda?post=9251"}],"curies":[{"name":"wp","href":"https:\/\/api.w.org\/{rel}","templated":true}]}}