{"id":9313,"date":"2024-04-15T11:08:12","date_gmt":"2024-04-15T09:08:12","guid":{"rendered":"https:\/\/voyagesimpressionnistes.com\/?p=9313"},"modified":"2024-07-11T17:31:56","modified_gmt":"2024-07-11T15:31:56","slug":"impressions-urbaines","status":"publish","type":"post","link":"https:\/\/voyagesimpressionnistes.com\/en\/banks-seine\/impressions-urbaines\/","title":{"rendered":"Impressions Urbaines"},"content":{"rendered":"<p>Entre patrimoine impressionniste et \u00e9mulation cr\u00e9atrice actuelle dans son espace public, la ville\u00a0d&#8217;Argenteuil invite 24 artistes de renom \u00e0 mettre en perspective leurs impressions de la Ville \u00e0 l&#8217;occasion de l&#8217;exposition <em>Impressions Urbaines<\/em>.<\/p>\n<h3>L&#8217;Art urbain mis \u00e0 l&#8217;honneur dans un ancien site industriel exceptionnel<\/h3>\n<p>L\u2019Atelier, Jardins de l\u2019Abbaye, ancien b\u00e2timent industriel du d\u00e9but du 20<sup>\u00e8me<\/sup> si\u00e8cle r\u00e9habilit\u00e9 en lieu d&#8217;exposition, accueillera cette premi\u00e8re \u00e9dition de l&#8217;exposition. Avec des \u0153uvres inspir\u00e9es de la ville, son histoire, son patrimoine, ses habitants, et ses paysages, elle aura pour but de d\u00e9montrer la diversit\u00e9 des esth\u00e9tiques des artistes urbains, mais aussi leurs points communs th\u00e9matiques en lien avec la ville. De l\u2019expression abstraite \u00e0 la figuration, du travail autour de l\u2019\u00e9criture et de la typographie \u00e0 la d\u00e9marche cr\u00e9atrice et sociale impliquant les habitants, <em>Impressions Urbaines<\/em> se fera ainsi le reflet du Mus\u00e9e \u00e0 ciel ouvert d\u00e9velopp\u00e9 par la Ville.<\/p>\n<h3>Sur les traces de l&#8217;Impressionnisme<\/h3>\n<p>Pour un territoire comme Argenteuil, riche de son pass\u00e9 impressionniste, l\u2019objectif de l\u2019exposition <em>Impressions Urbaines<\/em> est \u00e9galement de faire r\u00e9sonner, en \u00e9cho \u00e0 la d\u00e9marche des artistes urbains, l\u2019h\u00e9ritage des Impressionnistes qui utilisaient aussi le paysage de la ville, mais comme sujet. Une passerelle naturelle qui se cr\u00e9e entre le mouvement urbain et le mouvement impressionniste et qui r\u00e9unit des artistes d\u2019\u00e9poques diff\u00e9rentes, de styles diff\u00e9rents mais inspir\u00e9s par un paysage commun : Argenteuil. Cette exposition incarne l\u2019histoire de l\u2019art en marche et s\u2019inscrit naturellement dans le cadre des c\u00e9l\u00e9brations des <a href=\"\/paris-montmartre\/150-ans-impressionnisme\/\">150 ans de l\u2019Impressionnisme<\/a> en 2024.<\/p>\n<h3>Parcours urbain : de la toile au mur<\/h3>\n<p>Les samedis 4 mai et 29 juin, de 15h \u00e0 17h, avec le parcours urbain <em>De la toile au mur<\/em>, d\u00e9couvrez les \u0153uvres de 24 artistes urbains expos\u00e9s \u00e0 Argenteuil dans le cadre de l&#8217;exposition <em>Impressions Urbaines<\/em>, en compagnie d&#8217;un conf\u00e9rencier. Partez ensuite en balade dans le centre-ville aux c\u00f4t\u00e9s du guide pour d\u00e9couvrir et d\u00e9coder une s\u00e9lection de fresques d&#8217;art urbain du c\u0153ur de ville, leurs apports esth\u00e9tiques mais aussi leurs liens avec l\u2019Histoire de la Ville d&#8217;Argenteuil.<\/p>\n<h3>Workshop de ARDIF<\/h3>\n<p>Le samedi 25 mai,\u00a0 Ardif vient pr\u00e9senter, dans le cadre de ce workshop gratuit pour <em>Impressions Urbaines<\/em>, sa d\u00e9marche artistique. Ardif d\u00e9veloppe depuis 2016 sa signature graphique avec son travail en s\u00e9rie intitul\u00e9 les &#8220;Mechanimals&#8221;, et plus largement avec son travail graphique entre architecture, machine et nature.\u00a0Ses \u0153uvres nous questionnent sur l&#8217;impact de l&#8217;artificialisation de la nature ou, \u00e0 l&#8217;inverse, sur l&#8217;instinct sauvage et primitif \u00e0 retrouver dans notre vie urbaine. Une rencontre exceptionnelle \u00e0 ne pas manquer !<\/p>\n<h3>Weekend IMA : Live painting de Wryaeyes<\/h3>\n<p>\u00c0 l\u2019occasion du week-end festif de c\u00e9l\u00e9bration du partenariat de la Ville d\u2019Argenteuil avec l&#8217;Institut du monde arabe, Wryaeyes est invit\u00e9e par la Ville \u00e0 peindre en live, sous vos yeux et en musique, une nouvelle \u0153uvre incarn\u00e9e le samedi 1<sup>er<\/sup> juin. Dipl\u00f4m\u00e9e de l&#8217;\u00c9cole des Beaux-Arts de Paris, cette artiste a grandi au Y\u00e9men avant d&#8217;arriver en France en 2018. Elle investit les murs de graffitis politiques et exp\u00e9rimente de nombreux mediums tels que la cr\u00e9ation textile ou encore l&#8217;art num\u00e9rique.<\/p>\n<h3>Street art family<\/h3>\n<p>Les mercredis 5 juin et 10 juillet, de 15h \u00e0 17h, avec Street art family, pendant que les parents commencent par une visite guid\u00e9e de l&#8217;exposition pour mieux connaitre les d\u00e9marches des artistes d&#8217;<em>Impressions Urbaines<\/em>, les enfants, dans le cadre d&#8217;un atelier <em>Colourful<\/em>, propos\u00e9 par Little M\u00e9tropole, s&#8217;initient au street art. En 2<sup>\u00e8me<\/sup> partie d&#8217;atelier, enfants et parents r\u00e9alisent une \u0153uvre street art familiale ! L&#8217;entr\u00e9e est libre sur r\u00e9servation, pour adultes et enfants \u00e0 partir de 8 ans.<\/p>\n<h3>Custom bar street art<\/h3>\n<p>Le samedi 8 juin, deux artistes de street art exp\u00e9riment\u00e9s seront pr\u00e9sents pour transformer vos objets du quotidien en \u0153uvres uniques, le tout dans une ambiance conviviale ! Apportez vos objets pr\u00e9f\u00e9r\u00e9s pour les personnaliser (coques de t\u00e9l\u00e9phone, gourdes, casquettes, carnets, mugs, etc.) au Custom bar street art.<\/p>\n<h3>Workshop de 5inck &amp; guest : le travail du lettrage et de la typographie dans l&#8217;art urbain<\/h3>\n<p>Le samedi 22 juin de 18h \u00e0 19h30, 5inck nous parlera de son approche et de son int\u00e9r\u00eat pour la calligraphie et les signatures graphiques, dans l&#8217;art urbain. Adepte de la signature calligraphi\u00e9e, l&#8217;artiste \u00e9tire les courbes des lettres pour d\u00e9cliner son pseudonyme et sa fresque au Qu4tre \u00e0 Argenteuil en est aujourd\u2019hui l&#8217;un des nombreux t\u00e9moignages. L&#8217;entr\u00e9e est libre sans r\u00e9servation, dans la limite des places disponibles.<\/p>\n<h3>Workshop de Kan<\/h3>\n<p>En septembre 2023, Kan a cr\u00e9\u00e9 une fresque sur la tribune du stade du Coudray dans le cadre de l\u2019Olympiade Culturelle avant les JOP 2024. Son style s\u2019inspire du pointillisme. Le samedi 6 juillet de 18h \u00e0 19h30, \u00e0 l&#8217;occasion d&#8217;un workshop, il expliquera sa d\u00e9marche artistique unique, combinant les outils num\u00e9riques, et d\u00e9taillera sa fresque \u00e0 Argenteuil. L&#8217;entr\u00e9e est libre sans r\u00e9servation, dans la limite des places disponibles.<\/p>\n","protected":false},"excerpt":{"rendered":"<p>Entre patrimoine impressionniste et \u00e9mulation cr\u00e9atrice actuelle dans son espace  [&#8230;]<\/p>\n","protected":false},"author":2,"featured_media":9312,"comment_status":"closed","ping_status":"closed","sticky":false,"template":"","format":"standard","meta":{"_acf_changed":false,"inline_featured_image":false,"_jetpack_memberships_contains_paid_content":false,"footnotes":""},"categories":[86],"slider_une":[],"regions":[132],"coups_coeur":[],"inspiration-type":[],"label":[141],"categories-agenda":[175],"class_list":["post-9313","post","type-post","status-publish","format-standard","has-post-thumbnail","hentry","category-banks-seine","tag-diary","regions-idf-en","label-150-years","categories-agenda-contemporary-art-contemporain"],"acf":[],"yoast_head":"<!-- This site is optimized with the Yoast SEO plugin v26.3 - https:\/\/yoast.com\/wordpress\/plugins\/seo\/ -->\n<title>Impressions Urbaines - Impressionist adventures<\/title>\n<meta name=\"description\" content=\"Venez d\u00e9couvrir la 1\u00e8re \u00e9dition de l&#039;exposition d&#039;art contemporain &quot;Impressions Urbaines&quot;, \u00e0 l&#039;Atelier, Jardin de l&#039;Abbaye d&#039;Argenteuil.\" \/>\n<meta name=\"robots\" content=\"index, follow, max-snippet:-1, max-image-preview:large, max-video-preview:-1\" \/>\n<link rel=\"canonical\" href=\"https:\/\/voyagesimpressionnistes.com\/en\/banks-seine\/impressions-urbaines\/\" \/>\n<meta property=\"og:locale\" content=\"en_US\" \/>\n<meta property=\"og:type\" content=\"article\" \/>\n<meta property=\"og:title\" content=\"Impressions Urbaines - Impressionist adventures\" \/>\n<meta property=\"og:description\" content=\"Venez d\u00e9couvrir la 1\u00e8re \u00e9dition de l&#039;exposition d&#039;art contemporain &quot;Impressions Urbaines&quot;, \u00e0 l&#039;Atelier, Jardin de l&#039;Abbaye d&#039;Argenteuil.\" \/>\n<meta property=\"og:url\" content=\"https:\/\/voyagesimpressionnistes.com\/en\/banks-seine\/impressions-urbaines\/\" \/>\n<meta property=\"og:site_name\" content=\"Impressionist adventures\" \/>\n<meta property=\"article:publisher\" content=\"https:\/\/www.facebook.com\/LesVoyagesImpressionnistes\/\" \/>\n<meta property=\"article:published_time\" content=\"2024-04-15T09:08:12+00:00\" \/>\n<meta property=\"article:modified_time\" content=\"2024-07-11T15:31:56+00:00\" \/>\n<meta property=\"og:image\" content=\"https:\/\/voyagesimpressionnistes.com\/wp-content\/uploads\/2024\/04\/21890138-diaporama.jpg\" \/>\n\t<meta property=\"og:image:width\" content=\"421\" \/>\n\t<meta property=\"og:image:height\" content=\"600\" \/>\n\t<meta property=\"og:image:type\" content=\"image\/jpeg\" \/>\n<meta name=\"author\" content=\"Phane\" \/>\n<meta name=\"twitter:card\" content=\"summary_large_image\" \/>\n<meta name=\"twitter:label1\" content=\"Written by\" \/>\n\t<meta name=\"twitter:data1\" content=\"Phane\" \/>\n\t<meta name=\"twitter:label2\" content=\"Est. reading time\" \/>\n\t<meta name=\"twitter:data2\" content=\"4 minutes\" \/>\n<script type=\"application\/ld+json\" class=\"yoast-schema-graph\">{\"@context\":\"https:\/\/schema.org\",\"@graph\":[{\"@type\":[\"Article\",\"BlogPosting\"],\"@id\":\"https:\/\/voyagesimpressionnistes.com\/en\/banks-seine\/impressions-urbaines\/#article\",\"isPartOf\":{\"@id\":\"https:\/\/voyagesimpressionnistes.com\/en\/banks-seine\/impressions-urbaines\/\"},\"author\":{\"name\":\"Phane\",\"@id\":\"https:\/\/voyagesimpressionnistes.com\/en\/#\/schema\/person\/78c37c19aa7ae1bd6f4902f296c80e5f\"},\"headline\":\"Impressions Urbaines\",\"datePublished\":\"2024-04-15T09:08:12+00:00\",\"dateModified\":\"2024-07-11T15:31:56+00:00\",\"mainEntityOfPage\":{\"@id\":\"https:\/\/voyagesimpressionnistes.com\/en\/banks-seine\/impressions-urbaines\/\"},\"wordCount\":883,\"publisher\":{\"@id\":\"https:\/\/voyagesimpressionnistes.com\/en\/#organization\"},\"image\":{\"@id\":\"https:\/\/voyagesimpressionnistes.com\/en\/banks-seine\/impressions-urbaines\/#primaryimage\"},\"thumbnailUrl\":\"https:\/\/voyagesimpressionnistes.com\/wp-content\/uploads\/2024\/04\/21890138-diaporama.jpg\",\"keywords\":[\"Diary\"],\"articleSection\":[\"Along the Banks of the Seine\"],\"inLanguage\":\"en-US\"},{\"@type\":\"WebPage\",\"@id\":\"https:\/\/voyagesimpressionnistes.com\/en\/banks-seine\/impressions-urbaines\/\",\"url\":\"https:\/\/voyagesimpressionnistes.com\/en\/banks-seine\/impressions-urbaines\/\",\"name\":\"Impressions Urbaines - Impressionist adventures\",\"isPartOf\":{\"@id\":\"https:\/\/voyagesimpressionnistes.com\/en\/#website\"},\"primaryImageOfPage\":{\"@id\":\"https:\/\/voyagesimpressionnistes.com\/en\/banks-seine\/impressions-urbaines\/#primaryimage\"},\"image\":{\"@id\":\"https:\/\/voyagesimpressionnistes.com\/en\/banks-seine\/impressions-urbaines\/#primaryimage\"},\"thumbnailUrl\":\"https:\/\/voyagesimpressionnistes.com\/wp-content\/uploads\/2024\/04\/21890138-diaporama.jpg\",\"datePublished\":\"2024-04-15T09:08:12+00:00\",\"dateModified\":\"2024-07-11T15:31:56+00:00\",\"description\":\"Venez d\u00e9couvrir la 1\u00e8re \u00e9dition de l'exposition d'art contemporain \\\"Impressions Urbaines\\\", \u00e0 l'Atelier, Jardin de l'Abbaye d'Argenteuil.\",\"breadcrumb\":{\"@id\":\"https:\/\/voyagesimpressionnistes.com\/en\/banks-seine\/impressions-urbaines\/#breadcrumb\"},\"inLanguage\":\"en-US\",\"potentialAction\":[{\"@type\":\"ReadAction\",\"target\":[\"https:\/\/voyagesimpressionnistes.com\/en\/banks-seine\/impressions-urbaines\/\"]}]},{\"@type\":\"ImageObject\",\"inLanguage\":\"en-US\",\"@id\":\"https:\/\/voyagesimpressionnistes.com\/en\/banks-seine\/impressions-urbaines\/#primaryimage\",\"url\":\"https:\/\/voyagesimpressionnistes.com\/wp-content\/uploads\/2024\/04\/21890138-diaporama.jpg\",\"contentUrl\":\"https:\/\/voyagesimpressionnistes.com\/wp-content\/uploads\/2024\/04\/21890138-diaporama.jpg\",\"width\":421,\"height\":600,\"caption\":\"Impressions urbaines \u00e0 Argenteuil : affiche\"},{\"@type\":\"BreadcrumbList\",\"@id\":\"https:\/\/voyagesimpressionnistes.com\/en\/banks-seine\/impressions-urbaines\/#breadcrumb\",\"itemListElement\":[{\"@type\":\"ListItem\",\"position\":1,\"name\":\"Along the Banks of the Seine\",\"item\":\"https:\/\/voyagesimpressionnistes.com\/en\/banks-seine\/\"},{\"@type\":\"ListItem\",\"position\":2,\"name\":\"Impressions Urbaines\"}]},{\"@type\":\"WebSite\",\"@id\":\"https:\/\/voyagesimpressionnistes.com\/en\/#website\",\"url\":\"https:\/\/voyagesimpressionnistes.com\/en\/\",\"name\":\"Impressionist adventures\",\"description\":\"Inspiring moments\",\"publisher\":{\"@id\":\"https:\/\/voyagesimpressionnistes.com\/en\/#organization\"},\"potentialAction\":[{\"@type\":\"SearchAction\",\"target\":{\"@type\":\"EntryPoint\",\"urlTemplate\":\"https:\/\/voyagesimpressionnistes.com\/en\/?s={search_term_string}\"},\"query-input\":{\"@type\":\"PropertyValueSpecification\",\"valueRequired\":true,\"valueName\":\"search_term_string\"}}],\"inLanguage\":\"en-US\"},{\"@type\":\"Organization\",\"@id\":\"https:\/\/voyagesimpressionnistes.com\/en\/#organization\",\"name\":\"Voyages Impressionnistes\",\"url\":\"https:\/\/voyagesimpressionnistes.com\/en\/\",\"logo\":{\"@type\":\"ImageObject\",\"inLanguage\":\"en-US\",\"@id\":\"https:\/\/voyagesimpressionnistes.com\/en\/#\/schema\/logo\/image\/\",\"url\":\"https:\/\/voyagesimpressionnistes.com\/wp-content\/uploads\/2021\/06\/vi-logo-507x216-1.svg\",\"contentUrl\":\"https:\/\/voyagesimpressionnistes.com\/wp-content\/uploads\/2021\/06\/vi-logo-507x216-1.svg\",\"width\":507,\"height\":216,\"caption\":\"Voyages Impressionnistes\"},\"image\":{\"@id\":\"https:\/\/voyagesimpressionnistes.com\/en\/#\/schema\/logo\/image\/\"},\"sameAs\":[\"https:\/\/www.facebook.com\/LesVoyagesImpressionnistes\/\"]},{\"@type\":\"Person\",\"@id\":\"https:\/\/voyagesimpressionnistes.com\/en\/#\/schema\/person\/78c37c19aa7ae1bd6f4902f296c80e5f\",\"name\":\"Phane\",\"image\":{\"@type\":\"ImageObject\",\"inLanguage\":\"en-US\",\"@id\":\"https:\/\/voyagesimpressionnistes.com\/en\/#\/schema\/person\/image\/\",\"url\":\"https:\/\/secure.gravatar.com\/avatar\/ea705fa375f21b62a2facac16bc19ee8d664629e3399a374a188d355bc5d00b9?s=96&d=mm&r=g\",\"contentUrl\":\"https:\/\/secure.gravatar.com\/avatar\/ea705fa375f21b62a2facac16bc19ee8d664629e3399a374a188d355bc5d00b9?s=96&d=mm&r=g\",\"caption\":\"Phane\"}}]}<\/script>\n<!-- \/ Yoast SEO plugin. -->","yoast_head_json":{"title":"Impressions Urbaines - Impressionist adventures","description":"Venez d\u00e9couvrir la 1\u00e8re \u00e9dition de l'exposition d'art contemporain \"Impressions Urbaines\", \u00e0 l'Atelier, Jardin de l'Abbaye d'Argenteuil.","robots":{"index":"index","follow":"follow","max-snippet":"max-snippet:-1","max-image-preview":"max-image-preview:large","max-video-preview":"max-video-preview:-1"},"canonical":"https:\/\/voyagesimpressionnistes.com\/en\/banks-seine\/impressions-urbaines\/","og_locale":"en_US","og_type":"article","og_title":"Impressions Urbaines - Impressionist adventures","og_description":"Venez d\u00e9couvrir la 1\u00e8re \u00e9dition de l'exposition d'art contemporain \"Impressions Urbaines\", \u00e0 l'Atelier, Jardin de l'Abbaye d'Argenteuil.","og_url":"https:\/\/voyagesimpressionnistes.com\/en\/banks-seine\/impressions-urbaines\/","og_site_name":"Impressionist adventures","article_publisher":"https:\/\/www.facebook.com\/LesVoyagesImpressionnistes\/","article_published_time":"2024-04-15T09:08:12+00:00","article_modified_time":"2024-07-11T15:31:56+00:00","og_image":[{"width":421,"height":600,"url":"https:\/\/voyagesimpressionnistes.com\/wp-content\/uploads\/2024\/04\/21890138-diaporama.jpg","type":"image\/jpeg"}],"author":"Phane","twitter_card":"summary_large_image","twitter_misc":{"Written by":"Phane","Est. reading time":"4 minutes"},"schema":{"@context":"https:\/\/schema.org","@graph":[{"@type":["Article","BlogPosting"],"@id":"https:\/\/voyagesimpressionnistes.com\/en\/banks-seine\/impressions-urbaines\/#article","isPartOf":{"@id":"https:\/\/voyagesimpressionnistes.com\/en\/banks-seine\/impressions-urbaines\/"},"author":{"name":"Phane","@id":"https:\/\/voyagesimpressionnistes.com\/en\/#\/schema\/person\/78c37c19aa7ae1bd6f4902f296c80e5f"},"headline":"Impressions Urbaines","datePublished":"2024-04-15T09:08:12+00:00","dateModified":"2024-07-11T15:31:56+00:00","mainEntityOfPage":{"@id":"https:\/\/voyagesimpressionnistes.com\/en\/banks-seine\/impressions-urbaines\/"},"wordCount":883,"publisher":{"@id":"https:\/\/voyagesimpressionnistes.com\/en\/#organization"},"image":{"@id":"https:\/\/voyagesimpressionnistes.com\/en\/banks-seine\/impressions-urbaines\/#primaryimage"},"thumbnailUrl":"https:\/\/voyagesimpressionnistes.com\/wp-content\/uploads\/2024\/04\/21890138-diaporama.jpg","keywords":["Diary"],"articleSection":["Along the Banks of the Seine"],"inLanguage":"en-US"},{"@type":"WebPage","@id":"https:\/\/voyagesimpressionnistes.com\/en\/banks-seine\/impressions-urbaines\/","url":"https:\/\/voyagesimpressionnistes.com\/en\/banks-seine\/impressions-urbaines\/","name":"Impressions Urbaines - Impressionist adventures","isPartOf":{"@id":"https:\/\/voyagesimpressionnistes.com\/en\/#website"},"primaryImageOfPage":{"@id":"https:\/\/voyagesimpressionnistes.com\/en\/banks-seine\/impressions-urbaines\/#primaryimage"},"image":{"@id":"https:\/\/voyagesimpressionnistes.com\/en\/banks-seine\/impressions-urbaines\/#primaryimage"},"thumbnailUrl":"https:\/\/voyagesimpressionnistes.com\/wp-content\/uploads\/2024\/04\/21890138-diaporama.jpg","datePublished":"2024-04-15T09:08:12+00:00","dateModified":"2024-07-11T15:31:56+00:00","description":"Venez d\u00e9couvrir la 1\u00e8re \u00e9dition de l'exposition d'art contemporain \"Impressions Urbaines\", \u00e0 l'Atelier, Jardin de l'Abbaye d'Argenteuil.","breadcrumb":{"@id":"https:\/\/voyagesimpressionnistes.com\/en\/banks-seine\/impressions-urbaines\/#breadcrumb"},"inLanguage":"en-US","potentialAction":[{"@type":"ReadAction","target":["https:\/\/voyagesimpressionnistes.com\/en\/banks-seine\/impressions-urbaines\/"]}]},{"@type":"ImageObject","inLanguage":"en-US","@id":"https:\/\/voyagesimpressionnistes.com\/en\/banks-seine\/impressions-urbaines\/#primaryimage","url":"https:\/\/voyagesimpressionnistes.com\/wp-content\/uploads\/2024\/04\/21890138-diaporama.jpg","contentUrl":"https:\/\/voyagesimpressionnistes.com\/wp-content\/uploads\/2024\/04\/21890138-diaporama.jpg","width":421,"height":600,"caption":"Impressions urbaines \u00e0 Argenteuil : affiche"},{"@type":"BreadcrumbList","@id":"https:\/\/voyagesimpressionnistes.com\/en\/banks-seine\/impressions-urbaines\/#breadcrumb","itemListElement":[{"@type":"ListItem","position":1,"name":"Along the Banks of the Seine","item":"https:\/\/voyagesimpressionnistes.com\/en\/banks-seine\/"},{"@type":"ListItem","position":2,"name":"Impressions Urbaines"}]},{"@type":"WebSite","@id":"https:\/\/voyagesimpressionnistes.com\/en\/#website","url":"https:\/\/voyagesimpressionnistes.com\/en\/","name":"Impressionist adventures","description":"Inspiring moments","publisher":{"@id":"https:\/\/voyagesimpressionnistes.com\/en\/#organization"},"potentialAction":[{"@type":"SearchAction","target":{"@type":"EntryPoint","urlTemplate":"https:\/\/voyagesimpressionnistes.com\/en\/?s={search_term_string}"},"query-input":{"@type":"PropertyValueSpecification","valueRequired":true,"valueName":"search_term_string"}}],"inLanguage":"en-US"},{"@type":"Organization","@id":"https:\/\/voyagesimpressionnistes.com\/en\/#organization","name":"Voyages Impressionnistes","url":"https:\/\/voyagesimpressionnistes.com\/en\/","logo":{"@type":"ImageObject","inLanguage":"en-US","@id":"https:\/\/voyagesimpressionnistes.com\/en\/#\/schema\/logo\/image\/","url":"https:\/\/voyagesimpressionnistes.com\/wp-content\/uploads\/2021\/06\/vi-logo-507x216-1.svg","contentUrl":"https:\/\/voyagesimpressionnistes.com\/wp-content\/uploads\/2021\/06\/vi-logo-507x216-1.svg","width":507,"height":216,"caption":"Voyages Impressionnistes"},"image":{"@id":"https:\/\/voyagesimpressionnistes.com\/en\/#\/schema\/logo\/image\/"},"sameAs":["https:\/\/www.facebook.com\/LesVoyagesImpressionnistes\/"]},{"@type":"Person","@id":"https:\/\/voyagesimpressionnistes.com\/en\/#\/schema\/person\/78c37c19aa7ae1bd6f4902f296c80e5f","name":"Phane","image":{"@type":"ImageObject","inLanguage":"en-US","@id":"https:\/\/voyagesimpressionnistes.com\/en\/#\/schema\/person\/image\/","url":"https:\/\/secure.gravatar.com\/avatar\/ea705fa375f21b62a2facac16bc19ee8d664629e3399a374a188d355bc5d00b9?s=96&d=mm&r=g","contentUrl":"https:\/\/secure.gravatar.com\/avatar\/ea705fa375f21b62a2facac16bc19ee8d664629e3399a374a188d355bc5d00b9?s=96&d=mm&r=g","caption":"Phane"}}]}},"jetpack_featured_media_url":"https:\/\/voyagesimpressionnistes.com\/wp-content\/uploads\/2024\/04\/21890138-diaporama.jpg","jetpack_sharing_enabled":true,"_links":{"self":[{"href":"https:\/\/voyagesimpressionnistes.com\/en\/wp-json\/wp\/v2\/posts\/9313","targetHints":{"allow":["GET"]}}],"collection":[{"href":"https:\/\/voyagesimpressionnistes.com\/en\/wp-json\/wp\/v2\/posts"}],"about":[{"href":"https:\/\/voyagesimpressionnistes.com\/en\/wp-json\/wp\/v2\/types\/post"}],"author":[{"embeddable":true,"href":"https:\/\/voyagesimpressionnistes.com\/en\/wp-json\/wp\/v2\/users\/2"}],"replies":[{"embeddable":true,"href":"https:\/\/voyagesimpressionnistes.com\/en\/wp-json\/wp\/v2\/comments?post=9313"}],"version-history":[{"count":14,"href":"https:\/\/voyagesimpressionnistes.com\/en\/wp-json\/wp\/v2\/posts\/9313\/revisions"}],"predecessor-version":[{"id":11784,"href":"https:\/\/voyagesimpressionnistes.com\/en\/wp-json\/wp\/v2\/posts\/9313\/revisions\/11784"}],"wp:featuredmedia":[{"embeddable":true,"href":"https:\/\/voyagesimpressionnistes.com\/en\/wp-json\/wp\/v2\/media\/9312"}],"wp:attachment":[{"href":"https:\/\/voyagesimpressionnistes.com\/en\/wp-json\/wp\/v2\/media?parent=9313"}],"wp:term":[{"taxonomy":"category","embeddable":true,"href":"https:\/\/voyagesimpressionnistes.com\/en\/wp-json\/wp\/v2\/categories?post=9313"},{"taxonomy":"slider_une","embeddable":true,"href":"https:\/\/voyagesimpressionnistes.com\/en\/wp-json\/wp\/v2\/slider_une?post=9313"},{"taxonomy":"regions","embeddable":true,"href":"https:\/\/voyagesimpressionnistes.com\/en\/wp-json\/wp\/v2\/regions?post=9313"},{"taxonomy":"coups_coeur","embeddable":true,"href":"https:\/\/voyagesimpressionnistes.com\/en\/wp-json\/wp\/v2\/coups_coeur?post=9313"},{"taxonomy":"inspiration-type","embeddable":true,"href":"https:\/\/voyagesimpressionnistes.com\/en\/wp-json\/wp\/v2\/inspiration-type?post=9313"},{"taxonomy":"label","embeddable":true,"href":"https:\/\/voyagesimpressionnistes.com\/en\/wp-json\/wp\/v2\/label?post=9313"},{"taxonomy":"categories-agenda","embeddable":true,"href":"https:\/\/voyagesimpressionnistes.com\/en\/wp-json\/wp\/v2\/categories-agenda?post=9313"}],"curies":[{"name":"wp","href":"https:\/\/api.w.org\/{rel}","templated":true}]}}