{"id":9508,"date":"2024-05-11T15:33:30","date_gmt":"2024-05-11T13:33:30","guid":{"rendered":"https:\/\/voyagesimpressionnistes.com\/?p=9508"},"modified":"2024-11-28T14:51:03","modified_gmt":"2024-11-28T13:51:03","slug":"la-peinture-de-paysage-en-seine-et-marne-au-temps-des-impressionnistes","status":"publish","type":"post","link":"https:\/\/voyagesimpressionnistes.com\/en\/barbizon-yerres\/la-peinture-de-paysage-en-seine-et-marne-au-temps-des-impressionnistes\/","title":{"rendered":"La peinture de paysage en Seine-et-Marne au temps des Impressionnistes"},"content":{"rendered":"<p>La Seine-et-Marne a inspir\u00e9 de nombreux peintres au 19<sup>\u00e8me<\/sup> si\u00e8cle. Elle a \u00e9t\u00e9 le foyer de la naissance de l&#8217;Impressionnisme \u00e0 Barbizon et ses territoires ont alors donn\u00e9 leur nom \u00e0 plusieurs \u00e9coles de peinture, une histoire pr\u00e9sent\u00e9e du 18 mai au 22 septembre 2024 dans l&#8217;exposition <em>La peinture de paysage en Seine-et-Marne au temps des Impressionnistes<\/em>.<\/p>\n<p>En cette ann\u00e9e de c\u00e9l\u00e9bration des <a href=\"https:\/\/voyagesimpressionnistes.com\/en\/barbizon-yerres\/150-ans-de-limpressionnisme-de-barbizon-a-yerres-en-passant-par-moret-sur-loing\/\">150 ans de l&#8217;Impressionnisme<\/a>, le mus\u00e9e Bossuet \u00e0 Meaux expose une peinture de paysages qui s&#8217;inscrit plut\u00f4t dans une tradition acad\u00e9mique mais qui est travers\u00e9e, elle-aussi, par la modernit\u00e9 apport\u00e9e d&#8217;abord par les peintres de l&#8217;\u00e9cole de Barbizon, puis par les Impressionnistes : peinture sur le motif, travail sur la lumi\u00e8re et ses atmosph\u00e8res, explorations de nouvelles techniques picturales.<\/p>\n<p>\u00c0 travers une centaine d&#8217;\u0153uvres cr\u00e9\u00e9es dans cette deuxi\u00e8me moiti\u00e9 du 19<sup>\u00e8me<\/sup> si\u00e8cle et mettant en lumi\u00e8re plus particuli\u00e8rement une peinture des paysages nord seine-et-marnais, l&#8217;exposition est une invitation \u00e0 la d\u00e9couverte ou la red\u00e9couverte des foyers artistiques de Barbizon, de la vall\u00e9e du Morin, des bords de Marne \u00e0 Lagny ou encore \u00e0 Luzancy.<\/p>\n<p>Le 8 juin \u00e0 15h, une visite guid\u00e9e par Laura L\u00e8ze, commissaire d&#8217;exposition et les pr\u00eateurs d&#8217;\u0153uvres pr\u00e9sent\u00e9es dans l\u2019exposition est propos\u00e9e. Compos\u00e9e \u00e0 plusieurs voix, elle apporte un regard crois\u00e9 sur l&#8217;ensemble des \u0153uvres expos\u00e9es. Un moment unique pour d\u00e9couvrir en d\u00e9tail une s\u00e9lection de tableaux, de leur r\u00e9alisation \u00e0 leur provenance.<\/p>\n<p>Les dimanche 19 mai, samedi 6 juillet et dimanche 25 ao\u00fbt 2024 \u00e0 15h, une visite guid\u00e9e est propos\u00e9e : en compagnie d&#8217;une guide-conf\u00e9renci\u00e8re, venez arpenter ces paysages peints par des artistes locaux, adeptes de la peinture en plein air. Une agr\u00e9able promenade picturale !<\/p>\n","protected":false},"excerpt":{"rendered":"<p>La Seine-et-Marne a inspir\u00e9 de nombreux peintres au 19\u00e8me si\u00e8cle.  [&#8230;]<\/p>\n","protected":false},"author":2,"featured_media":10914,"comment_status":"closed","ping_status":"closed","sticky":false,"template":"","format":"standard","meta":{"_acf_changed":false,"inline_featured_image":false,"_jetpack_memberships_contains_paid_content":false,"footnotes":""},"categories":[81],"slider_une":[],"regions":[132],"coups_coeur":[],"inspiration-type":[],"label":[141],"categories-agenda":[172],"class_list":["post-9508","post","type-post","status-publish","format-standard","has-post-thumbnail","hentry","category-barbizon-yerres","tag-diary","regions-idf-en","label-150-years","categories-agenda-exhibition"],"acf":[],"yoast_head":"<!-- This site is optimized with the Yoast SEO plugin v26.3 - https:\/\/yoast.com\/wordpress\/plugins\/seo\/ -->\n<title>Impressionnistes en Seine et Marne - Impressionist adventures<\/title>\n<meta name=\"description\" content=\"D\u00e9couvrez l&#039;exposition &quot;La peinture de paysage en Seine-et-Marne au temps des Impressionnistes&quot; \u00e0 Meaux pour les 150 ans de l&#039;Impressionnisme\" \/>\n<meta name=\"robots\" content=\"index, follow, max-snippet:-1, max-image-preview:large, max-video-preview:-1\" \/>\n<link rel=\"canonical\" href=\"https:\/\/voyagesimpressionnistes.com\/en\/barbizon-yerres\/la-peinture-de-paysage-en-seine-et-marne-au-temps-des-impressionnistes\/\" \/>\n<meta property=\"og:locale\" content=\"en_US\" \/>\n<meta property=\"og:type\" content=\"article\" \/>\n<meta property=\"og:title\" content=\"Impressionnistes en Seine et Marne - Impressionist adventures\" \/>\n<meta property=\"og:description\" content=\"D\u00e9couvrez l&#039;exposition &quot;La peinture de paysage en Seine-et-Marne au temps des Impressionnistes&quot; \u00e0 Meaux pour les 150 ans de l&#039;Impressionnisme\" \/>\n<meta property=\"og:url\" content=\"https:\/\/voyagesimpressionnistes.com\/en\/barbizon-yerres\/la-peinture-de-paysage-en-seine-et-marne-au-temps-des-impressionnistes\/\" \/>\n<meta property=\"og:site_name\" content=\"Impressionist adventures\" \/>\n<meta property=\"article:publisher\" content=\"https:\/\/www.facebook.com\/LesVoyagesImpressionnistes\/\" \/>\n<meta property=\"article:published_time\" content=\"2024-05-11T13:33:30+00:00\" \/>\n<meta property=\"article:modified_time\" content=\"2024-11-28T13:51:03+00:00\" \/>\n<meta property=\"og:image\" content=\"https:\/\/voyagesimpressionnistes.com\/wp-content\/uploads\/2024\/05\/affiche-peinture-de-paysage-seine-et-marne.jpg\" \/>\n\t<meta property=\"og:image:width\" content=\"634\" \/>\n\t<meta property=\"og:image:height\" content=\"951\" \/>\n\t<meta property=\"og:image:type\" content=\"image\/jpeg\" \/>\n<meta name=\"author\" content=\"Phane\" \/>\n<meta name=\"twitter:card\" content=\"summary_large_image\" \/>\n<meta name=\"twitter:label1\" content=\"Written by\" \/>\n\t<meta name=\"twitter:data1\" content=\"Phane\" \/>\n\t<meta name=\"twitter:label2\" content=\"Est. reading time\" \/>\n\t<meta name=\"twitter:data2\" content=\"1 minute\" \/>\n<script type=\"application\/ld+json\" class=\"yoast-schema-graph\">{\"@context\":\"https:\/\/schema.org\",\"@graph\":[{\"@type\":[\"Article\",\"BlogPosting\"],\"@id\":\"https:\/\/voyagesimpressionnistes.com\/en\/barbizon-yerres\/la-peinture-de-paysage-en-seine-et-marne-au-temps-des-impressionnistes\/#article\",\"isPartOf\":{\"@id\":\"https:\/\/voyagesimpressionnistes.com\/en\/barbizon-yerres\/la-peinture-de-paysage-en-seine-et-marne-au-temps-des-impressionnistes\/\"},\"author\":{\"name\":\"Phane\",\"@id\":\"https:\/\/voyagesimpressionnistes.com\/en\/#\/schema\/person\/78c37c19aa7ae1bd6f4902f296c80e5f\"},\"headline\":\"La peinture de paysage en Seine-et-Marne au temps des Impressionnistes\",\"datePublished\":\"2024-05-11T13:33:30+00:00\",\"dateModified\":\"2024-11-28T13:51:03+00:00\",\"mainEntityOfPage\":{\"@id\":\"https:\/\/voyagesimpressionnistes.com\/en\/barbizon-yerres\/la-peinture-de-paysage-en-seine-et-marne-au-temps-des-impressionnistes\/\"},\"wordCount\":314,\"publisher\":{\"@id\":\"https:\/\/voyagesimpressionnistes.com\/en\/#organization\"},\"image\":{\"@id\":\"https:\/\/voyagesimpressionnistes.com\/en\/barbizon-yerres\/la-peinture-de-paysage-en-seine-et-marne-au-temps-des-impressionnistes\/#primaryimage\"},\"thumbnailUrl\":\"https:\/\/voyagesimpressionnistes.com\/wp-content\/uploads\/2024\/05\/affiche-peinture-de-paysage-seine-et-marne.jpg\",\"keywords\":[\"Diary\"],\"articleSection\":[\"Barbizon, its surrounds &amp; Yerres\"],\"inLanguage\":\"en-US\"},{\"@type\":\"WebPage\",\"@id\":\"https:\/\/voyagesimpressionnistes.com\/en\/barbizon-yerres\/la-peinture-de-paysage-en-seine-et-marne-au-temps-des-impressionnistes\/\",\"url\":\"https:\/\/voyagesimpressionnistes.com\/en\/barbizon-yerres\/la-peinture-de-paysage-en-seine-et-marne-au-temps-des-impressionnistes\/\",\"name\":\"Impressionnistes en Seine et Marne - Impressionist adventures\",\"isPartOf\":{\"@id\":\"https:\/\/voyagesimpressionnistes.com\/en\/#website\"},\"primaryImageOfPage\":{\"@id\":\"https:\/\/voyagesimpressionnistes.com\/en\/barbizon-yerres\/la-peinture-de-paysage-en-seine-et-marne-au-temps-des-impressionnistes\/#primaryimage\"},\"image\":{\"@id\":\"https:\/\/voyagesimpressionnistes.com\/en\/barbizon-yerres\/la-peinture-de-paysage-en-seine-et-marne-au-temps-des-impressionnistes\/#primaryimage\"},\"thumbnailUrl\":\"https:\/\/voyagesimpressionnistes.com\/wp-content\/uploads\/2024\/05\/affiche-peinture-de-paysage-seine-et-marne.jpg\",\"datePublished\":\"2024-05-11T13:33:30+00:00\",\"dateModified\":\"2024-11-28T13:51:03+00:00\",\"description\":\"D\u00e9couvrez l'exposition \\\"La peinture de paysage en Seine-et-Marne au temps des Impressionnistes\\\" \u00e0 Meaux pour les 150 ans de l'Impressionnisme\",\"breadcrumb\":{\"@id\":\"https:\/\/voyagesimpressionnistes.com\/en\/barbizon-yerres\/la-peinture-de-paysage-en-seine-et-marne-au-temps-des-impressionnistes\/#breadcrumb\"},\"inLanguage\":\"en-US\",\"potentialAction\":[{\"@type\":\"ReadAction\",\"target\":[\"https:\/\/voyagesimpressionnistes.com\/en\/barbizon-yerres\/la-peinture-de-paysage-en-seine-et-marne-au-temps-des-impressionnistes\/\"]}]},{\"@type\":\"ImageObject\",\"inLanguage\":\"en-US\",\"@id\":\"https:\/\/voyagesimpressionnistes.com\/en\/barbizon-yerres\/la-peinture-de-paysage-en-seine-et-marne-au-temps-des-impressionnistes\/#primaryimage\",\"url\":\"https:\/\/voyagesimpressionnistes.com\/wp-content\/uploads\/2024\/05\/affiche-peinture-de-paysage-seine-et-marne.jpg\",\"contentUrl\":\"https:\/\/voyagesimpressionnistes.com\/wp-content\/uploads\/2024\/05\/affiche-peinture-de-paysage-seine-et-marne.jpg\",\"width\":634,\"height\":951,\"caption\":\"La peinture de paysage en Seine-et-Marne au temps des Impressionnistes : affiche de l'exposition\"},{\"@type\":\"BreadcrumbList\",\"@id\":\"https:\/\/voyagesimpressionnistes.com\/en\/barbizon-yerres\/la-peinture-de-paysage-en-seine-et-marne-au-temps-des-impressionnistes\/#breadcrumb\",\"itemListElement\":[{\"@type\":\"ListItem\",\"position\":1,\"name\":\"Barbizon, its surrounds &amp; Yerres\",\"item\":\"https:\/\/voyagesimpressionnistes.com\/en\/barbizon-yerres\/\"},{\"@type\":\"ListItem\",\"position\":2,\"name\":\"La peinture de paysage en Seine-et-Marne au temps des Impressionnistes\"}]},{\"@type\":\"WebSite\",\"@id\":\"https:\/\/voyagesimpressionnistes.com\/en\/#website\",\"url\":\"https:\/\/voyagesimpressionnistes.com\/en\/\",\"name\":\"Impressionist adventures\",\"description\":\"Inspiring moments\",\"publisher\":{\"@id\":\"https:\/\/voyagesimpressionnistes.com\/en\/#organization\"},\"potentialAction\":[{\"@type\":\"SearchAction\",\"target\":{\"@type\":\"EntryPoint\",\"urlTemplate\":\"https:\/\/voyagesimpressionnistes.com\/en\/?s={search_term_string}\"},\"query-input\":{\"@type\":\"PropertyValueSpecification\",\"valueRequired\":true,\"valueName\":\"search_term_string\"}}],\"inLanguage\":\"en-US\"},{\"@type\":\"Organization\",\"@id\":\"https:\/\/voyagesimpressionnistes.com\/en\/#organization\",\"name\":\"Voyages Impressionnistes\",\"url\":\"https:\/\/voyagesimpressionnistes.com\/en\/\",\"logo\":{\"@type\":\"ImageObject\",\"inLanguage\":\"en-US\",\"@id\":\"https:\/\/voyagesimpressionnistes.com\/en\/#\/schema\/logo\/image\/\",\"url\":\"https:\/\/voyagesimpressionnistes.com\/wp-content\/uploads\/2021\/06\/vi-logo-507x216-1.svg\",\"contentUrl\":\"https:\/\/voyagesimpressionnistes.com\/wp-content\/uploads\/2021\/06\/vi-logo-507x216-1.svg\",\"width\":507,\"height\":216,\"caption\":\"Voyages Impressionnistes\"},\"image\":{\"@id\":\"https:\/\/voyagesimpressionnistes.com\/en\/#\/schema\/logo\/image\/\"},\"sameAs\":[\"https:\/\/www.facebook.com\/LesVoyagesImpressionnistes\/\"]},{\"@type\":\"Person\",\"@id\":\"https:\/\/voyagesimpressionnistes.com\/en\/#\/schema\/person\/78c37c19aa7ae1bd6f4902f296c80e5f\",\"name\":\"Phane\",\"image\":{\"@type\":\"ImageObject\",\"inLanguage\":\"en-US\",\"@id\":\"https:\/\/voyagesimpressionnistes.com\/en\/#\/schema\/person\/image\/\",\"url\":\"https:\/\/secure.gravatar.com\/avatar\/ea705fa375f21b62a2facac16bc19ee8d664629e3399a374a188d355bc5d00b9?s=96&d=mm&r=g\",\"contentUrl\":\"https:\/\/secure.gravatar.com\/avatar\/ea705fa375f21b62a2facac16bc19ee8d664629e3399a374a188d355bc5d00b9?s=96&d=mm&r=g\",\"caption\":\"Phane\"}}]}<\/script>\n<!-- \/ Yoast SEO plugin. -->","yoast_head_json":{"title":"Impressionnistes en Seine et Marne - Impressionist adventures","description":"D\u00e9couvrez l'exposition \"La peinture de paysage en Seine-et-Marne au temps des Impressionnistes\" \u00e0 Meaux pour les 150 ans de l'Impressionnisme","robots":{"index":"index","follow":"follow","max-snippet":"max-snippet:-1","max-image-preview":"max-image-preview:large","max-video-preview":"max-video-preview:-1"},"canonical":"https:\/\/voyagesimpressionnistes.com\/en\/barbizon-yerres\/la-peinture-de-paysage-en-seine-et-marne-au-temps-des-impressionnistes\/","og_locale":"en_US","og_type":"article","og_title":"Impressionnistes en Seine et Marne - Impressionist adventures","og_description":"D\u00e9couvrez l'exposition \"La peinture de paysage en Seine-et-Marne au temps des Impressionnistes\" \u00e0 Meaux pour les 150 ans de l'Impressionnisme","og_url":"https:\/\/voyagesimpressionnistes.com\/en\/barbizon-yerres\/la-peinture-de-paysage-en-seine-et-marne-au-temps-des-impressionnistes\/","og_site_name":"Impressionist adventures","article_publisher":"https:\/\/www.facebook.com\/LesVoyagesImpressionnistes\/","article_published_time":"2024-05-11T13:33:30+00:00","article_modified_time":"2024-11-28T13:51:03+00:00","og_image":[{"width":634,"height":951,"url":"https:\/\/voyagesimpressionnistes.com\/wp-content\/uploads\/2024\/05\/affiche-peinture-de-paysage-seine-et-marne.jpg","type":"image\/jpeg"}],"author":"Phane","twitter_card":"summary_large_image","twitter_misc":{"Written by":"Phane","Est. reading time":"1 minute"},"schema":{"@context":"https:\/\/schema.org","@graph":[{"@type":["Article","BlogPosting"],"@id":"https:\/\/voyagesimpressionnistes.com\/en\/barbizon-yerres\/la-peinture-de-paysage-en-seine-et-marne-au-temps-des-impressionnistes\/#article","isPartOf":{"@id":"https:\/\/voyagesimpressionnistes.com\/en\/barbizon-yerres\/la-peinture-de-paysage-en-seine-et-marne-au-temps-des-impressionnistes\/"},"author":{"name":"Phane","@id":"https:\/\/voyagesimpressionnistes.com\/en\/#\/schema\/person\/78c37c19aa7ae1bd6f4902f296c80e5f"},"headline":"La peinture de paysage en Seine-et-Marne au temps des Impressionnistes","datePublished":"2024-05-11T13:33:30+00:00","dateModified":"2024-11-28T13:51:03+00:00","mainEntityOfPage":{"@id":"https:\/\/voyagesimpressionnistes.com\/en\/barbizon-yerres\/la-peinture-de-paysage-en-seine-et-marne-au-temps-des-impressionnistes\/"},"wordCount":314,"publisher":{"@id":"https:\/\/voyagesimpressionnistes.com\/en\/#organization"},"image":{"@id":"https:\/\/voyagesimpressionnistes.com\/en\/barbizon-yerres\/la-peinture-de-paysage-en-seine-et-marne-au-temps-des-impressionnistes\/#primaryimage"},"thumbnailUrl":"https:\/\/voyagesimpressionnistes.com\/wp-content\/uploads\/2024\/05\/affiche-peinture-de-paysage-seine-et-marne.jpg","keywords":["Diary"],"articleSection":["Barbizon, its surrounds &amp; Yerres"],"inLanguage":"en-US"},{"@type":"WebPage","@id":"https:\/\/voyagesimpressionnistes.com\/en\/barbizon-yerres\/la-peinture-de-paysage-en-seine-et-marne-au-temps-des-impressionnistes\/","url":"https:\/\/voyagesimpressionnistes.com\/en\/barbizon-yerres\/la-peinture-de-paysage-en-seine-et-marne-au-temps-des-impressionnistes\/","name":"Impressionnistes en Seine et Marne - Impressionist adventures","isPartOf":{"@id":"https:\/\/voyagesimpressionnistes.com\/en\/#website"},"primaryImageOfPage":{"@id":"https:\/\/voyagesimpressionnistes.com\/en\/barbizon-yerres\/la-peinture-de-paysage-en-seine-et-marne-au-temps-des-impressionnistes\/#primaryimage"},"image":{"@id":"https:\/\/voyagesimpressionnistes.com\/en\/barbizon-yerres\/la-peinture-de-paysage-en-seine-et-marne-au-temps-des-impressionnistes\/#primaryimage"},"thumbnailUrl":"https:\/\/voyagesimpressionnistes.com\/wp-content\/uploads\/2024\/05\/affiche-peinture-de-paysage-seine-et-marne.jpg","datePublished":"2024-05-11T13:33:30+00:00","dateModified":"2024-11-28T13:51:03+00:00","description":"D\u00e9couvrez l'exposition \"La peinture de paysage en Seine-et-Marne au temps des Impressionnistes\" \u00e0 Meaux pour les 150 ans de l'Impressionnisme","breadcrumb":{"@id":"https:\/\/voyagesimpressionnistes.com\/en\/barbizon-yerres\/la-peinture-de-paysage-en-seine-et-marne-au-temps-des-impressionnistes\/#breadcrumb"},"inLanguage":"en-US","potentialAction":[{"@type":"ReadAction","target":["https:\/\/voyagesimpressionnistes.com\/en\/barbizon-yerres\/la-peinture-de-paysage-en-seine-et-marne-au-temps-des-impressionnistes\/"]}]},{"@type":"ImageObject","inLanguage":"en-US","@id":"https:\/\/voyagesimpressionnistes.com\/en\/barbizon-yerres\/la-peinture-de-paysage-en-seine-et-marne-au-temps-des-impressionnistes\/#primaryimage","url":"https:\/\/voyagesimpressionnistes.com\/wp-content\/uploads\/2024\/05\/affiche-peinture-de-paysage-seine-et-marne.jpg","contentUrl":"https:\/\/voyagesimpressionnistes.com\/wp-content\/uploads\/2024\/05\/affiche-peinture-de-paysage-seine-et-marne.jpg","width":634,"height":951,"caption":"La peinture de paysage en Seine-et-Marne au temps des Impressionnistes : affiche de l'exposition"},{"@type":"BreadcrumbList","@id":"https:\/\/voyagesimpressionnistes.com\/en\/barbizon-yerres\/la-peinture-de-paysage-en-seine-et-marne-au-temps-des-impressionnistes\/#breadcrumb","itemListElement":[{"@type":"ListItem","position":1,"name":"Barbizon, its surrounds &amp; Yerres","item":"https:\/\/voyagesimpressionnistes.com\/en\/barbizon-yerres\/"},{"@type":"ListItem","position":2,"name":"La peinture de paysage en Seine-et-Marne au temps des Impressionnistes"}]},{"@type":"WebSite","@id":"https:\/\/voyagesimpressionnistes.com\/en\/#website","url":"https:\/\/voyagesimpressionnistes.com\/en\/","name":"Impressionist adventures","description":"Inspiring moments","publisher":{"@id":"https:\/\/voyagesimpressionnistes.com\/en\/#organization"},"potentialAction":[{"@type":"SearchAction","target":{"@type":"EntryPoint","urlTemplate":"https:\/\/voyagesimpressionnistes.com\/en\/?s={search_term_string}"},"query-input":{"@type":"PropertyValueSpecification","valueRequired":true,"valueName":"search_term_string"}}],"inLanguage":"en-US"},{"@type":"Organization","@id":"https:\/\/voyagesimpressionnistes.com\/en\/#organization","name":"Voyages Impressionnistes","url":"https:\/\/voyagesimpressionnistes.com\/en\/","logo":{"@type":"ImageObject","inLanguage":"en-US","@id":"https:\/\/voyagesimpressionnistes.com\/en\/#\/schema\/logo\/image\/","url":"https:\/\/voyagesimpressionnistes.com\/wp-content\/uploads\/2021\/06\/vi-logo-507x216-1.svg","contentUrl":"https:\/\/voyagesimpressionnistes.com\/wp-content\/uploads\/2021\/06\/vi-logo-507x216-1.svg","width":507,"height":216,"caption":"Voyages Impressionnistes"},"image":{"@id":"https:\/\/voyagesimpressionnistes.com\/en\/#\/schema\/logo\/image\/"},"sameAs":["https:\/\/www.facebook.com\/LesVoyagesImpressionnistes\/"]},{"@type":"Person","@id":"https:\/\/voyagesimpressionnistes.com\/en\/#\/schema\/person\/78c37c19aa7ae1bd6f4902f296c80e5f","name":"Phane","image":{"@type":"ImageObject","inLanguage":"en-US","@id":"https:\/\/voyagesimpressionnistes.com\/en\/#\/schema\/person\/image\/","url":"https:\/\/secure.gravatar.com\/avatar\/ea705fa375f21b62a2facac16bc19ee8d664629e3399a374a188d355bc5d00b9?s=96&d=mm&r=g","contentUrl":"https:\/\/secure.gravatar.com\/avatar\/ea705fa375f21b62a2facac16bc19ee8d664629e3399a374a188d355bc5d00b9?s=96&d=mm&r=g","caption":"Phane"}}]}},"jetpack_featured_media_url":"https:\/\/voyagesimpressionnistes.com\/wp-content\/uploads\/2024\/05\/affiche-peinture-de-paysage-seine-et-marne.jpg","jetpack_sharing_enabled":true,"_links":{"self":[{"href":"https:\/\/voyagesimpressionnistes.com\/en\/wp-json\/wp\/v2\/posts\/9508","targetHints":{"allow":["GET"]}}],"collection":[{"href":"https:\/\/voyagesimpressionnistes.com\/en\/wp-json\/wp\/v2\/posts"}],"about":[{"href":"https:\/\/voyagesimpressionnistes.com\/en\/wp-json\/wp\/v2\/types\/post"}],"author":[{"embeddable":true,"href":"https:\/\/voyagesimpressionnistes.com\/en\/wp-json\/wp\/v2\/users\/2"}],"replies":[{"embeddable":true,"href":"https:\/\/voyagesimpressionnistes.com\/en\/wp-json\/wp\/v2\/comments?post=9508"}],"version-history":[{"count":8,"href":"https:\/\/voyagesimpressionnistes.com\/en\/wp-json\/wp\/v2\/posts\/9508\/revisions"}],"predecessor-version":[{"id":13577,"href":"https:\/\/voyagesimpressionnistes.com\/en\/wp-json\/wp\/v2\/posts\/9508\/revisions\/13577"}],"wp:featuredmedia":[{"embeddable":true,"href":"https:\/\/voyagesimpressionnistes.com\/en\/wp-json\/wp\/v2\/media\/10914"}],"wp:attachment":[{"href":"https:\/\/voyagesimpressionnistes.com\/en\/wp-json\/wp\/v2\/media?parent=9508"}],"wp:term":[{"taxonomy":"category","embeddable":true,"href":"https:\/\/voyagesimpressionnistes.com\/en\/wp-json\/wp\/v2\/categories?post=9508"},{"taxonomy":"slider_une","embeddable":true,"href":"https:\/\/voyagesimpressionnistes.com\/en\/wp-json\/wp\/v2\/slider_une?post=9508"},{"taxonomy":"regions","embeddable":true,"href":"https:\/\/voyagesimpressionnistes.com\/en\/wp-json\/wp\/v2\/regions?post=9508"},{"taxonomy":"coups_coeur","embeddable":true,"href":"https:\/\/voyagesimpressionnistes.com\/en\/wp-json\/wp\/v2\/coups_coeur?post=9508"},{"taxonomy":"inspiration-type","embeddable":true,"href":"https:\/\/voyagesimpressionnistes.com\/en\/wp-json\/wp\/v2\/inspiration-type?post=9508"},{"taxonomy":"label","embeddable":true,"href":"https:\/\/voyagesimpressionnistes.com\/en\/wp-json\/wp\/v2\/label?post=9508"},{"taxonomy":"categories-agenda","embeddable":true,"href":"https:\/\/voyagesimpressionnistes.com\/en\/wp-json\/wp\/v2\/categories-agenda?post=9508"}],"curies":[{"name":"wp","href":"https:\/\/api.w.org\/{rel}","templated":true}]}}