{"id":9574,"date":"2024-06-19T10:28:19","date_gmt":"2024-06-19T08:28:19","guid":{"rendered":"https:\/\/voyagesimpressionnistes.com\/?p=9574"},"modified":"2024-06-19T10:28:19","modified_gmt":"2024-06-19T08:28:19","slug":"hommage-impressionnisme-voyage-artistique-aux-theatres-val-yerres","status":"publish","type":"post","link":"https:\/\/voyagesimpressionnistes.com\/en\/barbizon-yerres\/hommage-impressionnisme-voyage-artistique-aux-theatres-val-yerres\/","title":{"rendered":"Hommage \u00e0 l&#8217;Impressionnisme : Voyage Artistique aux Th\u00e9\u00e2tres du Val d&#8217;Yerres"},"content":{"rendered":"<p>Dans le cadre de la programmation li\u00e9e aux <a href=\"https:\/\/voyagesimpressionnistes.com\/en\/barbizon-yerres\/150-ans-de-limpressionnisme-de-barbizon-a-yerres-en-passant-par-moret-sur-loing\/\">150 ans de la naissance de l&#8217;Impressionnisme<\/a>, la classe option art du coll\u00e8ge Albert Camus de Brunoy a cr\u00e9\u00e9 <em>Hommage \u00e0 l&#8217;Impressionnisme : Voyage Artistique aux Th\u00e9\u00e2tres du Val d&#8217;Yerres<\/em>.<\/p>\n<p>Cette exposition captivante met en lumi\u00e8re des photographies saisissantes, capturant avec finesse les changements temporels qui ont fa\u00e7onn\u00e9 les paysages.<\/p>\n<p>Apr\u00e8s l&#8217;exposition pr\u00e9sent\u00e9e par la pr\u00e9pa Art du lyc\u00e9e Rosa Parks, la classe option Art du coll\u00e8ge Albert Camus prend le relais le 21 mai 2024 au CEC &#8211; Yerres et Th\u00e9\u00e2tre de la Vall\u00e9e d&#8217;Yerres avec sa version de l&#8217;hommage \u00e0 l&#8217;Impressionnisme !<\/p>\n","protected":false},"excerpt":{"rendered":"<p>Dans le cadre de la programmation li\u00e9e aux 150 ans  [&#8230;]<\/p>\n","protected":false},"author":4,"featured_media":9573,"comment_status":"closed","ping_status":"closed","sticky":false,"template":"","format":"standard","meta":{"_acf_changed":false,"inline_featured_image":false,"_jetpack_memberships_contains_paid_content":false,"footnotes":""},"categories":[81],"slider_une":[],"regions":[132],"coups_coeur":[],"inspiration-type":[],"label":[141],"categories-agenda":[172],"class_list":["post-9574","post","type-post","status-publish","format-standard","has-post-thumbnail","hentry","category-barbizon-yerres","tag-diary","regions-idf-en","label-150-years","categories-agenda-exhibition"],"acf":[],"yoast_head":"<!-- This site is optimized with the Yoast SEO plugin v26.3 - https:\/\/yoast.com\/wordpress\/plugins\/seo\/ -->\n<title>Hommage \u00e0 l&#039;Impressionnisme : Voyage Artistique aux Th\u00e9\u00e2tres du Val d&#039;Yerres - Impressionist adventures<\/title>\n<meta name=\"robots\" content=\"index, follow, max-snippet:-1, max-image-preview:large, max-video-preview:-1\" \/>\n<link rel=\"canonical\" href=\"https:\/\/voyagesimpressionnistes.com\/en\/barbizon-yerres\/hommage-impressionnisme-voyage-artistique-aux-theatres-val-yerres\/\" \/>\n<meta property=\"og:locale\" content=\"en_US\" \/>\n<meta property=\"og:type\" content=\"article\" \/>\n<meta property=\"og:title\" content=\"Hommage \u00e0 l&#039;Impressionnisme : Voyage Artistique aux Th\u00e9\u00e2tres du Val d&#039;Yerres - Impressionist adventures\" \/>\n<meta property=\"og:description\" content=\"Dans le cadre de la programmation li\u00e9e aux 150 ans [...]\" \/>\n<meta property=\"og:url\" content=\"https:\/\/voyagesimpressionnistes.com\/en\/barbizon-yerres\/hommage-impressionnisme-voyage-artistique-aux-theatres-val-yerres\/\" \/>\n<meta property=\"og:site_name\" content=\"Impressionist adventures\" \/>\n<meta property=\"article:publisher\" content=\"https:\/\/www.facebook.com\/LesVoyagesImpressionnistes\/\" \/>\n<meta property=\"article:published_time\" content=\"2024-06-19T08:28:19+00:00\" \/>\n<meta property=\"og:image\" content=\"https:\/\/voyagesimpressionnistes.com\/wp-content\/uploads\/2024\/05\/21779769-diaporama.jpg\" \/>\n\t<meta property=\"og:image:width\" content=\"1000\" \/>\n\t<meta property=\"og:image:height\" content=\"563\" \/>\n\t<meta property=\"og:image:type\" content=\"image\/jpeg\" \/>\n<meta name=\"author\" content=\"Guillaume\" \/>\n<meta name=\"twitter:card\" content=\"summary_large_image\" \/>\n<meta name=\"twitter:label1\" content=\"Written by\" \/>\n\t<meta name=\"twitter:data1\" content=\"Guillaume\" \/>\n\t<meta name=\"twitter:label2\" content=\"Est. reading time\" \/>\n\t<meta name=\"twitter:data2\" content=\"1 minute\" \/>\n<script type=\"application\/ld+json\" class=\"yoast-schema-graph\">{\"@context\":\"https:\/\/schema.org\",\"@graph\":[{\"@type\":[\"Article\",\"BlogPosting\"],\"@id\":\"https:\/\/voyagesimpressionnistes.com\/en\/barbizon-yerres\/hommage-impressionnisme-voyage-artistique-aux-theatres-val-yerres\/#article\",\"isPartOf\":{\"@id\":\"https:\/\/voyagesimpressionnistes.com\/en\/barbizon-yerres\/hommage-impressionnisme-voyage-artistique-aux-theatres-val-yerres\/\"},\"author\":{\"name\":\"Guillaume\",\"@id\":\"https:\/\/voyagesimpressionnistes.com\/en\/#\/schema\/person\/c13fdd62f9c59f08d0f7b60f01be1974\"},\"headline\":\"Hommage \u00e0 l&#8217;Impressionnisme : Voyage Artistique aux Th\u00e9\u00e2tres du Val d&#8217;Yerres\",\"datePublished\":\"2024-06-19T08:28:19+00:00\",\"mainEntityOfPage\":{\"@id\":\"https:\/\/voyagesimpressionnistes.com\/en\/barbizon-yerres\/hommage-impressionnisme-voyage-artistique-aux-theatres-val-yerres\/\"},\"wordCount\":127,\"publisher\":{\"@id\":\"https:\/\/voyagesimpressionnistes.com\/en\/#organization\"},\"image\":{\"@id\":\"https:\/\/voyagesimpressionnistes.com\/en\/barbizon-yerres\/hommage-impressionnisme-voyage-artistique-aux-theatres-val-yerres\/#primaryimage\"},\"thumbnailUrl\":\"https:\/\/voyagesimpressionnistes.com\/wp-content\/uploads\/2024\/05\/21779769-diaporama.jpg\",\"keywords\":[\"Diary\"],\"articleSection\":[\"Barbizon, its surrounds &amp; Yerres\"],\"inLanguage\":\"en-US\"},{\"@type\":\"WebPage\",\"@id\":\"https:\/\/voyagesimpressionnistes.com\/en\/barbizon-yerres\/hommage-impressionnisme-voyage-artistique-aux-theatres-val-yerres\/\",\"url\":\"https:\/\/voyagesimpressionnistes.com\/en\/barbizon-yerres\/hommage-impressionnisme-voyage-artistique-aux-theatres-val-yerres\/\",\"name\":\"Hommage \u00e0 l'Impressionnisme : Voyage Artistique aux Th\u00e9\u00e2tres du Val d'Yerres - Impressionist adventures\",\"isPartOf\":{\"@id\":\"https:\/\/voyagesimpressionnistes.com\/en\/#website\"},\"primaryImageOfPage\":{\"@id\":\"https:\/\/voyagesimpressionnistes.com\/en\/barbizon-yerres\/hommage-impressionnisme-voyage-artistique-aux-theatres-val-yerres\/#primaryimage\"},\"image\":{\"@id\":\"https:\/\/voyagesimpressionnistes.com\/en\/barbizon-yerres\/hommage-impressionnisme-voyage-artistique-aux-theatres-val-yerres\/#primaryimage\"},\"thumbnailUrl\":\"https:\/\/voyagesimpressionnistes.com\/wp-content\/uploads\/2024\/05\/21779769-diaporama.jpg\",\"datePublished\":\"2024-06-19T08:28:19+00:00\",\"breadcrumb\":{\"@id\":\"https:\/\/voyagesimpressionnistes.com\/en\/barbizon-yerres\/hommage-impressionnisme-voyage-artistique-aux-theatres-val-yerres\/#breadcrumb\"},\"inLanguage\":\"en-US\",\"potentialAction\":[{\"@type\":\"ReadAction\",\"target\":[\"https:\/\/voyagesimpressionnistes.com\/en\/barbizon-yerres\/hommage-impressionnisme-voyage-artistique-aux-theatres-val-yerres\/\"]}]},{\"@type\":\"ImageObject\",\"inLanguage\":\"en-US\",\"@id\":\"https:\/\/voyagesimpressionnistes.com\/en\/barbizon-yerres\/hommage-impressionnisme-voyage-artistique-aux-theatres-val-yerres\/#primaryimage\",\"url\":\"https:\/\/voyagesimpressionnistes.com\/wp-content\/uploads\/2024\/05\/21779769-diaporama.jpg\",\"contentUrl\":\"https:\/\/voyagesimpressionnistes.com\/wp-content\/uploads\/2024\/05\/21779769-diaporama.jpg\",\"width\":1000,\"height\":563,\"caption\":\"Hommage \u00e0 l'Impressionnisme : Voyage Artistique aux Th\u00e9\u00e2tres du Val d'Yerres\"},{\"@type\":\"BreadcrumbList\",\"@id\":\"https:\/\/voyagesimpressionnistes.com\/en\/barbizon-yerres\/hommage-impressionnisme-voyage-artistique-aux-theatres-val-yerres\/#breadcrumb\",\"itemListElement\":[{\"@type\":\"ListItem\",\"position\":1,\"name\":\"Barbizon, its surrounds &amp; Yerres\",\"item\":\"https:\/\/voyagesimpressionnistes.com\/en\/barbizon-yerres\/\"},{\"@type\":\"ListItem\",\"position\":2,\"name\":\"Hommage \u00e0 l&rsquo;Impressionnisme : Voyage Artistique aux Th\u00e9\u00e2tres du Val d&rsquo;Yerres\"}]},{\"@type\":\"WebSite\",\"@id\":\"https:\/\/voyagesimpressionnistes.com\/en\/#website\",\"url\":\"https:\/\/voyagesimpressionnistes.com\/en\/\",\"name\":\"Impressionist adventures\",\"description\":\"Inspiring moments\",\"publisher\":{\"@id\":\"https:\/\/voyagesimpressionnistes.com\/en\/#organization\"},\"potentialAction\":[{\"@type\":\"SearchAction\",\"target\":{\"@type\":\"EntryPoint\",\"urlTemplate\":\"https:\/\/voyagesimpressionnistes.com\/en\/?s={search_term_string}\"},\"query-input\":{\"@type\":\"PropertyValueSpecification\",\"valueRequired\":true,\"valueName\":\"search_term_string\"}}],\"inLanguage\":\"en-US\"},{\"@type\":\"Organization\",\"@id\":\"https:\/\/voyagesimpressionnistes.com\/en\/#organization\",\"name\":\"Voyages Impressionnistes\",\"url\":\"https:\/\/voyagesimpressionnistes.com\/en\/\",\"logo\":{\"@type\":\"ImageObject\",\"inLanguage\":\"en-US\",\"@id\":\"https:\/\/voyagesimpressionnistes.com\/en\/#\/schema\/logo\/image\/\",\"url\":\"https:\/\/voyagesimpressionnistes.com\/wp-content\/uploads\/2021\/06\/vi-logo-507x216-1.svg\",\"contentUrl\":\"https:\/\/voyagesimpressionnistes.com\/wp-content\/uploads\/2021\/06\/vi-logo-507x216-1.svg\",\"width\":507,\"height\":216,\"caption\":\"Voyages Impressionnistes\"},\"image\":{\"@id\":\"https:\/\/voyagesimpressionnistes.com\/en\/#\/schema\/logo\/image\/\"},\"sameAs\":[\"https:\/\/www.facebook.com\/LesVoyagesImpressionnistes\/\"]},{\"@type\":\"Person\",\"@id\":\"https:\/\/voyagesimpressionnistes.com\/en\/#\/schema\/person\/c13fdd62f9c59f08d0f7b60f01be1974\",\"name\":\"Guillaume\",\"image\":{\"@type\":\"ImageObject\",\"inLanguage\":\"en-US\",\"@id\":\"https:\/\/voyagesimpressionnistes.com\/en\/#\/schema\/person\/image\/\",\"url\":\"https:\/\/secure.gravatar.com\/avatar\/1717766f87fbffee50cf77a71dc464ea92e70b7bb3ac6c0cf1c99bb9c032de21?s=96&d=mm&r=g\",\"contentUrl\":\"https:\/\/secure.gravatar.com\/avatar\/1717766f87fbffee50cf77a71dc464ea92e70b7bb3ac6c0cf1c99bb9c032de21?s=96&d=mm&r=g\",\"caption\":\"Guillaume\"}}]}<\/script>\n<!-- \/ Yoast SEO plugin. -->","yoast_head_json":{"title":"Hommage \u00e0 l'Impressionnisme : Voyage Artistique aux Th\u00e9\u00e2tres du Val d'Yerres - Impressionist adventures","robots":{"index":"index","follow":"follow","max-snippet":"max-snippet:-1","max-image-preview":"max-image-preview:large","max-video-preview":"max-video-preview:-1"},"canonical":"https:\/\/voyagesimpressionnistes.com\/en\/barbizon-yerres\/hommage-impressionnisme-voyage-artistique-aux-theatres-val-yerres\/","og_locale":"en_US","og_type":"article","og_title":"Hommage \u00e0 l'Impressionnisme : Voyage Artistique aux Th\u00e9\u00e2tres du Val d'Yerres - Impressionist adventures","og_description":"Dans le cadre de la programmation li\u00e9e aux 150 ans [...]","og_url":"https:\/\/voyagesimpressionnistes.com\/en\/barbizon-yerres\/hommage-impressionnisme-voyage-artistique-aux-theatres-val-yerres\/","og_site_name":"Impressionist adventures","article_publisher":"https:\/\/www.facebook.com\/LesVoyagesImpressionnistes\/","article_published_time":"2024-06-19T08:28:19+00:00","og_image":[{"width":1000,"height":563,"url":"https:\/\/voyagesimpressionnistes.com\/wp-content\/uploads\/2024\/05\/21779769-diaporama.jpg","type":"image\/jpeg"}],"author":"Guillaume","twitter_card":"summary_large_image","twitter_misc":{"Written by":"Guillaume","Est. reading time":"1 minute"},"schema":{"@context":"https:\/\/schema.org","@graph":[{"@type":["Article","BlogPosting"],"@id":"https:\/\/voyagesimpressionnistes.com\/en\/barbizon-yerres\/hommage-impressionnisme-voyage-artistique-aux-theatres-val-yerres\/#article","isPartOf":{"@id":"https:\/\/voyagesimpressionnistes.com\/en\/barbizon-yerres\/hommage-impressionnisme-voyage-artistique-aux-theatres-val-yerres\/"},"author":{"name":"Guillaume","@id":"https:\/\/voyagesimpressionnistes.com\/en\/#\/schema\/person\/c13fdd62f9c59f08d0f7b60f01be1974"},"headline":"Hommage \u00e0 l&#8217;Impressionnisme : Voyage Artistique aux Th\u00e9\u00e2tres du Val d&#8217;Yerres","datePublished":"2024-06-19T08:28:19+00:00","mainEntityOfPage":{"@id":"https:\/\/voyagesimpressionnistes.com\/en\/barbizon-yerres\/hommage-impressionnisme-voyage-artistique-aux-theatres-val-yerres\/"},"wordCount":127,"publisher":{"@id":"https:\/\/voyagesimpressionnistes.com\/en\/#organization"},"image":{"@id":"https:\/\/voyagesimpressionnistes.com\/en\/barbizon-yerres\/hommage-impressionnisme-voyage-artistique-aux-theatres-val-yerres\/#primaryimage"},"thumbnailUrl":"https:\/\/voyagesimpressionnistes.com\/wp-content\/uploads\/2024\/05\/21779769-diaporama.jpg","keywords":["Diary"],"articleSection":["Barbizon, its surrounds &amp; Yerres"],"inLanguage":"en-US"},{"@type":"WebPage","@id":"https:\/\/voyagesimpressionnistes.com\/en\/barbizon-yerres\/hommage-impressionnisme-voyage-artistique-aux-theatres-val-yerres\/","url":"https:\/\/voyagesimpressionnistes.com\/en\/barbizon-yerres\/hommage-impressionnisme-voyage-artistique-aux-theatres-val-yerres\/","name":"Hommage \u00e0 l'Impressionnisme : Voyage Artistique aux Th\u00e9\u00e2tres du Val d'Yerres - Impressionist adventures","isPartOf":{"@id":"https:\/\/voyagesimpressionnistes.com\/en\/#website"},"primaryImageOfPage":{"@id":"https:\/\/voyagesimpressionnistes.com\/en\/barbizon-yerres\/hommage-impressionnisme-voyage-artistique-aux-theatres-val-yerres\/#primaryimage"},"image":{"@id":"https:\/\/voyagesimpressionnistes.com\/en\/barbizon-yerres\/hommage-impressionnisme-voyage-artistique-aux-theatres-val-yerres\/#primaryimage"},"thumbnailUrl":"https:\/\/voyagesimpressionnistes.com\/wp-content\/uploads\/2024\/05\/21779769-diaporama.jpg","datePublished":"2024-06-19T08:28:19+00:00","breadcrumb":{"@id":"https:\/\/voyagesimpressionnistes.com\/en\/barbizon-yerres\/hommage-impressionnisme-voyage-artistique-aux-theatres-val-yerres\/#breadcrumb"},"inLanguage":"en-US","potentialAction":[{"@type":"ReadAction","target":["https:\/\/voyagesimpressionnistes.com\/en\/barbizon-yerres\/hommage-impressionnisme-voyage-artistique-aux-theatres-val-yerres\/"]}]},{"@type":"ImageObject","inLanguage":"en-US","@id":"https:\/\/voyagesimpressionnistes.com\/en\/barbizon-yerres\/hommage-impressionnisme-voyage-artistique-aux-theatres-val-yerres\/#primaryimage","url":"https:\/\/voyagesimpressionnistes.com\/wp-content\/uploads\/2024\/05\/21779769-diaporama.jpg","contentUrl":"https:\/\/voyagesimpressionnistes.com\/wp-content\/uploads\/2024\/05\/21779769-diaporama.jpg","width":1000,"height":563,"caption":"Hommage \u00e0 l'Impressionnisme : Voyage Artistique aux Th\u00e9\u00e2tres du Val d'Yerres"},{"@type":"BreadcrumbList","@id":"https:\/\/voyagesimpressionnistes.com\/en\/barbizon-yerres\/hommage-impressionnisme-voyage-artistique-aux-theatres-val-yerres\/#breadcrumb","itemListElement":[{"@type":"ListItem","position":1,"name":"Barbizon, its surrounds &amp; Yerres","item":"https:\/\/voyagesimpressionnistes.com\/en\/barbizon-yerres\/"},{"@type":"ListItem","position":2,"name":"Hommage \u00e0 l&rsquo;Impressionnisme : Voyage Artistique aux Th\u00e9\u00e2tres du Val d&rsquo;Yerres"}]},{"@type":"WebSite","@id":"https:\/\/voyagesimpressionnistes.com\/en\/#website","url":"https:\/\/voyagesimpressionnistes.com\/en\/","name":"Impressionist adventures","description":"Inspiring moments","publisher":{"@id":"https:\/\/voyagesimpressionnistes.com\/en\/#organization"},"potentialAction":[{"@type":"SearchAction","target":{"@type":"EntryPoint","urlTemplate":"https:\/\/voyagesimpressionnistes.com\/en\/?s={search_term_string}"},"query-input":{"@type":"PropertyValueSpecification","valueRequired":true,"valueName":"search_term_string"}}],"inLanguage":"en-US"},{"@type":"Organization","@id":"https:\/\/voyagesimpressionnistes.com\/en\/#organization","name":"Voyages Impressionnistes","url":"https:\/\/voyagesimpressionnistes.com\/en\/","logo":{"@type":"ImageObject","inLanguage":"en-US","@id":"https:\/\/voyagesimpressionnistes.com\/en\/#\/schema\/logo\/image\/","url":"https:\/\/voyagesimpressionnistes.com\/wp-content\/uploads\/2021\/06\/vi-logo-507x216-1.svg","contentUrl":"https:\/\/voyagesimpressionnistes.com\/wp-content\/uploads\/2021\/06\/vi-logo-507x216-1.svg","width":507,"height":216,"caption":"Voyages Impressionnistes"},"image":{"@id":"https:\/\/voyagesimpressionnistes.com\/en\/#\/schema\/logo\/image\/"},"sameAs":["https:\/\/www.facebook.com\/LesVoyagesImpressionnistes\/"]},{"@type":"Person","@id":"https:\/\/voyagesimpressionnistes.com\/en\/#\/schema\/person\/c13fdd62f9c59f08d0f7b60f01be1974","name":"Guillaume","image":{"@type":"ImageObject","inLanguage":"en-US","@id":"https:\/\/voyagesimpressionnistes.com\/en\/#\/schema\/person\/image\/","url":"https:\/\/secure.gravatar.com\/avatar\/1717766f87fbffee50cf77a71dc464ea92e70b7bb3ac6c0cf1c99bb9c032de21?s=96&d=mm&r=g","contentUrl":"https:\/\/secure.gravatar.com\/avatar\/1717766f87fbffee50cf77a71dc464ea92e70b7bb3ac6c0cf1c99bb9c032de21?s=96&d=mm&r=g","caption":"Guillaume"}}]}},"jetpack_featured_media_url":"https:\/\/voyagesimpressionnistes.com\/wp-content\/uploads\/2024\/05\/21779769-diaporama.jpg","jetpack_sharing_enabled":true,"_links":{"self":[{"href":"https:\/\/voyagesimpressionnistes.com\/en\/wp-json\/wp\/v2\/posts\/9574","targetHints":{"allow":["GET"]}}],"collection":[{"href":"https:\/\/voyagesimpressionnistes.com\/en\/wp-json\/wp\/v2\/posts"}],"about":[{"href":"https:\/\/voyagesimpressionnistes.com\/en\/wp-json\/wp\/v2\/types\/post"}],"author":[{"embeddable":true,"href":"https:\/\/voyagesimpressionnistes.com\/en\/wp-json\/wp\/v2\/users\/4"}],"replies":[{"embeddable":true,"href":"https:\/\/voyagesimpressionnistes.com\/en\/wp-json\/wp\/v2\/comments?post=9574"}],"version-history":[{"count":3,"href":"https:\/\/voyagesimpressionnistes.com\/en\/wp-json\/wp\/v2\/posts\/9574\/revisions"}],"predecessor-version":[{"id":11172,"href":"https:\/\/voyagesimpressionnistes.com\/en\/wp-json\/wp\/v2\/posts\/9574\/revisions\/11172"}],"wp:featuredmedia":[{"embeddable":true,"href":"https:\/\/voyagesimpressionnistes.com\/en\/wp-json\/wp\/v2\/media\/9573"}],"wp:attachment":[{"href":"https:\/\/voyagesimpressionnistes.com\/en\/wp-json\/wp\/v2\/media?parent=9574"}],"wp:term":[{"taxonomy":"category","embeddable":true,"href":"https:\/\/voyagesimpressionnistes.com\/en\/wp-json\/wp\/v2\/categories?post=9574"},{"taxonomy":"slider_une","embeddable":true,"href":"https:\/\/voyagesimpressionnistes.com\/en\/wp-json\/wp\/v2\/slider_une?post=9574"},{"taxonomy":"regions","embeddable":true,"href":"https:\/\/voyagesimpressionnistes.com\/en\/wp-json\/wp\/v2\/regions?post=9574"},{"taxonomy":"coups_coeur","embeddable":true,"href":"https:\/\/voyagesimpressionnistes.com\/en\/wp-json\/wp\/v2\/coups_coeur?post=9574"},{"taxonomy":"inspiration-type","embeddable":true,"href":"https:\/\/voyagesimpressionnistes.com\/en\/wp-json\/wp\/v2\/inspiration-type?post=9574"},{"taxonomy":"label","embeddable":true,"href":"https:\/\/voyagesimpressionnistes.com\/en\/wp-json\/wp\/v2\/label?post=9574"},{"taxonomy":"categories-agenda","embeddable":true,"href":"https:\/\/voyagesimpressionnistes.com\/en\/wp-json\/wp\/v2\/categories-agenda?post=9574"}],"curies":[{"name":"wp","href":"https:\/\/api.w.org\/{rel}","templated":true}]}}