{"id":9771,"date":"2024-05-14T13:04:22","date_gmt":"2024-05-14T11:04:22","guid":{"rendered":"https:\/\/voyagesimpressionnistes.com\/?p=9771"},"modified":"2025-07-09T16:05:18","modified_gmt":"2025-07-09T14:05:18","slug":"balade-sur-le-chemin-des-impressionnistes-au-pecq","status":"publish","type":"post","link":"https:\/\/voyagesimpressionnistes.com\/en\/banks-seine\/balade-sur-le-chemin-des-impressionnistes-au-pecq\/","title":{"rendered":"Balade sur le chemin des Impressionnistes au Pecq"},"content":{"rendered":"<p>Le 5 juillet 2025 \u00e0 14h30, l\u2019Office de Tourisme Intercommunal Saint Germain Boucles de Seine organise une balade sur le <a href=\"https:\/\/voyagesimpressionnistes.com\/en\/banks-seine\/chemin-des-impressionnistes\/\">Chemin des Impressionnistes<\/a> au d\u00e9part du Pecq. Au fil de la Seine et gr\u00e2ce aux trois reproductions d\u2019\u0153uvres de Maurice Denis, Maurice de Vlaminck et William Turner r\u00e9cemment install\u00e9es par l\u2019Office de Tourisme, cette balade fera le parall\u00e8le entre les \u0153uvres repr\u00e9sent\u00e9es et l\u2019histoire de la ville, qui s\u2019inscrit entre vignobles, activit\u00e9s portuaires et ferroviaires. De la rive gauche \u00e0 la rive droite, profitez d\u2019une promenade culturelle avec une vue imprenable sur la Seine, tout en faisant le lien entre le pass\u00e9 et l&#8217;art !<\/p>\n<p>Au d\u00e9part du parking, Place de la R\u00e9sistance, cette balade sur le Chemin des Impressionnistes au Pecq fait 2 km (niveau facile), et est anim\u00e9e par un guide-conf\u00e9rencier de l&#8217;Office de Tourisme. Elle se termine quai de l&#8217;Orme de Sully.<\/p>\n<div class=\"fusion-button-wrapper\"><a class=\"fusion-button button-flat fusion-button-default-size button-default fusion-button-default button-1 fusion-button-default-span fusion-button-default-type\" target=\"_blank\" rel=\"noopener noreferrer\" href=\"https:\/\/reservation.seine-saintgermain.fr\/chemin-des-impressionnistes-au-pecq.html\"><span class=\"fusion-button-text awb-button__text awb-button__text--default\">R\u00e9servez votre visite sur le site de l&#8217;OIT Saint Germain Boucles de Seine<\/span><\/a><\/div>\n","protected":false},"excerpt":{"rendered":"<p>Le 5 juillet 2025 \u00e0 14h30, l\u2019Office de Tourisme Intercommunal  [&#8230;]<\/p>\n","protected":false},"author":2,"featured_media":14812,"comment_status":"closed","ping_status":"closed","sticky":false,"template":"","format":"standard","meta":{"_acf_changed":false,"inline_featured_image":false,"_jetpack_memberships_contains_paid_content":false,"footnotes":""},"categories":[86],"slider_une":[],"regions":[132],"coups_coeur":[],"inspiration-type":[],"label":[],"categories-agenda":[176],"class_list":["post-9771","post","type-post","status-publish","format-standard","has-post-thumbnail","hentry","category-banks-seine","tag-diary","regions-idf-en","categories-agenda-guided-tour-workshop"],"acf":[],"yoast_head":"<!-- This site is optimized with the Yoast SEO plugin v26.3 - https:\/\/yoast.com\/wordpress\/plugins\/seo\/ -->\n<title>Impressionnistes au Pecq - Impressionist adventures<\/title>\n<meta name=\"description\" content=\"Participez \u00e0 une balade sur le Chemin des Impressionnistes au Pecq anim\u00e9e par un guide conf\u00e9rencier de l&#039;OT Saint Germain Boucles de Seine.\" \/>\n<meta name=\"robots\" content=\"index, follow, max-snippet:-1, max-image-preview:large, max-video-preview:-1\" \/>\n<link rel=\"canonical\" href=\"https:\/\/voyagesimpressionnistes.com\/en\/banks-seine\/balade-sur-le-chemin-des-impressionnistes-au-pecq\/\" \/>\n<meta property=\"og:locale\" content=\"en_US\" \/>\n<meta property=\"og:type\" content=\"article\" \/>\n<meta property=\"og:title\" content=\"Impressionnistes au Pecq - Impressionist adventures\" \/>\n<meta property=\"og:description\" content=\"Participez \u00e0 une balade sur le Chemin des Impressionnistes au Pecq anim\u00e9e par un guide conf\u00e9rencier de l&#039;OT Saint Germain Boucles de Seine.\" \/>\n<meta property=\"og:url\" content=\"https:\/\/voyagesimpressionnistes.com\/en\/banks-seine\/balade-sur-le-chemin-des-impressionnistes-au-pecq\/\" \/>\n<meta property=\"og:site_name\" content=\"Impressionist adventures\" \/>\n<meta property=\"article:publisher\" content=\"https:\/\/www.facebook.com\/LesVoyagesImpressionnistes\/\" \/>\n<meta property=\"article:published_time\" content=\"2024-05-14T11:04:22+00:00\" \/>\n<meta property=\"article:modified_time\" content=\"2025-07-09T14:05:18+00:00\" \/>\n<meta property=\"og:image\" content=\"https:\/\/voyagesimpressionnistes.com\/wp-content\/uploads\/2025\/06\/30110657-diaporama.jpg\" \/>\n\t<meta property=\"og:image:width\" content=\"450\" \/>\n\t<meta property=\"og:image:height\" content=\"600\" \/>\n\t<meta property=\"og:image:type\" content=\"image\/jpeg\" \/>\n<meta name=\"author\" content=\"Phane\" \/>\n<meta name=\"twitter:card\" content=\"summary_large_image\" \/>\n<meta name=\"twitter:label1\" content=\"Written by\" \/>\n\t<meta name=\"twitter:data1\" content=\"Phane\" \/>\n\t<meta name=\"twitter:label2\" content=\"Est. reading time\" \/>\n\t<meta name=\"twitter:data2\" content=\"2 minutes\" \/>\n<script type=\"application\/ld+json\" class=\"yoast-schema-graph\">{\"@context\":\"https:\/\/schema.org\",\"@graph\":[{\"@type\":[\"Article\",\"BlogPosting\"],\"@id\":\"https:\/\/voyagesimpressionnistes.com\/en\/banks-seine\/balade-sur-le-chemin-des-impressionnistes-au-pecq\/#article\",\"isPartOf\":{\"@id\":\"https:\/\/voyagesimpressionnistes.com\/en\/banks-seine\/balade-sur-le-chemin-des-impressionnistes-au-pecq\/\"},\"author\":{\"name\":\"Phane\",\"@id\":\"https:\/\/voyagesimpressionnistes.com\/en\/#\/schema\/person\/78c37c19aa7ae1bd6f4902f296c80e5f\"},\"headline\":\"Balade sur le chemin des Impressionnistes au Pecq\",\"datePublished\":\"2024-05-14T11:04:22+00:00\",\"dateModified\":\"2025-07-09T14:05:18+00:00\",\"mainEntityOfPage\":{\"@id\":\"https:\/\/voyagesimpressionnistes.com\/en\/banks-seine\/balade-sur-le-chemin-des-impressionnistes-au-pecq\/\"},\"wordCount\":346,\"publisher\":{\"@id\":\"https:\/\/voyagesimpressionnistes.com\/en\/#organization\"},\"image\":{\"@id\":\"https:\/\/voyagesimpressionnistes.com\/en\/banks-seine\/balade-sur-le-chemin-des-impressionnistes-au-pecq\/#primaryimage\"},\"thumbnailUrl\":\"https:\/\/voyagesimpressionnistes.com\/wp-content\/uploads\/2025\/06\/30110657-diaporama.jpg\",\"keywords\":[\"Diary\"],\"articleSection\":[\"Along the Banks of the Seine\"],\"inLanguage\":\"en-US\"},{\"@type\":\"WebPage\",\"@id\":\"https:\/\/voyagesimpressionnistes.com\/en\/banks-seine\/balade-sur-le-chemin-des-impressionnistes-au-pecq\/\",\"url\":\"https:\/\/voyagesimpressionnistes.com\/en\/banks-seine\/balade-sur-le-chemin-des-impressionnistes-au-pecq\/\",\"name\":\"Impressionnistes au Pecq - Impressionist adventures\",\"isPartOf\":{\"@id\":\"https:\/\/voyagesimpressionnistes.com\/en\/#website\"},\"primaryImageOfPage\":{\"@id\":\"https:\/\/voyagesimpressionnistes.com\/en\/banks-seine\/balade-sur-le-chemin-des-impressionnistes-au-pecq\/#primaryimage\"},\"image\":{\"@id\":\"https:\/\/voyagesimpressionnistes.com\/en\/banks-seine\/balade-sur-le-chemin-des-impressionnistes-au-pecq\/#primaryimage\"},\"thumbnailUrl\":\"https:\/\/voyagesimpressionnistes.com\/wp-content\/uploads\/2025\/06\/30110657-diaporama.jpg\",\"datePublished\":\"2024-05-14T11:04:22+00:00\",\"dateModified\":\"2025-07-09T14:05:18+00:00\",\"description\":\"Participez \u00e0 une balade sur le Chemin des Impressionnistes au Pecq anim\u00e9e par un guide conf\u00e9rencier de l'OT Saint Germain Boucles de Seine.\",\"breadcrumb\":{\"@id\":\"https:\/\/voyagesimpressionnistes.com\/en\/banks-seine\/balade-sur-le-chemin-des-impressionnistes-au-pecq\/#breadcrumb\"},\"inLanguage\":\"en-US\",\"potentialAction\":[{\"@type\":\"ReadAction\",\"target\":[\"https:\/\/voyagesimpressionnistes.com\/en\/banks-seine\/balade-sur-le-chemin-des-impressionnistes-au-pecq\/\"]}]},{\"@type\":\"ImageObject\",\"inLanguage\":\"en-US\",\"@id\":\"https:\/\/voyagesimpressionnistes.com\/en\/banks-seine\/balade-sur-le-chemin-des-impressionnistes-au-pecq\/#primaryimage\",\"url\":\"https:\/\/voyagesimpressionnistes.com\/wp-content\/uploads\/2025\/06\/30110657-diaporama.jpg\",\"contentUrl\":\"https:\/\/voyagesimpressionnistes.com\/wp-content\/uploads\/2025\/06\/30110657-diaporama.jpg\",\"width\":450,\"height\":600,\"caption\":\"Chemin des Impressionnistes au Pecq\"},{\"@type\":\"BreadcrumbList\",\"@id\":\"https:\/\/voyagesimpressionnistes.com\/en\/banks-seine\/balade-sur-le-chemin-des-impressionnistes-au-pecq\/#breadcrumb\",\"itemListElement\":[{\"@type\":\"ListItem\",\"position\":1,\"name\":\"Along the Banks of the Seine\",\"item\":\"https:\/\/voyagesimpressionnistes.com\/en\/banks-seine\/\"},{\"@type\":\"ListItem\",\"position\":2,\"name\":\"Balade sur le chemin des Impressionnistes au Pecq\"}]},{\"@type\":\"WebSite\",\"@id\":\"https:\/\/voyagesimpressionnistes.com\/en\/#website\",\"url\":\"https:\/\/voyagesimpressionnistes.com\/en\/\",\"name\":\"Impressionist adventures\",\"description\":\"Inspiring moments\",\"publisher\":{\"@id\":\"https:\/\/voyagesimpressionnistes.com\/en\/#organization\"},\"potentialAction\":[{\"@type\":\"SearchAction\",\"target\":{\"@type\":\"EntryPoint\",\"urlTemplate\":\"https:\/\/voyagesimpressionnistes.com\/en\/?s={search_term_string}\"},\"query-input\":{\"@type\":\"PropertyValueSpecification\",\"valueRequired\":true,\"valueName\":\"search_term_string\"}}],\"inLanguage\":\"en-US\"},{\"@type\":\"Organization\",\"@id\":\"https:\/\/voyagesimpressionnistes.com\/en\/#organization\",\"name\":\"Voyages Impressionnistes\",\"url\":\"https:\/\/voyagesimpressionnistes.com\/en\/\",\"logo\":{\"@type\":\"ImageObject\",\"inLanguage\":\"en-US\",\"@id\":\"https:\/\/voyagesimpressionnistes.com\/en\/#\/schema\/logo\/image\/\",\"url\":\"https:\/\/voyagesimpressionnistes.com\/wp-content\/uploads\/2021\/06\/vi-logo-507x216-1.svg\",\"contentUrl\":\"https:\/\/voyagesimpressionnistes.com\/wp-content\/uploads\/2021\/06\/vi-logo-507x216-1.svg\",\"width\":507,\"height\":216,\"caption\":\"Voyages Impressionnistes\"},\"image\":{\"@id\":\"https:\/\/voyagesimpressionnistes.com\/en\/#\/schema\/logo\/image\/\"},\"sameAs\":[\"https:\/\/www.facebook.com\/LesVoyagesImpressionnistes\/\"]},{\"@type\":\"Person\",\"@id\":\"https:\/\/voyagesimpressionnistes.com\/en\/#\/schema\/person\/78c37c19aa7ae1bd6f4902f296c80e5f\",\"name\":\"Phane\",\"image\":{\"@type\":\"ImageObject\",\"inLanguage\":\"en-US\",\"@id\":\"https:\/\/voyagesimpressionnistes.com\/en\/#\/schema\/person\/image\/\",\"url\":\"https:\/\/secure.gravatar.com\/avatar\/ea705fa375f21b62a2facac16bc19ee8d664629e3399a374a188d355bc5d00b9?s=96&d=mm&r=g\",\"contentUrl\":\"https:\/\/secure.gravatar.com\/avatar\/ea705fa375f21b62a2facac16bc19ee8d664629e3399a374a188d355bc5d00b9?s=96&d=mm&r=g\",\"caption\":\"Phane\"}}]}<\/script>\n<!-- \/ Yoast SEO plugin. -->","yoast_head_json":{"title":"Impressionnistes au Pecq - Impressionist adventures","description":"Participez \u00e0 une balade sur le Chemin des Impressionnistes au Pecq anim\u00e9e par un guide conf\u00e9rencier de l'OT Saint Germain Boucles de Seine.","robots":{"index":"index","follow":"follow","max-snippet":"max-snippet:-1","max-image-preview":"max-image-preview:large","max-video-preview":"max-video-preview:-1"},"canonical":"https:\/\/voyagesimpressionnistes.com\/en\/banks-seine\/balade-sur-le-chemin-des-impressionnistes-au-pecq\/","og_locale":"en_US","og_type":"article","og_title":"Impressionnistes au Pecq - Impressionist adventures","og_description":"Participez \u00e0 une balade sur le Chemin des Impressionnistes au Pecq anim\u00e9e par un guide conf\u00e9rencier de l'OT Saint Germain Boucles de Seine.","og_url":"https:\/\/voyagesimpressionnistes.com\/en\/banks-seine\/balade-sur-le-chemin-des-impressionnistes-au-pecq\/","og_site_name":"Impressionist adventures","article_publisher":"https:\/\/www.facebook.com\/LesVoyagesImpressionnistes\/","article_published_time":"2024-05-14T11:04:22+00:00","article_modified_time":"2025-07-09T14:05:18+00:00","og_image":[{"width":450,"height":600,"url":"https:\/\/voyagesimpressionnistes.com\/wp-content\/uploads\/2025\/06\/30110657-diaporama.jpg","type":"image\/jpeg"}],"author":"Phane","twitter_card":"summary_large_image","twitter_misc":{"Written by":"Phane","Est. reading time":"2 minutes"},"schema":{"@context":"https:\/\/schema.org","@graph":[{"@type":["Article","BlogPosting"],"@id":"https:\/\/voyagesimpressionnistes.com\/en\/banks-seine\/balade-sur-le-chemin-des-impressionnistes-au-pecq\/#article","isPartOf":{"@id":"https:\/\/voyagesimpressionnistes.com\/en\/banks-seine\/balade-sur-le-chemin-des-impressionnistes-au-pecq\/"},"author":{"name":"Phane","@id":"https:\/\/voyagesimpressionnistes.com\/en\/#\/schema\/person\/78c37c19aa7ae1bd6f4902f296c80e5f"},"headline":"Balade sur le chemin des Impressionnistes au Pecq","datePublished":"2024-05-14T11:04:22+00:00","dateModified":"2025-07-09T14:05:18+00:00","mainEntityOfPage":{"@id":"https:\/\/voyagesimpressionnistes.com\/en\/banks-seine\/balade-sur-le-chemin-des-impressionnistes-au-pecq\/"},"wordCount":346,"publisher":{"@id":"https:\/\/voyagesimpressionnistes.com\/en\/#organization"},"image":{"@id":"https:\/\/voyagesimpressionnistes.com\/en\/banks-seine\/balade-sur-le-chemin-des-impressionnistes-au-pecq\/#primaryimage"},"thumbnailUrl":"https:\/\/voyagesimpressionnistes.com\/wp-content\/uploads\/2025\/06\/30110657-diaporama.jpg","keywords":["Diary"],"articleSection":["Along the Banks of the Seine"],"inLanguage":"en-US"},{"@type":"WebPage","@id":"https:\/\/voyagesimpressionnistes.com\/en\/banks-seine\/balade-sur-le-chemin-des-impressionnistes-au-pecq\/","url":"https:\/\/voyagesimpressionnistes.com\/en\/banks-seine\/balade-sur-le-chemin-des-impressionnistes-au-pecq\/","name":"Impressionnistes au Pecq - Impressionist adventures","isPartOf":{"@id":"https:\/\/voyagesimpressionnistes.com\/en\/#website"},"primaryImageOfPage":{"@id":"https:\/\/voyagesimpressionnistes.com\/en\/banks-seine\/balade-sur-le-chemin-des-impressionnistes-au-pecq\/#primaryimage"},"image":{"@id":"https:\/\/voyagesimpressionnistes.com\/en\/banks-seine\/balade-sur-le-chemin-des-impressionnistes-au-pecq\/#primaryimage"},"thumbnailUrl":"https:\/\/voyagesimpressionnistes.com\/wp-content\/uploads\/2025\/06\/30110657-diaporama.jpg","datePublished":"2024-05-14T11:04:22+00:00","dateModified":"2025-07-09T14:05:18+00:00","description":"Participez \u00e0 une balade sur le Chemin des Impressionnistes au Pecq anim\u00e9e par un guide conf\u00e9rencier de l'OT Saint Germain Boucles de Seine.","breadcrumb":{"@id":"https:\/\/voyagesimpressionnistes.com\/en\/banks-seine\/balade-sur-le-chemin-des-impressionnistes-au-pecq\/#breadcrumb"},"inLanguage":"en-US","potentialAction":[{"@type":"ReadAction","target":["https:\/\/voyagesimpressionnistes.com\/en\/banks-seine\/balade-sur-le-chemin-des-impressionnistes-au-pecq\/"]}]},{"@type":"ImageObject","inLanguage":"en-US","@id":"https:\/\/voyagesimpressionnistes.com\/en\/banks-seine\/balade-sur-le-chemin-des-impressionnistes-au-pecq\/#primaryimage","url":"https:\/\/voyagesimpressionnistes.com\/wp-content\/uploads\/2025\/06\/30110657-diaporama.jpg","contentUrl":"https:\/\/voyagesimpressionnistes.com\/wp-content\/uploads\/2025\/06\/30110657-diaporama.jpg","width":450,"height":600,"caption":"Chemin des Impressionnistes au Pecq"},{"@type":"BreadcrumbList","@id":"https:\/\/voyagesimpressionnistes.com\/en\/banks-seine\/balade-sur-le-chemin-des-impressionnistes-au-pecq\/#breadcrumb","itemListElement":[{"@type":"ListItem","position":1,"name":"Along the Banks of the Seine","item":"https:\/\/voyagesimpressionnistes.com\/en\/banks-seine\/"},{"@type":"ListItem","position":2,"name":"Balade sur le chemin des Impressionnistes au Pecq"}]},{"@type":"WebSite","@id":"https:\/\/voyagesimpressionnistes.com\/en\/#website","url":"https:\/\/voyagesimpressionnistes.com\/en\/","name":"Impressionist adventures","description":"Inspiring moments","publisher":{"@id":"https:\/\/voyagesimpressionnistes.com\/en\/#organization"},"potentialAction":[{"@type":"SearchAction","target":{"@type":"EntryPoint","urlTemplate":"https:\/\/voyagesimpressionnistes.com\/en\/?s={search_term_string}"},"query-input":{"@type":"PropertyValueSpecification","valueRequired":true,"valueName":"search_term_string"}}],"inLanguage":"en-US"},{"@type":"Organization","@id":"https:\/\/voyagesimpressionnistes.com\/en\/#organization","name":"Voyages Impressionnistes","url":"https:\/\/voyagesimpressionnistes.com\/en\/","logo":{"@type":"ImageObject","inLanguage":"en-US","@id":"https:\/\/voyagesimpressionnistes.com\/en\/#\/schema\/logo\/image\/","url":"https:\/\/voyagesimpressionnistes.com\/wp-content\/uploads\/2021\/06\/vi-logo-507x216-1.svg","contentUrl":"https:\/\/voyagesimpressionnistes.com\/wp-content\/uploads\/2021\/06\/vi-logo-507x216-1.svg","width":507,"height":216,"caption":"Voyages Impressionnistes"},"image":{"@id":"https:\/\/voyagesimpressionnistes.com\/en\/#\/schema\/logo\/image\/"},"sameAs":["https:\/\/www.facebook.com\/LesVoyagesImpressionnistes\/"]},{"@type":"Person","@id":"https:\/\/voyagesimpressionnistes.com\/en\/#\/schema\/person\/78c37c19aa7ae1bd6f4902f296c80e5f","name":"Phane","image":{"@type":"ImageObject","inLanguage":"en-US","@id":"https:\/\/voyagesimpressionnistes.com\/en\/#\/schema\/person\/image\/","url":"https:\/\/secure.gravatar.com\/avatar\/ea705fa375f21b62a2facac16bc19ee8d664629e3399a374a188d355bc5d00b9?s=96&d=mm&r=g","contentUrl":"https:\/\/secure.gravatar.com\/avatar\/ea705fa375f21b62a2facac16bc19ee8d664629e3399a374a188d355bc5d00b9?s=96&d=mm&r=g","caption":"Phane"}}]}},"jetpack_featured_media_url":"https:\/\/voyagesimpressionnistes.com\/wp-content\/uploads\/2025\/06\/30110657-diaporama.jpg","jetpack_sharing_enabled":true,"_links":{"self":[{"href":"https:\/\/voyagesimpressionnistes.com\/en\/wp-json\/wp\/v2\/posts\/9771","targetHints":{"allow":["GET"]}}],"collection":[{"href":"https:\/\/voyagesimpressionnistes.com\/en\/wp-json\/wp\/v2\/posts"}],"about":[{"href":"https:\/\/voyagesimpressionnistes.com\/en\/wp-json\/wp\/v2\/types\/post"}],"author":[{"embeddable":true,"href":"https:\/\/voyagesimpressionnistes.com\/en\/wp-json\/wp\/v2\/users\/2"}],"replies":[{"embeddable":true,"href":"https:\/\/voyagesimpressionnistes.com\/en\/wp-json\/wp\/v2\/comments?post=9771"}],"version-history":[{"count":6,"href":"https:\/\/voyagesimpressionnistes.com\/en\/wp-json\/wp\/v2\/posts\/9771\/revisions"}],"predecessor-version":[{"id":14985,"href":"https:\/\/voyagesimpressionnistes.com\/en\/wp-json\/wp\/v2\/posts\/9771\/revisions\/14985"}],"wp:featuredmedia":[{"embeddable":true,"href":"https:\/\/voyagesimpressionnistes.com\/en\/wp-json\/wp\/v2\/media\/14812"}],"wp:attachment":[{"href":"https:\/\/voyagesimpressionnistes.com\/en\/wp-json\/wp\/v2\/media?parent=9771"}],"wp:term":[{"taxonomy":"category","embeddable":true,"href":"https:\/\/voyagesimpressionnistes.com\/en\/wp-json\/wp\/v2\/categories?post=9771"},{"taxonomy":"slider_une","embeddable":true,"href":"https:\/\/voyagesimpressionnistes.com\/en\/wp-json\/wp\/v2\/slider_une?post=9771"},{"taxonomy":"regions","embeddable":true,"href":"https:\/\/voyagesimpressionnistes.com\/en\/wp-json\/wp\/v2\/regions?post=9771"},{"taxonomy":"coups_coeur","embeddable":true,"href":"https:\/\/voyagesimpressionnistes.com\/en\/wp-json\/wp\/v2\/coups_coeur?post=9771"},{"taxonomy":"inspiration-type","embeddable":true,"href":"https:\/\/voyagesimpressionnistes.com\/en\/wp-json\/wp\/v2\/inspiration-type?post=9771"},{"taxonomy":"label","embeddable":true,"href":"https:\/\/voyagesimpressionnistes.com\/en\/wp-json\/wp\/v2\/label?post=9771"},{"taxonomy":"categories-agenda","embeddable":true,"href":"https:\/\/voyagesimpressionnistes.com\/en\/wp-json\/wp\/v2\/categories-agenda?post=9771"}],"curies":[{"name":"wp","href":"https:\/\/api.w.org\/{rel}","templated":true}]}}